{"id":6046,"date":"2025-12-18T10:18:00","date_gmt":"2025-12-18T13:18:00","guid":{"rendered":"http:\/\/adfformosa.com.ar\/?p=6046"},"modified":"2026-03-05T18:56:05","modified_gmt":"2026-03-05T21:56:05","slug":"ciclo-lectivo-2026-formosa-ya-tiene-calendario-escolar-confirmado","status":"publish","type":"post","link":"https:\/\/adfformosa.com.ar\/?p=6046","title":{"rendered":"Ciclo Lectivo 2026: Formosa ya tiene calendario escolar confirmado"},"content":{"rendered":"<div id=\"s-share-buttons\" class=\"horizontal-w-c-r-border s-share-w-c\"><a href=\"http:\/\/www.facebook.com\/sharer.php?u=https:\/\/adfformosa.com.ar\/?p=6046\" target=\"_blank\" title=\"Share to Facebook\" class=\"s3-facebook hint--top\"><\/a><a href=\"http:\/\/twitter.com\/intent\/tweet?text=Ciclo Lectivo 2026: Formosa ya tiene calendario escolar confirmado&url=https:\/\/adfformosa.com.ar\/?p=6046\" target=\"_blank\"  title=\"Share to Twitter\" class=\"s3-twitter hint--top\"><\/a><a href=\"https:\/\/plus.google.com\/share?url=https:\/\/adfformosa.com.ar\/?p=6046\" target=\"_blank\"  title=\"Share to Google Plus\" class=\"s3-google-plus hint--top\"><\/a><a href=\"http:\/\/www.digg.com\/submit?url=https:\/\/adfformosa.com.ar\/?p=6046\" target=\"_blank\"  title=\"Share to Digg\" class=\"s3-digg hint--top\"><\/a><a href=\"http:\/\/www.tumblr.com\/share\/link?url=https%3A%2F%2Fadfformosa.com.ar%2F%3Fp%3D6046&name=Ciclo+Lectivo+2026%3A+Formosa+ya+tiene+calendario+escolar+confirmado\" target=\"_blank\" title=\"Share to Tumblr\" class=\"s3-tumblr hint--top\"><\/a><a href=\"mailto:?Subject=Ciclo%20Lectivo%202026:%20Formosa%20ya%20tiene%20calendario%20escolar%20confirmado&Body=Here%20is%20the%20link%20to%20the%20article:%20https:\/\/adfformosa.com.ar\/?p=6046\" title=\"Email this article\" class=\"s3-email hint--top\"><\/a><\/div>\n<p>A trav\u00e9s de la Resoluci\u00f3n N\u00ba 4439\/25, el Ministerio de Cultura y Educaci\u00f3n defini\u00f3 las fechas clave para todos los niveles. La presentaci\u00f3n del personal docente est\u00e1 prevista para el 18 de febrero, mientras que las clases iniciar\u00e1n el 2 de marzo.<\/p>\n\n\n\n<figure class=\"wp-block-image size-large\"><a href=\"https:\/\/adfformosa.com.ar\/wp-content\/uploads\/2026\/01\/WhatsApp-Image-2026-01-08-at-10.29.22-1.jpeg\"><img loading=\"lazy\" decoding=\"async\" width=\"621\" height=\"1024\" src=\"https:\/\/adfformosa.com.ar\/wp-content\/uploads\/2026\/01\/WhatsApp-Image-2026-01-08-at-10.29.22-1-621x1024.jpeg\" alt=\"\" class=\"wp-image-6047\" srcset=\"https:\/\/adfformosa.com.ar\/wp-content\/uploads\/2026\/01\/WhatsApp-Image-2026-01-08-at-10.29.22-1-621x1024.jpeg 621w, https:\/\/adfformosa.com.ar\/wp-content\/uploads\/2026\/01\/WhatsApp-Image-2026-01-08-at-10.29.22-1-182x300.jpeg 182w, https:\/\/adfformosa.com.ar\/wp-content\/uploads\/2026\/01\/WhatsApp-Image-2026-01-08-at-10.29.22-1-768x1267.jpeg 768w, https:\/\/adfformosa.com.ar\/wp-content\/uploads\/2026\/01\/WhatsApp-Image-2026-01-08-at-10.29.22-1.jpeg 776w\" sizes=\"auto, (max-width: 621px) 100vw, 621px\" \/><\/a><\/figure>\n\n\n\n<p>En el marco de la planificaci\u00f3n estrat\u00e9gica del Sistema Educativo Provincial, el Ministerio de Cultura y Educaci\u00f3n ha oficializado el <strong>Calendario de Actividades Educativas 2026<\/strong>. Este instrumento legal no solo regula la distribuci\u00f3n de las tareas pedag\u00f3gicas y administrativas, sino que garantiza el cumplimiento del tiempo m\u00ednimo de clases para asegurar la calidad educativa en todo el territorio.<\/p>\n\n\n\n<h4 class=\"wp-block-heading\"><strong>Fechas clave para la agenda docente<\/strong><\/h4>\n\n\n\n<p>El inicio del periodo escolar estar\u00e1 marcado por la <strong>presentaci\u00f3n obligatoria de personal de supervisi\u00f3n, directivos y docentes el pr\u00f3ximo 18 de febrero<\/strong>. Esa misma jornada ser\u00e1 trascendental para el escalaf\u00f3n profesional, ya que se realizar\u00e1 la <strong>exhibici\u00f3n de las Listas de Puntaje 2026<\/strong> para todos los niveles (Inicial, Primario, Secundario y Superior) en las Delegaciones Zonales y Juntas respectivas.<\/p>\n\n\n\n<p>Asimismo, se ha confirmado que el periodo extraordinario de <strong>Inscripci\u00f3n a Interinatos y Suplencias 2026<\/strong> se llevar\u00e1 a cabo de manera online. Para los niveles Inicial y Primario, el plazo estipulado ser\u00e1 del <strong>02 al 31 de marzo<\/strong>.<\/p>\n\n\n\n<h4 class=\"wp-block-heading\"><strong>Cronograma del T\u00e9rmino Lectivo<\/strong><\/h4>\n\n\n\n<p>Bajo los lineamientos de la <strong>Resoluci\u00f3n N\u00ba 4439\/25<\/strong>, el desarrollo de las actividades \u00e1ulicas se extender\u00e1 desde el <strong>2 de marzo hasta el 17 de diciembre<\/strong> para la mayor\u00eda de los niveles, quedando el esquema distribuido de la siguiente manera:<\/p>\n\n\n\n<ul class=\"wp-block-list\">\n<li><strong>Nivel Inicial, Primario y Secundario:<\/strong> Del 02\/03 al 17\/12.<\/li>\n\n\n\n<li><strong>Nivel Superior:<\/strong> Del 16\/03 al 05\/12.<\/li>\n\n\n\n<li><strong>Receso Escolar de Invierno:<\/strong> Est\u00e1 previsto del <strong>13 al 24 de julio<\/strong>, seg\u00fan lo establecido por la normativa vigente (Art. 1.1.-Dcto. 572\/85).<\/li>\n<\/ul>\n\n\n\n<p>De esta manera, el <strong>Per\u00edodo Escolar<\/strong> completo, que abarca desde la organizaci\u00f3n previa hasta la finalizaci\u00f3n de tareas administrativas, concluir\u00e1 formalmente el 31 de diciembre de 2026.<\/p>\n\n\n\n<figure class=\"wp-block-image size-large\"><a href=\"https:\/\/adfformosa.com.ar\/wp-content\/uploads\/2026\/01\/WhatsApp-Image-2026-01-08-at-10.29.23.jpeg\"><img loading=\"lazy\" decoding=\"async\" width=\"621\" height=\"1024\" src=\"https:\/\/adfformosa.com.ar\/wp-content\/uploads\/2026\/01\/WhatsApp-Image-2026-01-08-at-10.29.23-621x1024.jpeg\" alt=\"\" class=\"wp-image-6048\" srcset=\"https:\/\/adfformosa.com.ar\/wp-content\/uploads\/2026\/01\/WhatsApp-Image-2026-01-08-at-10.29.23-621x1024.jpeg 621w, https:\/\/adfformosa.com.ar\/wp-content\/uploads\/2026\/01\/WhatsApp-Image-2026-01-08-at-10.29.23-182x300.jpeg 182w, https:\/\/adfformosa.com.ar\/wp-content\/uploads\/2026\/01\/WhatsApp-Image-2026-01-08-at-10.29.23-768x1267.jpeg 768w, https:\/\/adfformosa.com.ar\/wp-content\/uploads\/2026\/01\/WhatsApp-Image-2026-01-08-at-10.29.23.jpeg 776w\" sizes=\"auto, (max-width: 621px) 100vw, 621px\" \/><\/a><\/figure>\n\n\n\n<blockquote class=\"wp-block-quote is-layout-flow wp-block-quote-is-layout-flow\">\n<h3 class=\"wp-block-heading\"><strong>Informaci\u00f3n para Docentes y Afiliados<\/strong><\/h3>\n\n\n\n<p>Con el objetivo de que cada trabajador de la educaci\u00f3n pueda organizar su agenda y conocer en detalle la distribuci\u00f3n general de actividades, invitamos a todos los colegas y afiliados al gremio a <strong>descargar el Calendario Escolar 2026 en formato PDF<\/strong>. Contar con este documento es fundamental para seguir de cerca las normativas y los plazos de cada nivel durante este nuevo a\u00f1o de gesti\u00f3n.<\/p>\n<\/blockquote>\n\n\n\n<p><strong>DESCARGAR CALENDARIO ESCOLAR 2026 EN PDF AC\u00c1: <\/strong><\/p>\n\n\n\n<div data-wp-interactive=\"core\/file\" class=\"wp-block-file\"><object data-wp-bind--hidden=\"!state.hasPdfPreview\" hidden class=\"wp-block-file__embed\" data=\"https:\/\/adfformosa.com.ar\/wp-content\/uploads\/2026\/01\/CALENDARIO-ESCOLAR-FORMOSA-2026.pdf\" type=\"application\/pdf\" style=\"width:100%;height:600px\" aria-label=\"Incrustado de CALENDARIO ESCOLAR FORMOSA 2026.\"><\/object><a id=\"wp-block-file--media-12d25f7a-f398-44ec-9c62-332d079389d6\" href=\"https:\/\/adfformosa.com.ar\/wp-content\/uploads\/2026\/01\/CALENDARIO-ESCOLAR-FORMOSA-2026.pdf\">CALENDARIO ESCOLAR FORMOSA 2026<\/a><a href=\"https:\/\/adfformosa.com.ar\/wp-content\/uploads\/2026\/01\/CALENDARIO-ESCOLAR-FORMOSA-2026.pdf\" class=\"wp-block-file__button wp-element-button\" download aria-describedby=\"wp-block-file--media-12d25f7a-f398-44ec-9c62-332d079389d6\">Descarga<\/a><\/div>\n","protected":false},"excerpt":{"rendered":"<p>A trav\u00e9s de la Resoluci\u00f3n N\u00ba 4439\/25, el Ministerio de Cultura y Educaci\u00f3n defini\u00f3 las fechas clave para todos los niveles. La presentaci\u00f3n del personal docente est\u00e1 prevista para el&#8230; <span class=\"meta-more\"><a href=\"https:\/\/adfformosa.com.ar\/?p=6046\">Leer mas &raquo;<\/a><\/span><\/p>\n","protected":false},"author":3,"featured_media":0,"comment_status":"open","ping_status":"closed","sticky":true,"template":"","format":"standard","meta":{"footnotes":""},"categories":[8,69,2],"tags":[72],"class_list":["post-6046","post","type-post","status-publish","format-standard","hentry","category-leyes-y-resoluciones","category-lo-ultimo","category-prensa-adf","tag-calendario-escolar-formosa-2026","even alt"],"_links":{"self":[{"href":"https:\/\/adfformosa.com.ar\/index.php?rest_route=\/wp\/v2\/posts\/6046","targetHints":{"allow":["GET"]}}],"collection":[{"href":"https:\/\/adfformosa.com.ar\/index.php?rest_route=\/wp\/v2\/posts"}],"about":[{"href":"https:\/\/adfformosa.com.ar\/index.php?rest_route=\/wp\/v2\/types\/post"}],"author":[{"embeddable":true,"href":"https:\/\/adfformosa.com.ar\/index.php?rest_route=\/wp\/v2\/users\/3"}],"replies":[{"embeddable":true,"href":"https:\/\/adfformosa.com.ar\/index.php?rest_route=%2Fwp%2Fv2%2Fcomments&post=6046"}],"version-history":[{"count":1,"href":"https:\/\/adfformosa.com.ar\/index.php?rest_route=\/wp\/v2\/posts\/6046\/revisions"}],"predecessor-version":[{"id":6050,"href":"https:\/\/adfformosa.com.ar\/index.php?rest_route=\/wp\/v2\/posts\/6046\/revisions\/6050"}],"wp:attachment":[{"href":"https:\/\/adfformosa.com.ar\/index.php?rest_route=%2Fwp%2Fv2%2Fmedia&parent=6046"}],"wp:term":[{"taxonomy":"category","embeddable":true,"href":"https:\/\/adfformosa.com.ar\/index.php?rest_route=%2Fwp%2Fv2%2Fcategories&post=6046"},{"taxonomy":"post_tag","embeddable":true,"href":"https:\/\/adfformosa.com.ar\/index.php?rest_route=%2Fwp%2Fv2%2Ftags&post=6046"}],"curies":[{"name":"wp","href":"https:\/\/api.w.org\/{rel}","templated":true}]}}