{"id":6000,"date":"2025-10-10T18:07:20","date_gmt":"2025-10-10T21:07:20","guid":{"rendered":"http:\/\/adfformosa.com.ar\/?p=6000"},"modified":"2025-10-22T09:45:00","modified_gmt":"2025-10-22T12:45:00","slug":"adf-se-suma-al-paro-nacional-convocado-por-la-ctera-este-martes-14","status":"publish","type":"post","link":"https:\/\/adfformosa.com.ar\/?p=6000","title":{"rendered":"ADF se suma al paro nacional convocado por la CTERA este martes 14\u00a0"},"content":{"rendered":"<div id=\"s-share-buttons\" class=\"horizontal-w-c-r-border s-share-w-c\"><a href=\"http:\/\/www.facebook.com\/sharer.php?u=https:\/\/adfformosa.com.ar\/?p=6000\" target=\"_blank\" title=\"Share to Facebook\" class=\"s3-facebook hint--top\"><\/a><a href=\"http:\/\/twitter.com\/intent\/tweet?text=ADF se suma al paro nacional convocado por la CTERA este martes 14\u00a0&url=https:\/\/adfformosa.com.ar\/?p=6000\" target=\"_blank\"  title=\"Share to Twitter\" class=\"s3-twitter hint--top\"><\/a><a href=\"https:\/\/plus.google.com\/share?url=https:\/\/adfformosa.com.ar\/?p=6000\" target=\"_blank\"  title=\"Share to Google Plus\" class=\"s3-google-plus hint--top\"><\/a><a href=\"http:\/\/www.digg.com\/submit?url=https:\/\/adfformosa.com.ar\/?p=6000\" target=\"_blank\"  title=\"Share to Digg\" class=\"s3-digg hint--top\"><\/a><a href=\"http:\/\/www.tumblr.com\/share\/link?url=https%3A%2F%2Fadfformosa.com.ar%2F%3Fp%3D6000&name=ADF+se+suma+al+paro+nacional+convocado+por+la+CTERA+este+martes+14%C2%A0\" target=\"_blank\" title=\"Share to Tumblr\" class=\"s3-tumblr hint--top\"><\/a><a href=\"mailto:?Subject=ADF%20se%20suma%20al%20paro%20nacional%20convocado%20por%20la%20CTERA%20este%20martes%2014\u00a0&Body=Here%20is%20the%20link%20to%20the%20article:%20https:\/\/adfformosa.com.ar\/?p=6000\" title=\"Email this article\" class=\"s3-email hint--top\"><\/a><\/div>\n<p>Formosa,10 de octubre de 2025<\/p>\n\n\n\n<p>La Junta Directiva de la ADF ha emitido una en\u00e9rgica convocatoria, instando a la totalidad de los docentes a sumarse activamente a la jornada de protesta de este martes, no asistiendo a las escuelas<\/p>\n\n\n\n<p>El paro se fundamenta en la urgente necesidad de obtener respuestas concretas del Gobierno Nacional ante demandas que la comunidad educativa considera fundamentales para garantizar el futuro de la educaci\u00f3n p\u00fablica en el pa\u00eds.<\/p>\n\n\n\n<p><strong>El coraz\u00f3n del reclamo d<\/strong><strong>ocente: Presupuesto, Fondos y Ley de Financiamiento<\/strong><\/p>\n\n\n\n<p>El n\u00facleo de la protesta docente se articula en torno a tres ejes fundamentales para garantizar la calidad y sostenibilidad del sistema educativo. En primer lugar, un&nbsp;<strong>Mayor Presupuesto para Educaci\u00f3n,<\/strong>exigiendo por una inversi\u00f3n&nbsp;del 8% del PBI&nbsp;que sea verdaderamente acorde con las crecientes necesidades del sistema y que permita afrontar los desaf\u00edos&nbsp;estructurales. Adem\u00e1s<a><\/a>,&nbsp;la&nbsp;<strong>restituci\u00f3n i<\/strong><strong>nmediata del FONID y Conectividad<\/strong>,&nbsp;<strong>pidiendo el pronto regreso del Fondo Nacional de Incentivo Docente y los recursos esenciales que garantizan la conectividad,<\/strong>&nbsp;considerados pilares en la mejora de las condiciones laborales y pedag\u00f3gicas. Finalmente, y como medida que apunta a la estabilidad a&nbsp;largo plazo, los sindicatos docentes impulsamos&nbsp;la sanci\u00f3n de una&nbsp;<strong>Nueva Ley de Financiamiento Educativo<\/strong>, un marco legal indispensable que asegure la provisi\u00f3n de recursos estables y suficientes, blindando as\u00ed la educaci\u00f3n de los vaivenes pol\u00edticos y econ\u00f3micos.<\/p>\n\n\n\n<p>\u00abAcompa\u00f1ar activamente el reclamo es defender la escuela de todos\u00bb, enfatizaron desde el gremio.<\/p>\n\n\n\n<figure class=\"wp-block-gallery has-nested-images columns-default is-cropped wp-block-gallery-1 is-layout-flex wp-block-gallery-is-layout-flex\">\n<figure class=\"wp-block-image size-full\"><a href=\"https:\/\/adfformosa.com.ar\/wp-content\/uploads\/2025\/10\/adf-paro.jpg\"><img loading=\"lazy\" decoding=\"async\" width=\"938\" height=\"802\" data-id=\"6001\" src=\"https:\/\/adfformosa.com.ar\/wp-content\/uploads\/2025\/10\/adf-paro.jpg\" alt=\"\" class=\"wp-image-6001\" srcset=\"https:\/\/adfformosa.com.ar\/wp-content\/uploads\/2025\/10\/adf-paro.jpg 938w, https:\/\/adfformosa.com.ar\/wp-content\/uploads\/2025\/10\/adf-paro-300x257.jpg 300w, https:\/\/adfformosa.com.ar\/wp-content\/uploads\/2025\/10\/adf-paro-768x657.jpg 768w\" sizes=\"auto, (max-width: 938px) 100vw, 938px\" \/><\/a><\/figure>\n<\/figure>\n","protected":false},"excerpt":{"rendered":"<p>Formosa,10 de octubre de 2025 La Junta Directiva de la ADF ha emitido una en\u00e9rgica convocatoria, instando a la totalidad de los docentes a sumarse activamente a la jornada de&#8230; <span class=\"meta-more\"><a href=\"https:\/\/adfformosa.com.ar\/?p=6000\">Leer mas &raquo;<\/a><\/span><\/p>\n","protected":false},"author":3,"featured_media":6002,"comment_status":"open","ping_status":"closed","sticky":true,"template":"","format":"standard","meta":{"footnotes":""},"categories":[2],"tags":[],"class_list":["post-6000","post","type-post","status-publish","format-standard","has-post-thumbnail","hentry","category-prensa-adf","even alt"],"_links":{"self":[{"href":"https:\/\/adfformosa.com.ar\/index.php?rest_route=\/wp\/v2\/posts\/6000","targetHints":{"allow":["GET"]}}],"collection":[{"href":"https:\/\/adfformosa.com.ar\/index.php?rest_route=\/wp\/v2\/posts"}],"about":[{"href":"https:\/\/adfformosa.com.ar\/index.php?rest_route=\/wp\/v2\/types\/post"}],"author":[{"embeddable":true,"href":"https:\/\/adfformosa.com.ar\/index.php?rest_route=\/wp\/v2\/users\/3"}],"replies":[{"embeddable":true,"href":"https:\/\/adfformosa.com.ar\/index.php?rest_route=%2Fwp%2Fv2%2Fcomments&post=6000"}],"version-history":[{"count":1,"href":"https:\/\/adfformosa.com.ar\/index.php?rest_route=\/wp\/v2\/posts\/6000\/revisions"}],"predecessor-version":[{"id":6003,"href":"https:\/\/adfformosa.com.ar\/index.php?rest_route=\/wp\/v2\/posts\/6000\/revisions\/6003"}],"wp:featuredmedia":[{"embeddable":true,"href":"https:\/\/adfformosa.com.ar\/index.php?rest_route=\/wp\/v2\/media\/6002"}],"wp:attachment":[{"href":"https:\/\/adfformosa.com.ar\/index.php?rest_route=%2Fwp%2Fv2%2Fmedia&parent=6000"}],"wp:term":[{"taxonomy":"category","embeddable":true,"href":"https:\/\/adfformosa.com.ar\/index.php?rest_route=%2Fwp%2Fv2%2Fcategories&post=6000"},{"taxonomy":"post_tag","embeddable":true,"href":"https:\/\/adfformosa.com.ar\/index.php?rest_route=%2Fwp%2Fv2%2Ftags&post=6000"}],"curies":[{"name":"wp","href":"https:\/\/api.w.org\/{rel}","templated":true}]}}