{"id":5986,"date":"2025-10-08T12:46:00","date_gmt":"2025-10-08T15:46:00","guid":{"rendered":"http:\/\/adfformosa.com.ar\/?p=5986"},"modified":"2025-10-22T09:44:14","modified_gmt":"2025-10-22T12:44:14","slug":"jornada-nacional-de-lucha-adf-se-movilizo-en-la-plaza-san-martin-exigiendo-al-gobierno-nacional-mayor-presupuesto-educativo-la-restitucion-del-fonid-y-la-convocatoria-a-la-paritaria-nacional-docente","status":"publish","type":"post","link":"https:\/\/adfformosa.com.ar\/?p=5986","title":{"rendered":"Jornada Nacional de Lucha: ADF se moviliz\u00f3 en la Plaza San Mart\u00edn exigiendo al Gobierno Nacional mayor presupuesto educativo, la restituci\u00f3n del FONID y la convocatoria a la Paritaria Nacional Docente"},"content":{"rendered":"<div id=\"s-share-buttons\" class=\"horizontal-w-c-r-border s-share-w-c\"><a href=\"http:\/\/www.facebook.com\/sharer.php?u=https:\/\/adfformosa.com.ar\/?p=5986\" target=\"_blank\" title=\"Share to Facebook\" class=\"s3-facebook hint--top\"><\/a><a href=\"http:\/\/twitter.com\/intent\/tweet?text=Jornada Nacional de Lucha: ADF se moviliz\u00f3 en la Plaza San Mart\u00edn exigiendo al Gobierno Nacional mayor presupuesto educativo, la restituci\u00f3n del FONID y la convocatoria a la Paritaria Nacional Docente&url=https:\/\/adfformosa.com.ar\/?p=5986\" target=\"_blank\"  title=\"Share to Twitter\" class=\"s3-twitter hint--top\"><\/a><a href=\"https:\/\/plus.google.com\/share?url=https:\/\/adfformosa.com.ar\/?p=5986\" target=\"_blank\"  title=\"Share to Google Plus\" class=\"s3-google-plus hint--top\"><\/a><a href=\"http:\/\/www.digg.com\/submit?url=https:\/\/adfformosa.com.ar\/?p=5986\" target=\"_blank\"  title=\"Share to Digg\" class=\"s3-digg hint--top\"><\/a><a href=\"http:\/\/www.tumblr.com\/share\/link?url=https%3A%2F%2Fadfformosa.com.ar%2F%3Fp%3D5986&name=Jornada+Nacional+de+Lucha%3A+ADF+se+moviliz%C3%B3+en+la+Plaza+San+Mart%C3%ADn+exigiendo+al+Gobierno+Nacional+mayor+presupuesto+educativo%2C+la+restituci%C3%B3n+del+FONID+y+la+convocatoria+a+la+Paritaria+Nacional+Docente\" target=\"_blank\" title=\"Share to Tumblr\" class=\"s3-tumblr hint--top\"><\/a><a href=\"mailto:?Subject=Jornada%20Nacional%20de%20Lucha:%20ADF%20se%20moviliz\u00f3%20en%20la%20Plaza%20San%20Mart\u00edn%20exigiendo%20al%20Gobierno%20Nacional%20mayor%20presupuesto%20educativo,%20la%20restituci\u00f3n%20del%20FONID%20y%20la%20convocatoria%20a%20la%20Paritaria%20Nacional%20Docente&Body=Here%20is%20the%20link%20to%20the%20article:%20https:\/\/adfformosa.com.ar\/?p=5986\" title=\"Email this article\" class=\"s3-email hint--top\"><\/a><\/div>\n<p>Formosa, 8 de octubre de 2025<\/p>\n\n\n\n<p>La Agremiaci\u00f3n del Docente Formose\u00f1o (ADF) se sum\u00f3 activamente a la Jornada Nacional de Lucha convocada por la CTERA (Confederaci\u00f3n de Trabajadores de la Educaci\u00f3n de la Rep\u00fablica Argentina).<\/p>\n\n\n\n<p>Bajo el lema \u00abLa Escuela ense\u00f1a y construye esperanza\u00bb, la manifestaci\u00f3n reuni\u00f3 esta tarde a compa\u00f1eros y compa\u00f1eras de las diferentes coordinaciones del interior, docentes de Capital y una significativa adhesi\u00f3n de la comunidad, concentr\u00e1ndose las actividades a partir de las 18 horas en la Plaza San Mart\u00edn, la principal de la ciudad.<\/p>\n\n\n\n<figure class=\"wp-block-gallery has-nested-images columns-default is-cropped wp-block-gallery-1 is-layout-flex wp-block-gallery-is-layout-flex\">\n<figure class=\"wp-block-image size-large\"><a href=\"https:\/\/adfformosa.com.ar\/wp-content\/uploads\/2025\/10\/PORTADA-JORNADA-PLAZA.jpg\"><img loading=\"lazy\" decoding=\"async\" width=\"1024\" height=\"461\" data-id=\"5987\" src=\"https:\/\/adfformosa.com.ar\/wp-content\/uploads\/2025\/10\/PORTADA-JORNADA-PLAZA-1024x461.jpg\" alt=\"\" class=\"wp-image-5987\" srcset=\"https:\/\/adfformosa.com.ar\/wp-content\/uploads\/2025\/10\/PORTADA-JORNADA-PLAZA-1024x461.jpg 1024w, https:\/\/adfformosa.com.ar\/wp-content\/uploads\/2025\/10\/PORTADA-JORNADA-PLAZA-300x135.jpg 300w, https:\/\/adfformosa.com.ar\/wp-content\/uploads\/2025\/10\/PORTADA-JORNADA-PLAZA-768x346.jpg 768w, https:\/\/adfformosa.com.ar\/wp-content\/uploads\/2025\/10\/PORTADA-JORNADA-PLAZA-1536x692.jpg 1536w, https:\/\/adfformosa.com.ar\/wp-content\/uploads\/2025\/10\/PORTADA-JORNADA-PLAZA-2048x922.jpg 2048w\" sizes=\"auto, (max-width: 1024px) 100vw, 1024px\" \/><\/a><\/figure>\n<\/figure>\n\n\n\n<p>En primer lugar, la concentraci\u00f3n sirvi\u00f3 como un espacio visible para reiterar el compromiso inquebrantable de los educadores con sus derechos. En este sentido, los manifestantes fueron claros al se\u00f1alar: \u00abCada vez que nos sacan derechos adquiridos, estaremos en las calles, porque somos conscientes de que la defensa de la Educaci\u00f3n P\u00fablica es una responsabilidad de todos\u00bb.<\/p>\n\n\n\n<p>Adem\u00e1s de la movilizaci\u00f3n, se instal\u00f3 una carpa que tuvo un impacto inmediato en la convocatoria. De esta manera, se logr\u00f3 una importante adhesi\u00f3n con la firma de un petitorio clave: impulsar una Nueva Ley de Financiamiento Educativo que eleve el presupuesto del sector a un ambicioso 8% del PBI.<\/p>\n\n\n\n<p>Finalmente, y como n\u00facleo central de la protesta, la ADF levant\u00f3 su voz para exigir al gobierno nacional respuestas urgentes a demandas fundamentales para el futuro de la educaci\u00f3n en el pa\u00eds. Por lo tanto, el petitorio incluye puntos no negociables que buscan garantizar las condiciones dignas para la ense\u00f1anza y el aprendizaje.<\/p>\n\n\n\n<p>Las principales exigencias son:<\/p>\n\n\n\n<p>1) Mayor presupuesto para educaci\u00f3n.<\/p>\n\n\n\n<p>2)Restituci\u00f3n inmediata del Fondo Nacional de Incentivo Docente (FONID) y de Conectividad.<\/p>\n\n\n\n<p>3)Aprobaci\u00f3n de una Nueva Ley de Financiamiento Educativo.<\/p>\n\n\n\n<p>4)Convocatoria urgente a la Paritaria Nacional Docente.<\/p>\n\n\n\n<p>Avanzando en la estrategia de lucha, y ante la falta de respuestas a las demandas, se adelant\u00f3 que el sector docente se prepara para un pr\u00f3ximo Paro Nacional.<\/p>\n\n\n\n<p>Por su parte, la Agremiaci\u00f3n del Docente Formose\u00f1o (ADF) estar\u00e1 convocando a la brevedad a una Conferencia de Prensa para detallar los alcances de la medida de fuerza y seguir informando a la comunidad educativa y a la ciudadan\u00eda sobre los pasos a seguir.<\/p>\n\n\n\n<figure class=\"wp-block-gallery has-nested-images columns-default is-cropped wp-block-gallery-2 is-layout-flex wp-block-gallery-is-layout-flex\">\n<figure class=\"wp-block-image size-large\"><a href=\"https:\/\/adfformosa.com.ar\/wp-content\/uploads\/2025\/10\/6-.jpg\"><img loading=\"lazy\" decoding=\"async\" width=\"461\" height=\"1024\" data-id=\"5988\" src=\"https:\/\/adfformosa.com.ar\/wp-content\/uploads\/2025\/10\/6--461x1024.jpg\" alt=\"\" class=\"wp-image-5988\" srcset=\"https:\/\/adfformosa.com.ar\/wp-content\/uploads\/2025\/10\/6--461x1024.jpg 461w, https:\/\/adfformosa.com.ar\/wp-content\/uploads\/2025\/10\/6--135x300.jpg 135w, https:\/\/adfformosa.com.ar\/wp-content\/uploads\/2025\/10\/6--768x1707.jpg 768w, https:\/\/adfformosa.com.ar\/wp-content\/uploads\/2025\/10\/6--691x1536.jpg 691w, https:\/\/adfformosa.com.ar\/wp-content\/uploads\/2025\/10\/6--921x2048.jpg 921w, https:\/\/adfformosa.com.ar\/wp-content\/uploads\/2025\/10\/6-.jpg 1040w\" sizes=\"auto, (max-width: 461px) 100vw, 461px\" \/><\/a><\/figure>\n<\/figure>\n\n\n\n<figure class=\"wp-block-gallery has-nested-images columns-default is-cropped wp-block-gallery-3 is-layout-flex wp-block-gallery-is-layout-flex\">\n<figure class=\"wp-block-image size-large\"><a href=\"https:\/\/adfformosa.com.ar\/wp-content\/uploads\/2025\/10\/1.jpg\"><img loading=\"lazy\" decoding=\"async\" width=\"461\" height=\"1024\" data-id=\"5989\" src=\"https:\/\/adfformosa.com.ar\/wp-content\/uploads\/2025\/10\/1-461x1024.jpg\" alt=\"\" class=\"wp-image-5989\" srcset=\"https:\/\/adfformosa.com.ar\/wp-content\/uploads\/2025\/10\/1-461x1024.jpg 461w, https:\/\/adfformosa.com.ar\/wp-content\/uploads\/2025\/10\/1-135x300.jpg 135w, https:\/\/adfformosa.com.ar\/wp-content\/uploads\/2025\/10\/1-768x1707.jpg 768w, https:\/\/adfformosa.com.ar\/wp-content\/uploads\/2025\/10\/1-691x1536.jpg 691w, https:\/\/adfformosa.com.ar\/wp-content\/uploads\/2025\/10\/1-921x2048.jpg 921w, https:\/\/adfformosa.com.ar\/wp-content\/uploads\/2025\/10\/1.jpg 1040w\" sizes=\"auto, (max-width: 461px) 100vw, 461px\" \/><\/a><\/figure>\n<\/figure>\n\n\n\n<figure class=\"wp-block-gallery has-nested-images columns-default is-cropped wp-block-gallery-4 is-layout-flex wp-block-gallery-is-layout-flex\">\n<figure class=\"wp-block-image size-large\"><a href=\"https:\/\/adfformosa.com.ar\/wp-content\/uploads\/2025\/10\/5-.jpg\"><img loading=\"lazy\" decoding=\"async\" width=\"461\" height=\"1024\" data-id=\"5990\" src=\"https:\/\/adfformosa.com.ar\/wp-content\/uploads\/2025\/10\/5--461x1024.jpg\" alt=\"\" class=\"wp-image-5990\" srcset=\"https:\/\/adfformosa.com.ar\/wp-content\/uploads\/2025\/10\/5--461x1024.jpg 461w, https:\/\/adfformosa.com.ar\/wp-content\/uploads\/2025\/10\/5--135x300.jpg 135w, https:\/\/adfformosa.com.ar\/wp-content\/uploads\/2025\/10\/5--768x1707.jpg 768w, https:\/\/adfformosa.com.ar\/wp-content\/uploads\/2025\/10\/5--691x1536.jpg 691w, https:\/\/adfformosa.com.ar\/wp-content\/uploads\/2025\/10\/5--921x2048.jpg 921w, https:\/\/adfformosa.com.ar\/wp-content\/uploads\/2025\/10\/5-.jpg 1040w\" sizes=\"auto, (max-width: 461px) 100vw, 461px\" \/><\/a><\/figure>\n<\/figure>\n\n\n\n<figure class=\"wp-block-gallery has-nested-images columns-default is-cropped wp-block-gallery-5 is-layout-flex wp-block-gallery-is-layout-flex\">\n<figure class=\"wp-block-image size-large\"><a href=\"https:\/\/adfformosa.com.ar\/wp-content\/uploads\/2025\/10\/2.jpg\"><img loading=\"lazy\" decoding=\"async\" width=\"461\" height=\"1024\" data-id=\"5991\" src=\"https:\/\/adfformosa.com.ar\/wp-content\/uploads\/2025\/10\/2-461x1024.jpg\" alt=\"\" class=\"wp-image-5991\" srcset=\"https:\/\/adfformosa.com.ar\/wp-content\/uploads\/2025\/10\/2-461x1024.jpg 461w, https:\/\/adfformosa.com.ar\/wp-content\/uploads\/2025\/10\/2-135x300.jpg 135w, https:\/\/adfformosa.com.ar\/wp-content\/uploads\/2025\/10\/2-768x1707.jpg 768w, https:\/\/adfformosa.com.ar\/wp-content\/uploads\/2025\/10\/2-691x1536.jpg 691w, https:\/\/adfformosa.com.ar\/wp-content\/uploads\/2025\/10\/2-921x2048.jpg 921w, https:\/\/adfformosa.com.ar\/wp-content\/uploads\/2025\/10\/2.jpg 1040w\" sizes=\"auto, (max-width: 461px) 100vw, 461px\" \/><\/a><\/figure>\n<\/figure>\n\n\n\n<figure class=\"wp-block-gallery has-nested-images columns-default is-cropped wp-block-gallery-6 is-layout-flex wp-block-gallery-is-layout-flex\">\n<figure class=\"wp-block-image size-large\"><a href=\"https:\/\/adfformosa.com.ar\/wp-content\/uploads\/2025\/10\/8-.jpg\"><img loading=\"lazy\" decoding=\"async\" width=\"461\" height=\"1024\" data-id=\"5992\" src=\"https:\/\/adfformosa.com.ar\/wp-content\/uploads\/2025\/10\/8--461x1024.jpg\" alt=\"\" class=\"wp-image-5992\" srcset=\"https:\/\/adfformosa.com.ar\/wp-content\/uploads\/2025\/10\/8--461x1024.jpg 461w, https:\/\/adfformosa.com.ar\/wp-content\/uploads\/2025\/10\/8--135x300.jpg 135w, https:\/\/adfformosa.com.ar\/wp-content\/uploads\/2025\/10\/8--768x1707.jpg 768w, https:\/\/adfformosa.com.ar\/wp-content\/uploads\/2025\/10\/8--691x1536.jpg 691w, https:\/\/adfformosa.com.ar\/wp-content\/uploads\/2025\/10\/8--921x2048.jpg 921w, https:\/\/adfformosa.com.ar\/wp-content\/uploads\/2025\/10\/8-.jpg 1040w\" sizes=\"auto, (max-width: 461px) 100vw, 461px\" \/><\/a><\/figure>\n<\/figure>\n\n\n\n<figure class=\"wp-block-gallery has-nested-images columns-default is-cropped wp-block-gallery-7 is-layout-flex wp-block-gallery-is-layout-flex\">\n<figure class=\"wp-block-image size-medium is-style-default\"><a href=\"https:\/\/adfformosa.com.ar\/wp-content\/uploads\/2025\/10\/0000.jpg\"><img loading=\"lazy\" decoding=\"async\" width=\"300\" height=\"135\" data-id=\"5996\" src=\"https:\/\/adfformosa.com.ar\/wp-content\/uploads\/2025\/10\/0000-300x135.jpg\" alt=\"\" class=\"wp-image-5996\" srcset=\"https:\/\/adfformosa.com.ar\/wp-content\/uploads\/2025\/10\/0000-300x135.jpg 300w, https:\/\/adfformosa.com.ar\/wp-content\/uploads\/2025\/10\/0000-1024x461.jpg 1024w, https:\/\/adfformosa.com.ar\/wp-content\/uploads\/2025\/10\/0000-768x346.jpg 768w, https:\/\/adfformosa.com.ar\/wp-content\/uploads\/2025\/10\/0000-1536x692.jpg 1536w, https:\/\/adfformosa.com.ar\/wp-content\/uploads\/2025\/10\/0000-2048x922.jpg 2048w, https:\/\/adfformosa.com.ar\/wp-content\/uploads\/2025\/10\/0000-605x270.jpg 605w\" sizes=\"auto, (max-width: 300px) 100vw, 300px\" \/><\/a><\/figure>\n<\/figure>\n","protected":false},"excerpt":{"rendered":"<p>Formosa, 8 de octubre de 2025 La Agremiaci\u00f3n del Docente Formose\u00f1o (ADF) se sum\u00f3 activamente a la Jornada Nacional de Lucha convocada por la CTERA (Confederaci\u00f3n de Trabajadores de la&#8230; <span class=\"meta-more\"><a href=\"https:\/\/adfformosa.com.ar\/?p=5986\">Leer mas &raquo;<\/a><\/span><\/p>\n","protected":false},"author":3,"featured_media":5987,"comment_status":"open","ping_status":"closed","sticky":true,"template":"","format":"standard","meta":{"footnotes":""},"categories":[2],"tags":[],"class_list":["post-5986","post","type-post","status-publish","format-standard","has-post-thumbnail","hentry","category-prensa-adf","even alt"],"_links":{"self":[{"href":"https:\/\/adfformosa.com.ar\/index.php?rest_route=\/wp\/v2\/posts\/5986","targetHints":{"allow":["GET"]}}],"collection":[{"href":"https:\/\/adfformosa.com.ar\/index.php?rest_route=\/wp\/v2\/posts"}],"about":[{"href":"https:\/\/adfformosa.com.ar\/index.php?rest_route=\/wp\/v2\/types\/post"}],"author":[{"embeddable":true,"href":"https:\/\/adfformosa.com.ar\/index.php?rest_route=\/wp\/v2\/users\/3"}],"replies":[{"embeddable":true,"href":"https:\/\/adfformosa.com.ar\/index.php?rest_route=%2Fwp%2Fv2%2Fcomments&post=5986"}],"version-history":[{"count":2,"href":"https:\/\/adfformosa.com.ar\/index.php?rest_route=\/wp\/v2\/posts\/5986\/revisions"}],"predecessor-version":[{"id":5998,"href":"https:\/\/adfformosa.com.ar\/index.php?rest_route=\/wp\/v2\/posts\/5986\/revisions\/5998"}],"wp:featuredmedia":[{"embeddable":true,"href":"https:\/\/adfformosa.com.ar\/index.php?rest_route=\/wp\/v2\/media\/5987"}],"wp:attachment":[{"href":"https:\/\/adfformosa.com.ar\/index.php?rest_route=%2Fwp%2Fv2%2Fmedia&parent=5986"}],"wp:term":[{"taxonomy":"category","embeddable":true,"href":"https:\/\/adfformosa.com.ar\/index.php?rest_route=%2Fwp%2Fv2%2Fcategories&post=5986"},{"taxonomy":"post_tag","embeddable":true,"href":"https:\/\/adfformosa.com.ar\/index.php?rest_route=%2Fwp%2Fv2%2Ftags&post=5986"}],"curies":[{"name":"wp","href":"https:\/\/api.w.org\/{rel}","templated":true}]}}