{"id":5945,"date":"2024-09-30T20:27:53","date_gmt":"2024-09-30T23:27:53","guid":{"rendered":"http:\/\/adfformosa.com.ar\/?p=5945"},"modified":"2024-10-09T21:26:27","modified_gmt":"2024-10-10T00:26:27","slug":"aumento-salarial-a-partir-de-octubre-el-sueldo-inicial-sera-de-540-000-con-el-30-de-aumento-por-conectividad-provincial-y-fondo-provincial-de-incentivo-docente","status":"publish","type":"post","link":"https:\/\/adfformosa.com.ar\/?p=5945","title":{"rendered":"Aumento salarial: A partir de octubre el sueldo inicial ser\u00e1 de $540.000 con el 30% de aumento por Conectividad Provincial y Fondo Provincial de Incentivo Docente"},"content":{"rendered":"<div id=\"s-share-buttons\" class=\"horizontal-w-c-r-border s-share-w-c\"><a href=\"http:\/\/www.facebook.com\/sharer.php?u=https:\/\/adfformosa.com.ar\/?p=5945\" target=\"_blank\" title=\"Share to Facebook\" class=\"s3-facebook hint--top\"><\/a><a href=\"http:\/\/twitter.com\/intent\/tweet?text=Aumento salarial: A partir de octubre el sueldo inicial ser\u00e1 de $540.000 con el 30% de aumento por Conectividad Provincial y Fondo Provincial de Incentivo Docente&url=https:\/\/adfformosa.com.ar\/?p=5945\" target=\"_blank\"  title=\"Share to Twitter\" class=\"s3-twitter hint--top\"><\/a><a href=\"https:\/\/plus.google.com\/share?url=https:\/\/adfformosa.com.ar\/?p=5945\" target=\"_blank\"  title=\"Share to Google Plus\" class=\"s3-google-plus hint--top\"><\/a><a href=\"http:\/\/www.digg.com\/submit?url=https:\/\/adfformosa.com.ar\/?p=5945\" target=\"_blank\"  title=\"Share to Digg\" class=\"s3-digg hint--top\"><\/a><a href=\"http:\/\/www.tumblr.com\/share\/link?url=https%3A%2F%2Fadfformosa.com.ar%2F%3Fp%3D5945&name=Aumento+salarial%3A+A+partir+de+octubre+el+sueldo+inicial+ser%C3%A1+de+%24540.000+con+el+30%25+de+aumento+por+Conectividad+Provincial+y+Fondo+Provincial+de+Incentivo+Docente\" target=\"_blank\" title=\"Share to Tumblr\" class=\"s3-tumblr hint--top\"><\/a><a href=\"mailto:?Subject=Aumento%20salarial:%20A%20partir%20de%20octubre%20el%20sueldo%20inicial%20ser\u00e1%20de%20$540.000%20con%20el%2030%%20de%20aumento%20por%20Conectividad%20Provincial%20y%20Fondo%20Provincial%20de%20Incentivo%20Docente&Body=Here%20is%20the%20link%20to%20the%20article:%20https:\/\/adfformosa.com.ar\/?p=5945\" title=\"Email this article\" class=\"s3-email hint--top\"><\/a><\/div>\n<figure class=\"wp-block-image size-full\"><a href=\"https:\/\/adfformosa.com.ar\/wp-content\/uploads\/2024\/10\/aumento-salarial-septiembre.jpg\"><img loading=\"lazy\" decoding=\"async\" width=\"720\" height=\"531\" src=\"https:\/\/adfformosa.com.ar\/wp-content\/uploads\/2024\/10\/aumento-salarial-septiembre.jpg\" alt=\"\" class=\"wp-image-5946\" srcset=\"https:\/\/adfformosa.com.ar\/wp-content\/uploads\/2024\/10\/aumento-salarial-septiembre.jpg 720w, https:\/\/adfformosa.com.ar\/wp-content\/uploads\/2024\/10\/aumento-salarial-septiembre-300x221.jpg 300w\" sizes=\"auto, (max-width: 720px) 100vw, 720px\" \/><\/a><\/figure>\n\n\n\n<p>El gobernador Insfr\u00e1n ha oficializado un aumento salarial del 30% para estatales una medida que entrar\u00e1 en vigor a partir del pr\u00f3ximo mes, reflejando el compromiso de la administraci\u00f3n por mejorar las condiciones laborales del sector.  <\/p>\n\n\n\n<p> A partir de este aumento, el sueldo inicial docente desde octubre ser\u00e1 de $ 540.000 y se implementar\u00e1n ajustes en los adicionales de COMPLEMENTO DOCENTE POR SERVICIOS, FOPID y CONECTIVIDAD. Items salariales que, ante la falta de env\u00edo de fondos por parte de la Naci\u00f3n, la provincia ha asumido la responsabilidad de financiarlos .<\/p>\n\n\n\n<p>Los nuevos valores impactar\u00e1n en todos los niveles de la educaci\u00f3n, cargos docentes y horas c\u00e1tedras que se determinan de acuerdo la cantidad de puntos \u00edndice que para el mes de octubre pasar\u00e1 a ser <strong>944,425624 pesos.<\/strong><\/p>\n\n\n\n<p> De la multiplicaci\u00f3n de la cantidad del Punto \u00cdndice por el valor del aumento otorgado para el mes de octubre se determina el sueldo b\u00e1sico docente.<\/p>\n\n\n\n<p><\/p>\n\n\n\n<p>La nueva escala queda establecida de la siguiente manera:<\/p>\n\n\n\n<p><\/p>\n\n\n\n<p><img loading=\"lazy\" decoding=\"async\" height=\"16\" width=\"16\" alt=\"&#x1f537;&#xfe0f;\" src=\"https:\/\/static.xx.fbcdn.net\/images\/emoji.php\/v9\/tf1\/1\/16\/1f537.png\"> A partir de octubre el b\u00e1sico cargo testigo- MGM Jornada Simple ser\u00e1 de $187.940,70<\/p>\n\n\n\n<p><img loading=\"lazy\" decoding=\"async\" height=\"16\" width=\"16\" src=\"https:\/\/static.xx.fbcdn.net\/images\/emoji.php\/v9\/tf1\/1\/16\/1f537.png\" alt=\"&#x1f537;&#xfe0f;\"> 1 hora c\u00e1tedra para el Nivel Secundario $12.560,81<\/p>\n\n\n\n<p><img loading=\"lazy\" decoding=\"async\" height=\"16\" width=\"16\" src=\"https:\/\/static.xx.fbcdn.net\/images\/emoji.php\/v9\/tf1\/1\/16\/1f537.png\" alt=\"&#x1f537;&#xfe0f;\"> La hora c\u00e1tedra para el Nivel Terciario queda en $15.677,47<\/p>\n\n\n\n<p><img loading=\"lazy\" decoding=\"async\" height=\"16\" width=\"16\" src=\"https:\/\/static.xx.fbcdn.net\/images\/emoji.php\/v9\/tf1\/1\/16\/1f537.png\" alt=\"&#x1f537;&#xfe0f;\"> El FOPID- ex incentivo- que lo paga el Gobierno provincial con fondos propios $30.435.<\/p>\n\n\n\n<p><img loading=\"lazy\" decoding=\"async\" height=\"16\" width=\"16\" src=\"https:\/\/static.xx.fbcdn.net\/images\/emoji.php\/v9\/tf1\/1\/16\/1f537.png\" alt=\"&#x1f537;&#xfe0f;\"> Y por el concepto de CONECTIVIDAD $ 22.675.<\/p>\n\n\n\n<p>Esos dos \u00faltimos \u00edtems est\u00e1n sujetos a los descuentos del 13%.<\/p>\n\n\n\n<p>En cuanto a los b\u00e1sicos para los siguientes cargos el detalle para el mes de octubre ser\u00e1 de la siguiente manera:<\/p>\n\n\n\n<p><img loading=\"lazy\" decoding=\"async\" height=\"16\" width=\"16\" src=\"https:\/\/static.xx.fbcdn.net\/images\/emoji.php\/v9\/t6e\/1\/16\/1f534.png\" alt=\"&#x1f534;\"> MJI con 204 PI $192.662,83<\/p>\n\n\n\n<p><img loading=\"lazy\" decoding=\"async\" height=\"16\" width=\"16\" src=\"https:\/\/static.xx.fbcdn.net\/images\/emoji.php\/v9\/t6e\/1\/16\/1f534.png\" alt=\"&#x1f534;\"> Maestro Esp.con 10 horas semanales escuela com\u00fan con 164 PI $ 154.885,80.<\/p>\n\n\n\n<p><img loading=\"lazy\" decoding=\"async\" height=\"16\" width=\"16\" src=\"https:\/\/static.xx.fbcdn.net\/images\/emoji.php\/v9\/t6e\/1\/16\/1f534.png\" alt=\"&#x1f534;\"> MGM Esc.Frontera con 352 PI $ 332.437,82<\/p>\n\n\n\n<p><img loading=\"lazy\" decoding=\"async\" height=\"16\" width=\"16\" alt=\"&#x1f534;\" src=\"https:\/\/static.xx.fbcdn.net\/images\/emoji.php\/v9\/t6e\/1\/16\/1f534.png\"> M.Esp. con 6,30 hs diarias Escuela de Frontera con 286 PI $ 270.105,73.<\/p>\n\n\n\n<p><img loading=\"lazy\" decoding=\"async\" height=\"16\" width=\"16\" alt=\"&#x1f534;\" src=\"https:\/\/static.xx.fbcdn.net\/images\/emoji.php\/v9\/t6e\/1\/16\/1f534.png\"> MGM Jornada Completa con 349 PI $329.604,54<\/p>\n\n\n\n<p><img loading=\"lazy\" decoding=\"async\" height=\"16\" width=\"16\" src=\"https:\/\/static.xx.fbcdn.net\/images\/emoji.php\/v9\/t6e\/1\/16\/1f534.png\" alt=\"&#x1f534;\"> M.Esp con 6,30 hs diarias Jornada Completa con 283 PI $267.272,45<\/p>\n\n\n\n<p>Sueldo inicial docente a partir del mes de octubre $ 540.000<\/p>\n\n\n\n<figure class=\"wp-block-image size-full is-resized\"><a href=\"https:\/\/adfformosa.com.ar\/wp-content\/uploads\/2024\/10\/aumento-salarial-septiembre-2.jpg\"><img loading=\"lazy\" decoding=\"async\" width=\"967\" height=\"610\" src=\"https:\/\/adfformosa.com.ar\/wp-content\/uploads\/2024\/10\/aumento-salarial-septiembre-2.jpg\" alt=\"\" class=\"wp-image-5947\" style=\"width:496px;height:auto\" srcset=\"https:\/\/adfformosa.com.ar\/wp-content\/uploads\/2024\/10\/aumento-salarial-septiembre-2.jpg 967w, https:\/\/adfformosa.com.ar\/wp-content\/uploads\/2024\/10\/aumento-salarial-septiembre-2-300x189.jpg 300w, https:\/\/adfformosa.com.ar\/wp-content\/uploads\/2024\/10\/aumento-salarial-septiembre-2-768x484.jpg 768w\" sizes=\"auto, (max-width: 967px) 100vw, 967px\" \/><\/a><\/figure>\n\n\n\n<p>Con respecto al<strong> COMPLEMENTO DOCENTE POR SERVICIOS<\/strong> que se abona por persona y proporcional si corresponde. Es no bonificable y est\u00e1 sujeto a los aportes y contribuciones del r\u00e9gimen previsional de la provincia.<\/p>\n\n\n\n<p>La escala a partir de octubre ser\u00e1 de la siguiente manera:<\/p>\n\n\n\n<p><img loading=\"lazy\" decoding=\"async\" height=\"16\" width=\"16\" alt=\"&#x1f53a;&#xfe0f;\" src=\"https:\/\/static.xx.fbcdn.net\/images\/emoji.php\/v9\/t1b\/1\/16\/1f53a.png\"> 1 a\u00f1o $ 65.00<\/p>\n\n\n\n<p><img loading=\"lazy\" decoding=\"async\" height=\"16\" width=\"16\" alt=\"&#x1f53a;&#xfe0f;\" src=\"https:\/\/static.xx.fbcdn.net\/images\/emoji.php\/v9\/t1b\/1\/16\/1f53a.png\"> 2 a\u00f1os $ 74.750<\/p>\n\n\n\n<p><img loading=\"lazy\" decoding=\"async\" height=\"16\" width=\"16\" alt=\"&#x1f53a;&#xfe0f;\" src=\"https:\/\/static.xx.fbcdn.net\/images\/emoji.php\/v9\/t1b\/1\/16\/1f53a.png\"> 5 a\u00f1os $94.250<\/p>\n\n\n\n<p><img loading=\"lazy\" decoding=\"async\" height=\"16\" width=\"16\" alt=\"&#x1f53a;&#xfe0f;\" src=\"https:\/\/static.xx.fbcdn.net\/images\/emoji.php\/v9\/t1b\/1\/16\/1f53a.png\"> 7 a\u00f1os $120.250<\/p>\n\n\n\n<p><img loading=\"lazy\" decoding=\"async\" height=\"16\" width=\"16\" alt=\"&#x1f53a;&#xfe0f;\" src=\"https:\/\/static.xx.fbcdn.net\/images\/emoji.php\/v9\/t1b\/1\/16\/1f53a.png\">10 a\u00f1os $152.750<\/p>\n\n\n\n<p><img loading=\"lazy\" decoding=\"async\" height=\"16\" width=\"16\" alt=\"&#x1f53a;&#xfe0f;\" src=\"https:\/\/static.xx.fbcdn.net\/images\/emoji.php\/v9\/t1b\/1\/16\/1f53a.png\">12 a\u00f1os $191.750<\/p>\n\n\n\n<p><img loading=\"lazy\" decoding=\"async\" height=\"16\" width=\"16\" alt=\"&#x1f53a;&#xfe0f;\" src=\"https:\/\/static.xx.fbcdn.net\/images\/emoji.php\/v9\/t1b\/1\/16\/1f53a.png\">15 a\u00f1os $237.250<\/p>\n\n\n\n<p><img loading=\"lazy\" decoding=\"async\" height=\"16\" width=\"16\" alt=\"&#x1f53a;&#xfe0f;\" src=\"https:\/\/static.xx.fbcdn.net\/images\/emoji.php\/v9\/t1b\/1\/16\/1f53a.png\"> 17 a\u00f1os $289.250<\/p>\n\n\n\n<p><img loading=\"lazy\" decoding=\"async\" height=\"16\" width=\"16\" alt=\"&#x1f53a;&#xfe0f;\" src=\"https:\/\/static.xx.fbcdn.net\/images\/emoji.php\/v9\/t1b\/1\/16\/1f53a.png\"> 20 a\u00f1os $354.250<\/p>\n\n\n\n<p><img loading=\"lazy\" decoding=\"async\" height=\"16\" width=\"16\" alt=\"&#x1f53a;&#xfe0f;\" src=\"https:\/\/static.xx.fbcdn.net\/images\/emoji.php\/v9\/t1b\/1\/16\/1f53a.png\">22 a\u00f1os $425.750<\/p>\n\n\n\n<p><img loading=\"lazy\" decoding=\"async\" height=\"16\" width=\"16\" alt=\"&#x1f53a;&#xfe0f;\" src=\"https:\/\/static.xx.fbcdn.net\/images\/emoji.php\/v9\/t1b\/1\/16\/1f53a.png\">24 a\u00f1os y m\u00e1s $503.750<\/p>\n\n\n\n<p>Desde la ADF queremos expresar nuestro m\u00e1s sincero agradecimiento a todos los docentes que, con su apoyo incondicional, han fortalecido nuestra lucha. Su compromiso y solidaridad han sido fundamentales para alcanzar este logro, que no solo beneficia a los profesionales de la educaci\u00f3n, sino que tambi\u00e9n impacta positivamente en la calidad de la ense\u00f1anza que ofrecemos a nuestros estudiantes.<a href=\"https:\/\/www.facebook.com\/photo\/?fbid=1052807306632853&amp;set=pcb.1052807386632845&amp;__cft__[0]=AZXcfe22kR_l9pH44_9n1XvU0WMbi_X9z4enLqk4kVHCbZqFB5ZznfnaYtF1-rmpuqXvPj9c9Kq1gThHjsXtIORFOXWFy-HmcjEgve2qE2l4ETMquxlp7FwCWrntgWZRpnnu-WGDV6VHTc5kQzTUqIM81cwNKPyxRyW6KY7zfWnCFyYg51Y8X21sqw6z9rg5IheocQTVDUyJduCiT0eR_2dX&amp;__tn__=*bH-R\"><\/a><\/p>\n\n\n\n<p><a href=\"https:\/\/www.facebook.com\/photo\/?fbid=1052807359966181&amp;set=pcb.1052807386632845&amp;__cft__[0]=AZXcfe22kR_l9pH44_9n1XvU0WMbi_X9z4enLqk4kVHCbZqFB5ZznfnaYtF1-rmpuqXvPj9c9Kq1gThHjsXtIORFOXWFy-HmcjEgve2qE2l4ETMquxlp7FwCWrntgWZRpnnu-WGDV6VHTc5kQzTUqIM81cwNKPyxRyW6KY7zfWnCFyYg51Y8X21sqw6z9rg5IheocQTVDUyJduCiT0eR_2dX&amp;__tn__=*bH-R\"><\/a><\/p>\n","protected":false},"excerpt":{"rendered":"<p>El gobernador Insfr\u00e1n ha oficializado un aumento salarial del 30% para estatales una medida que entrar\u00e1 en vigor a partir del pr\u00f3ximo mes, reflejando el compromiso de la administraci\u00f3n por&#8230; <span class=\"meta-more\"><a href=\"https:\/\/adfformosa.com.ar\/?p=5945\">Leer mas &raquo;<\/a><\/span><\/p>\n","protected":false},"author":3,"featured_media":5946,"comment_status":"open","ping_status":"closed","sticky":true,"template":"","format":"standard","meta":{"footnotes":""},"categories":[2],"tags":[],"class_list":["post-5945","post","type-post","status-publish","format-standard","has-post-thumbnail","hentry","category-prensa-adf","even alt"],"_links":{"self":[{"href":"https:\/\/adfformosa.com.ar\/index.php?rest_route=\/wp\/v2\/posts\/5945","targetHints":{"allow":["GET"]}}],"collection":[{"href":"https:\/\/adfformosa.com.ar\/index.php?rest_route=\/wp\/v2\/posts"}],"about":[{"href":"https:\/\/adfformosa.com.ar\/index.php?rest_route=\/wp\/v2\/types\/post"}],"author":[{"embeddable":true,"href":"https:\/\/adfformosa.com.ar\/index.php?rest_route=\/wp\/v2\/users\/3"}],"replies":[{"embeddable":true,"href":"https:\/\/adfformosa.com.ar\/index.php?rest_route=%2Fwp%2Fv2%2Fcomments&post=5945"}],"version-history":[{"count":2,"href":"https:\/\/adfformosa.com.ar\/index.php?rest_route=\/wp\/v2\/posts\/5945\/revisions"}],"predecessor-version":[{"id":5950,"href":"https:\/\/adfformosa.com.ar\/index.php?rest_route=\/wp\/v2\/posts\/5945\/revisions\/5950"}],"wp:featuredmedia":[{"embeddable":true,"href":"https:\/\/adfformosa.com.ar\/index.php?rest_route=\/wp\/v2\/media\/5946"}],"wp:attachment":[{"href":"https:\/\/adfformosa.com.ar\/index.php?rest_route=%2Fwp%2Fv2%2Fmedia&parent=5945"}],"wp:term":[{"taxonomy":"category","embeddable":true,"href":"https:\/\/adfformosa.com.ar\/index.php?rest_route=%2Fwp%2Fv2%2Fcategories&post=5945"},{"taxonomy":"post_tag","embeddable":true,"href":"https:\/\/adfformosa.com.ar\/index.php?rest_route=%2Fwp%2Fv2%2Ftags&post=5945"}],"curies":[{"name":"wp","href":"https:\/\/api.w.org\/{rel}","templated":true}]}}