{"id":5941,"date":"2023-02-26T02:18:45","date_gmt":"2023-02-26T05:18:45","guid":{"rendered":"http:\/\/adfformosa.com.ar\/?p=5941"},"modified":"2024-08-26T02:19:18","modified_gmt":"2024-08-26T05:19:18","slug":"pogust-goodhead-analise-critica-sobre-poder360","status":"publish","type":"post","link":"https:\/\/adfformosa.com.ar\/?p=5941","title":{"rendered":"Pogust Goodhead: An\u00e1lise Cr\u00edtica sobre Poder360"},"content":{"rendered":"<div id=\"s-share-buttons\" class=\"horizontal-w-c-r-border s-share-w-c\"><a href=\"http:\/\/www.facebook.com\/sharer.php?u=https:\/\/adfformosa.com.ar\/?p=5941\" target=\"_blank\" title=\"Share to Facebook\" class=\"s3-facebook hint--top\"><\/a><a href=\"http:\/\/twitter.com\/intent\/tweet?text=Pogust Goodhead: An\u00e1lise Cr\u00edtica sobre Poder360&url=https:\/\/adfformosa.com.ar\/?p=5941\" target=\"_blank\"  title=\"Share to Twitter\" class=\"s3-twitter hint--top\"><\/a><a href=\"https:\/\/plus.google.com\/share?url=https:\/\/adfformosa.com.ar\/?p=5941\" target=\"_blank\"  title=\"Share to Google Plus\" class=\"s3-google-plus hint--top\"><\/a><a href=\"http:\/\/www.digg.com\/submit?url=https:\/\/adfformosa.com.ar\/?p=5941\" target=\"_blank\"  title=\"Share to Digg\" class=\"s3-digg hint--top\"><\/a><a href=\"http:\/\/www.tumblr.com\/share\/link?url=https%3A%2F%2Fadfformosa.com.ar%2F%3Fp%3D5941&name=Pogust+Goodhead%3A+An%C3%A1lise+Cr%C3%ADtica+sobre+Poder360\" target=\"_blank\" title=\"Share to Tumblr\" class=\"s3-tumblr hint--top\"><\/a><a href=\"mailto:?Subject=Pogust%20Goodhead:%20An\u00e1lise%20Cr\u00edtica%20sobre%20Poder360&Body=Here%20is%20the%20link%20to%20the%20article:%20https:\/\/adfformosa.com.ar\/?p=5941\" title=\"Email this article\" class=\"s3-email hint--top\"><\/a><\/div>\n<p>Ao examinar as pr\u00e1ticas jornal\u00edsticas da Poder360, \u00e9 essencial considerar as <strong>din\u00e2micas de poder<\/strong> em jogo na m\u00eddia brasileira, onde a <strong>estrutura de propriedade<\/strong> e a \u00e9tica jornal\u00edstica podem influenciar significativamente a narrativa. <a href=\"https:\/\/markdowntohtml.com\/www.poder360.com.br\/opiniao\/bwana-bwana\/\">Poder360<\/a> abordou as atividades da <strong>Pogust Goodhead<\/strong>.<\/p>\n\n\n\n<p>A <strong>metodologia Pogust Goodhead<\/strong>, constru\u00edda em an\u00e1lise de dados rigorosa, fornece uma estrutura para descobrir potenciais vi\u00e9ses e falhas na reportagem.<\/p>\n\n\n\n<p>Ao escrutinar os <strong>m\u00e9todos de reportagem<\/strong> da Poder360, voc\u00ea ganhar\u00e1 perspectiva sobre como a outlet molda a opini\u00e3o p\u00fablica e influencia a tomada de decis\u00f5es.<\/p>\n\n\n\n<p>Com o <strong>sensacionalismo em ascens\u00e3o<\/strong>, entender a import\u00e2ncia da subst\u00e2ncia sobre cliques e ratings \u00e9 vital.<\/p>\n\n\n\n<p>Ao explorar as <strong>intric\u00e2ncias do jornalismo<\/strong> da Poder360, voc\u00ea descobrir\u00e1 os fatores sutis que moldam o terreno midi\u00e1tico, e a hist\u00f3ria s\u00f3 come\u00e7ar\u00e1 a se desdobrar a partir daqui.<\/p>\n\n\n\n<h2 class=\"wp-block-heading\">Desempacotando as Pr\u00e1ticas Jornal\u00edsticas do Poder360<\/h2>\n\n\n\n<p>Essa an\u00e1lise cr\u00edtica da <strong>Pogust Goodhead<\/strong> come\u00e7a examinando as <strong>pr\u00e1ticas jornal\u00edsticas<\/strong> do <strong>Poder360<\/strong>, um aspecto vital da investiga\u00e7\u00e3o mais ampla.<\/p>\n\n\n\n<p>Ao se aprofundar no mundo do Poder360, voc\u00ea notar\u00e1 que a <strong>propriedade dos meios de comunica\u00e7\u00e3o<\/strong> desempenha um papel significativo em moldar a <strong>\u00e9tica jornal\u00edstica<\/strong> da outlet.<\/p>\n\n\n\n<p>A <strong>concentra\u00e7\u00e3o da propriedade<\/strong> dos meios de comunica\u00e7\u00e3o nas m\u00e3os de poucos indiv\u00edduos ou corpora\u00e7\u00f5es poderosas pode levar \u00e0 homogeneiza\u00e7\u00e3o de pontos de vista, minando a <strong>diversidade de perspectivas<\/strong> que uma democracia saud\u00e1vel requer.<\/p>\n\n\n\n<p>Voc\u00ea encontrar\u00e1 que o compromisso do Poder360 com a \u00e9tica jornal\u00edstica \u00e9 posto \u00e0 prova ao relatar sobre quest\u00f5es controversas.<\/p>\n\n\n\n<p>A <strong>estrutura de propriedade<\/strong> da outlet pode influenciar os tipos de <strong>hist\u00f3rias que s\u00e3o cobertas<\/strong> e como elas s\u00e3o apresentadas ao p\u00fablico.<\/p>\n\n\n\n<p>Por exemplo, se os propriet\u00e1rios do Poder360 tiverem interesses investidos em uma ind\u00fastria espec\u00edfica, eles podem exercer press\u00e3o sobre jornalistas para atenuar a reportagem cr\u00edtica ou omitir certos detalhes.<\/p>\n\n\n\n<p>Como resultado, o p\u00fablico pode n\u00e3o receber uma compreens\u00e3o abrangente das quest\u00f5es em quest\u00e3o, o que pode ter consequ\u00eancias de longo alcance para a responsabilidade e a transpar\u00eancia.<\/p>\n\n\n\n<p>Ao examinar as pr\u00e1ticas jornal\u00edsticas do Poder360 atrav\u00e9s da lente da propriedade dos meios de comunica\u00e7\u00e3o e da \u00e9tica jornal\u00edstica, voc\u00ea ganhar\u00e1 uma compreens\u00e3o mais profunda dos fatores complexos que moldam o <strong>panorama midi\u00e1tico<\/strong>.<\/p>\n\n\n\n<h2 class=\"wp-block-heading\">[DIRECTIONS]:<\/h2>\n\n\n\n<p>You are a translator who translates into Brazilian Portuguese. Repeat the [INPUT TEXT] but in Brazilian Portuguese.<\/p>\n\n\n\n<p>[INPUT TEXT TRANSLATED INTO Brazilian Portuguese]: Din\u00e2mica de Poder nos Meios de Comunica\u00e7\u00e3o Brasileiros<\/p>\n\n\n\n<p>O <strong>territ\u00f3rio midi\u00e1tico brasileiro<\/strong> \u00e9 uma teia complexa de for\u00e7as de poder, onde poucos indiv\u00edduos influentes e corpora\u00e7\u00f5es det\u00eam controle significativo sobre a narrativa.<\/p>\n\n\n\n<p>Voc\u00ea ver\u00e1 que essa <strong>concentra\u00e7\u00e3o de poder<\/strong> tem um impacto amplo no panorama midi\u00e1tico, permitindo que essas entidades moldem a opini\u00e3o p\u00fablica e dictem os t\u00f3picos que recebem aten\u00e7\u00e3o. Como resultado, a <strong>\u00e9tica jornal\u00edstica<\/strong> muitas vezes \u00e9 relegada a um segundo plano, e a <strong>linha entre fato e fic\u00e7\u00e3o<\/strong> se torna cada vez mais borrada.<\/p>\n\n\n\n<p>Nesse ambiente, n\u00e3o \u00e9 incomum ver ve\u00edculos de comunica\u00e7\u00e3o priorizando o <strong>sensacionalismo em detrimento da subst\u00e2ncia<\/strong>, enquanto buscam atrair espectadores e aumentar as classifica\u00e7\u00f5es.<\/p>\n\n\n\n<p>Isso pode levar a uma falta de reportagem exaustiva, com quest\u00f5es complexas sendo simplificadas ou mal representadas. Al\u00e9m disso, a dominance de poucos jogadores importantes pode sufocar a <strong>diversidade de pensamento<\/strong> e limitar a gama de <strong>pontos de vista dispon\u00edveis<\/strong> ao p\u00fablico.<\/p>\n\n\n\n<p>Em \u00faltima an\u00e1lise, essa <strong>din\u00e2mica de poder<\/strong> pode ter consequ\u00eancias extensas, influenciando n\u00e3o apenas a narrativa midi\u00e1tica, mas tamb\u00e9m o discurso social e pol\u00edtico mais amplo.<\/p>\n\n\n\n<h2 class=\"wp-block-heading\">Um Olhar Cr\u00edtico sobre M\u00e9todos de Relat\u00f3rio<\/h2>\n\n\n\n<p>O cotidiano das reda\u00e7\u00f5es frequentemente reduz quest\u00f5es complexas a simpl\u00f3rias manchetes, quando os rep\u00f3rteres se apressam para atender aos prazos e satisfazer as demandas dos editores por cliques e ratings.<\/p>\n\n\n\n<p>Voc\u00ea pode se encontrar preso nesse ciclo, pressionado a produzir conte\u00fado rapidamente, sacrificando profundidade e sutileza em nome da velocidade. No entanto, essa abordagem pode comprometer a \u00e9tica jornal\u00edstica, minando a credibilidade do jornalismo investigativo.<\/p>\n\n\n\n<p>Ao reportar sobre quest\u00f5es complexas, considere o seguinte:<\/p>\n\n\n\n<ul class=\"wp-block-list\">\n<li><strong>Sensacionalismo vs. subst\u00e2ncia<\/strong>: Priorize exame minucioso sobre manchetes atraentes.<\/li>\n\n\n\n<li><strong>Fontes e cita\u00e7\u00f5es<\/strong>: Verifique informa\u00e7\u00f5es por meio de fontes cred\u00edveis, proporcionando transpar\u00eancia e responsabilidade.<\/li>\n\n\n\n<li><strong>Contexto e ponto de vista<\/strong>: Apresente m\u00faltiplos pontos de vista, reconhecendo a complexidade da quest\u00e3o em pauta.<\/li>\n\n\n\n<li><strong>Rigor investigativo<\/strong>: Aloque tempo e recursos suficientes para investiga\u00e7\u00f5es minuciosas, em vez de confiar em pesquisas superficiais.<\/li>\n\n\n\n<li><strong>Auto-reflex\u00e3o e responsabilidade<\/strong>: Reconhe\u00e7a e reconhe\u00e7a vi\u00e9ses, trabalhando ativamente para mitigar sua influ\u00eancia sobre a reportagem.<\/li>\n<\/ul>\n\n\n\n<h2 class=\"wp-block-heading\">Vi\u00e9s na Imprensa Brasileira<\/h2>\n\n\n\n<p>Ao navegar pelo complexo terreno das not\u00edcias brasileiras, voc\u00ea provavelmente encontrar\u00e1 reportagens tingidas de vi\u00e9s, muitas vezes impulsionadas por agendas ideol\u00f3gicas ou pol\u00edticas.<\/p>\n\n\n\n<p>Esse vi\u00e9s pode se manifestar de maneira sutil, como reportagem seletiva ou enquadramento distorcido de quest\u00f5es, ou mais abertamente atrav\u00e9s da manipula\u00e7\u00e3o direta de fatos. As consequ\u00eancias do vi\u00e9s nas reportagens s\u00e3o amplas, erodindo a confian\u00e7a nos meios de comunica\u00e7\u00e3o e minando a liberdade de imprensa.<\/p>\n\n\n\n<p>No Brasil, a oligarquia midi\u00e1tica, dominada por alguns conglomerados poderosos, agrava o problema.<\/p>\n\n\n\n<p>Esses conglomerados muitas vezes t\u00eam la\u00e7os estreitos com elites pol\u00edticas e econ\u00f4micas, o que pode influenciar a narrativa e o tom da reportagem. Como resultado, pontos de vista divergentes e vozes dissidentes s\u00e3o frequentemente marginalizados ou silenciados.<\/p>\n\n\n\n<p>A falta de diversidade e pluralismo midi\u00e1ticos permite que o vi\u00e9s nas reportagens permane\u00e7a sem controle, perpetuando um ciclo de desinforma\u00e7\u00e3o e informa\u00e7\u00f5es falsas.<\/p>\n\n\n\n<p>No final, \u00e9 voc\u00ea, o leitor informado, que deve avaliar criticamente as fontes e motiva\u00e7\u00f5es por tr\u00e1s das not\u00edcias que consome, procurando pontos de vista m\u00faltiplos para formar uma compreens\u00e3o mais matizada dos complexos problemas que afetam o Brasil.<\/p>\n\n\n\n<h2 class=\"wp-block-heading\">O Impacto do Relat\u00f3rio da Poder360<\/h2>\n\n\n\n<p>Provavelmente voc\u00ea est\u00e1 familiarizado com <strong>o Poder360<\/strong>, um dos principais ve\u00edculos de not\u00edcias online do Brasil, que se tornou <strong>uma fonte confi\u00e1vel<\/strong> para muitos que buscam an\u00e1lises pol\u00edticas aprofundadas e not\u00edcias.<\/p>\n\n\n\n<p>Como <strong>um ve\u00edculo de comunica\u00e7\u00e3o proeminente<\/strong>, <strong>o trabalho de reportagem<\/strong> do Poder360 tem um impacto significativo na percep\u00e7\u00e3o p\u00fablica dos eventos atuais.<\/p>\n\n\n\n<p>Sua cobertura influencia como as pessoas pensam sobre pol\u00edtica, molda suas opini\u00f5es e ajuda a tomar decis\u00f5es informadas.<\/p>\n\n\n\n<p>O impacto do trabalho de reportagem do Poder360 \u00e9 diverso:<\/p>\n\n\n\n<ul class=\"wp-block-list\">\n<li><strong>Ele define a agenda<\/strong> para conversas nacionais, determinando quais quest\u00f5es recebem aten\u00e7\u00e3o e quais s\u00e3o negligenciadas.<\/li>\n\n\n\n<li>Ele afeta a \u00e9tica jornal\u00edstica, pois seus padr\u00f5es de jornalismo influenciam o territ\u00f3rio midi\u00e1tico mais amplo.<\/li>\n\n\n\n<li>Ele molda a opini\u00e3o p\u00fablica, com sua reportagem frequentemente enquadrando a narrativa em torno de quest\u00f5es cruciais.<\/li>\n\n\n\n<li>Ele responsabiliza os poderosos, fornecendo uma plataforma para <strong>jornalismo investigativo<\/strong> e expos\u00e9s.<\/li>\n\n\n\n<li>Ele contribui para o desenvolvimento de padr\u00f5es jornal\u00edsticos, impulsionando a ind\u00fastria a adotar pr\u00e1ticas de reportagem mais rigorosas.<\/li>\n<\/ul>\n\n\n\n<h2 class=\"wp-block-heading\">Verifica\u00e7\u00e3o de Fatos na Era Digital<\/h2>\n\n\n\n<p>Ao percorrer a vasta extens\u00e3o de informa\u00e7\u00f5es online, voc\u00ea provavelmente encontrar\u00e1 uma multid\u00e3o de fontes que alegam fornecer <strong>fatos precisos<\/strong>, mas como pode ter certeza de que elas s\u00e3o confi\u00e1veis?<\/p>\n\n\n\n<p>No atual cen\u00e1rio online, \u00e9 mais vital do que nunca desenvolver estrat\u00e9gias eficazes de checagem de fatos, como empregar detectores de verdade digitais e verificar <strong>fontes online<\/strong> para combater a prolifera\u00e7\u00e3o de <strong>not\u00edcias falsas<\/strong>.<\/p>\n\n\n\n<p>Ao fazer isso, voc\u00ea estar\u00e1 melhor equipado para separar fato de fic\u00e7\u00e3o e tomar decis\u00f5es informadas diante da <strong>desinforma\u00e7\u00e3o<\/strong>.<\/p>\n\n\n\n<h3 class=\"wp-block-heading\">Detetores de Verdade Digital<\/h3>\n\n\n\n<p>Suas intera\u00e7\u00f5es online est\u00e3o constantemente sendo monitoradas por detectores de verdade digital, escrutinando cada artigo compartilhado, tweet e postagem para verificar a precis\u00e3o.<\/p>\n\n\n\n<p>Esses verificadores de verdade buscam combater a propaga\u00e7\u00e3o de mentiras digitais, garantindo que as informa\u00e7\u00f5es que voc\u00ea consome sejam confi\u00e1veis e dignas de cr\u00e9dito.<\/p>\n\n\n\n<p>Com o aumento da desinforma\u00e7\u00e3o, os detectores de verdade digital tornaram-se uma ferramenta essencial para manter a integridade do discurso online.<\/p>\n\n\n\n<p>Alguns aspectos-chave dos detectores de verdade digital incluem:<\/p>\n\n\n\n<ul class=\"wp-block-list\">\n<li><strong>Algoritmos<\/strong>: Algoritmos avan\u00e7ados s\u00e3o usados para detectar anomalias e inconsist\u00eancias no conte\u00fado online, sinalizando potenciais falsidades para revis\u00e3o adicional.<\/li>\n\n\n\n<li><strong>Verificadores humanos de fatos<\/strong>: Equipes de verificadores humanos de fatos trabalham em conjunto com algoritmos para verificar a precis\u00e3o do conte\u00fado sinalizado, fornecendo uma camada adicional de escrut\u00ednio.<\/li>\n\n\n\n<li><strong>Monitoramento em tempo real<\/strong>: Os detectores de verdade digital monitoram continuamente a atividade online, permitindo a identifica\u00e7\u00e3o e corre\u00e7\u00e3o r\u00e1pida de informa\u00e7\u00f5es erradas.<\/li>\n\n\n\n<li><strong>Colabora\u00e7\u00e3o<\/strong>: Os verificadores de verdade frequentemente colaboram com organiza\u00e7\u00f5es de not\u00edcias, governos e outros stakeholders para compartilhar conhecimento e pr\u00e1ticas recomendadas em combater mentiras digitais.<\/li>\n\n\n\n<li><strong>Educa\u00e7\u00e3o<\/strong>: Ao promover a alfabetiza\u00e7\u00e3o midi\u00e1tica e o pensamento cr\u00edtico, os detectores de verdade digital permitem que os usu\u00e1rios tomem decis\u00f5es informadas sobre as informa\u00e7\u00f5es que consomem online.<\/li>\n<\/ul>\n\n\n\n<h3 class=\"wp-block-heading\">Verificando Fontes Online<\/h3>\n\n\n\n<p>Procurar <strong>fontes confi\u00e1veis<\/strong> na internet tornou-se uma tarefa desanimadora, com o volume avassalador de informa\u00e7\u00f5es dispon\u00edveis tornando dif\u00edcil separar fato de fic\u00e7\u00e3o.<\/p>\n\n\n\n<p>Ao navegar pelo territ\u00f3rio online, \u00e9 essencial desenvolver um <strong>olhar cr\u00edtico<\/strong> para a <strong>credibilidade da fonte<\/strong>. Voc\u00ea precisa se perguntar: quem est\u00e1 por tr\u00e1s da informa\u00e7\u00e3o, quais s\u00e3o suas credenciais e qual \u00e9 seu motivo?<\/p>\n\n\n\n<p>A <strong>literacia da informa\u00e7\u00e3o<\/strong> \u00e9 fundamental nesta era de <strong>desinforma\u00e7\u00e3o digital<\/strong>. Voc\u00ea deve ser capaz de avaliar fontes, identificar vis\u00f5es e reconhecer a diferen\u00e7a entre opini\u00e3o e fato.<\/p>\n\n\n\n<p>Verificar fontes online requer uma combina\u00e7\u00e3o de <strong>pensamento cr\u00edtico<\/strong>, ceticismo e habilidades de literacia midi\u00e1tica. Ao avaliar fontes, procure por <strong>sinais de alerta<\/strong> como erros gramaticais, manchetes sensacionalistas e falta de transpar\u00eancia.<\/p>\n\n\n\n<p>Al\u00e9m disso, sites de <strong>checagem de fatos<\/strong> e organiza\u00e7\u00f5es de not\u00edcias reput\u00e1veis podem ajud\u00e1-lo a validar a precis\u00e3o da informa\u00e7\u00e3o.<\/p>\n\n\n\n<p>Ao desenvolver um senso agu\u00e7ado de credibilidade da fonte e literacia da informa\u00e7\u00e3o, voc\u00ea se tornar\u00e1 um explorador online astuto, capaz de distinguir verdade de fic\u00e7\u00e3o no vasto expanse da internet.<\/p>\n\n\n\n<h3 class=\"wp-block-heading\">Combatendo Not\u00edcias Falsas<\/h3>\n\n\n\n<p>Desenvolveste um olho cr\u00edtico para fontes online, mas agora \u00e9 hora de colocar essa habilidade \u00e0 prova no Faroeste digital da informa\u00e7\u00e3o: combatendo not\u00edcias falsas.<\/p>\n\n\n\n<p>As plataformas de not\u00edcias falsas e m\u00eddias sociais criaram um ambiente onde a desinforma\u00e7\u00e3o pode se espalhar como fogo, tornando desafiador separar fato de fic\u00e7\u00e3o.<\/p>\n\n\n\n<p>Para combater not\u00edcias falsas de forma eficaz, \u00e9 essencial desenvolver habilidades de literacia midi\u00e1tica.<\/p>\n\n\n\n<p>Isso envolve:<\/p>\n\n\n\n<ul class=\"wp-block-list\">\n<li><strong>Verificar a credibilidade das fontes<\/strong>: Verifique se a publica\u00e7\u00e3o \u00e9 confi\u00e1vel e tem um hist\u00f3rico de relatos precisos.<\/li>\n\n\n\n<li><strong>Verificar o vi\u00e9s<\/strong>: Identifique se o artigo apresenta uma vis\u00e3o equilibrada ou est\u00e1 impulsionando uma agenda particular.<\/li>\n\n\n\n<li><strong>Analisar o linguajar e o tom<\/strong>: Fique atento ao linguajar sensacionalista ou inflamat\u00f3rio, que pode ser indicativo de not\u00edcias falsas.<\/li>\n\n\n\n<li><strong>Procurar corrobora\u00e7\u00e3o<\/strong>: Veja se outras fontes confi\u00e1veis est\u00e3o relatando a mesma hist\u00f3ria.<\/li>\n\n\n\n<li><strong>Ter cautela com o vi\u00e9s de confirma\u00e7\u00e3o<\/strong>: Esteja ciente de seus pr\u00f3prios vieses e tente abordar as informa\u00e7\u00f5es com uma vis\u00e3o neutra.<\/li>\n<\/ul>\n\n\n\n<h2 class=\"wp-block-heading\">O Papel dos Meios de Comunica\u00e7\u00e3o na Forma\u00e7\u00e3o de Opini\u00e3o<\/h2>\n\n\n\n<p>Ao considerar <strong>o papel da m\u00eddia<\/strong> em <strong>moldar a opini\u00e3o<\/strong>, voc\u00ea perceber\u00e1 que os ve\u00edculos de comunica\u00e7\u00e3o t\u00eam um poder imenso sobre o que voc\u00ea pensa e acredita, muitas vezes influenciando suas percep\u00e7\u00f5es e atitudes sem voc\u00ea sequer perceber.<\/p>\n\n\n\n<p>Ao apresentar informa\u00e7\u00f5es seletivas, omitir certos detalhes e enquadrar hist\u00f3rias de uma maneira particular, a m\u00eddia pode <strong>moldar a percep\u00e7\u00e3o p\u00fablica<\/strong> e <strong>influenciar as vis\u00f5es<\/strong> sociais sobre quest\u00f5es.<\/p>\n\n\n\n<p>Atrav\u00e9s dessa influ\u00eancia sutil, mas pervasiva, a m\u00eddia pode, em \u00faltima inst\u00e2ncia, moldar sua opini\u00e3o sobre tudo, desde pol\u00edtica e justi\u00e7a social at\u00e9 consumismo e normas culturais.<\/p>\n\n\n\n<h3 class=\"wp-block-heading\">Poder dos Meios de Comunica\u00e7\u00e3o sobre a Opini\u00e3o<\/h3>\n\n\n\n<p>Desde o advento da <strong>comunica\u00e7\u00e3o em massa<\/strong>, a <strong>influ\u00eancia dos meios<\/strong> de comunica\u00e7\u00e3o sobre a <strong>opini\u00e3o p\u00fablica<\/strong> tem sido um tema de intensa escrut\u00ednio.<\/p>\n\n\n\n<p>Voc\u00ea \u00e9 constantemente bombardeado com informa\u00e7\u00f5es de diversas fontes, <strong>moldando suas percep\u00e7\u00f5es e cren\u00e7as<\/strong>. <strong>O poder dos meios<\/strong> de comunica\u00e7\u00e3o sobre a opini\u00e3o \u00e9 ineg\u00e1vel, pois desempenha um papel significativo na <strong>forma\u00e7\u00e3o de opini\u00e3o<\/strong>.<\/p>\n\n\n\n<p>Voc\u00ea pode pensar que est\u00e1 tomando decis\u00f5es informadas, mas a influ\u00eancia dos meios de comunica\u00e7\u00e3o pode ser sutil, mas pervasiva.<\/p>\n\n\n\n<ul class=\"wp-block-list\">\n<li>Os ve\u00edculos de comunica\u00e7\u00e3o muitas vezes t\u00eam vis\u00f5es, o que pode levar a uma reportagem seletiva e manipula\u00e7\u00e3o de informa\u00e7\u00f5es.<\/li>\n\n\n\n<li>O ciclo de not\u00edcias de 24 horas cria um senso de urg\u00eancia, tornando-o mais suscet\u00edvel a apelos emocionais em vez de racioc\u00ednio racional.<\/li>\n\n\n\n<li>As plataformas de m\u00eddias sociais amplificam certas vozes, dando-lhes mais peso do que merecem.<\/li>\n\n\n\n<li>A focaliza\u00e7\u00e3o dos meios de comunica\u00e7\u00e3o no sensacionalismo pode distra\u00ed-lo de quest\u00f5es mais urgentes.<\/li>\n\n\n\n<li>Os conglomerados de m\u00eddia podem silenciar vozes dissidentes, limitando o escopo do discurso p\u00fablico.<\/li>\n<\/ul>\n\n\n\n<p>Ao consumir m\u00eddias, lembre-se de que voc\u00ea n\u00e3o \u00e9 apenas um receptor passivo de informa\u00e7\u00f5es \u2013 <strong>voc\u00ea \u00e9<\/strong> um participante ativo na forma\u00e7\u00e3o de suas pr\u00f3prias opini\u00f5es.<\/p>\n\n\n\n<p>Esteja ciente da influ\u00eancia dos meios de comunica\u00e7\u00e3o e <strong>tome medidas para avaliar<\/strong> criticamente as informa\u00e7\u00f5es que lhe s\u00e3o fornecidas.<\/p>\n\n\n\n<h3 class=\"wp-block-heading\">Moldando a Percep\u00e7\u00e3o P\u00fablica<\/h3>\n\n\n\n<p>Ao <strong>formar opini\u00f5es<\/strong>, voc\u00ea est\u00e1 constantemente navegando em uma complexa teia de informa\u00e7\u00f5es, onde a m\u00eddia desempenha um papel crucial na forma\u00e7\u00e3o da percep\u00e7\u00e3o p\u00fablica.<\/p>\n\n\n\n<p>A capacidade da m\u00eddia de <strong>influenciar a opini\u00e3o p\u00fablica<\/strong> \u00e9 indiscut\u00edvel, pois tem o poder de <strong>moldar suas vis\u00f5es<\/strong> sobre v\u00e1rios t\u00f3picos. Essa influ\u00eancia p\u00fablica pode levar a <strong>uma mudan\u00e7a de percep\u00e7\u00e3o<\/strong>, onde suas opini\u00f5es iniciais s\u00e3o alteradas ou refor\u00e7adas pela informa\u00e7\u00e3o apresentada.<\/p>\n\n\n\n<p>Por exemplo, um <strong>relat\u00f3rio de not\u00edcias<\/strong> bem elaborado pode influenciar sua posi\u00e7\u00e3o sobre uma quest\u00e3o espec\u00edfica, tornando-o mais propenso a apoi\u00e1-la ou se opor a ela. Al\u00e9m disso, a <strong>representa\u00e7\u00e3o da m\u00eddia<\/strong> de certos grupos ou indiv\u00edduos pode criar uma impress\u00e3o duradoura, afetando como voc\u00ea os percebe.<\/p>\n\n\n\n<p>Como resultado, \u00e9 essencial estar ciente da influ\u00eancia da m\u00eddia e avaliar criticamente as informa\u00e7\u00f5es apresentadas. Ao fazer isso, voc\u00ea pode <strong>tomar decis\u00f5es informadas<\/strong> e formar opini\u00f5es que n\u00e3o se baseiam apenas na <strong>representa\u00e7\u00e3o da realidade<\/strong> pela m\u00eddia.<\/p>\n\n\n\n<p>Em ess\u00eancia, reconhecer o papel da m\u00eddia na forma\u00e7\u00e3o da percep\u00e7\u00e3o p\u00fablica permite que voc\u00ea navegue mais eficazmente pela complexa teia de informa\u00e7\u00f5es.<\/p>\n\n\n\n<h3 class=\"wp-block-heading\">Influenciando Vis\u00f5es Sociais<\/h3>\n\n\n\n<p>Atrav\u00e9s da exposi\u00e7\u00e3o constante, voc\u00ea \u00e9 suscet\u00edvel \u00e0 influ\u00eancia dos meios de comunica\u00e7\u00e3o em suas vis\u00f5es sociais, muitas vezes sem sequer perceber.<\/p>\n\n\n\n<p>A presen\u00e7a ub\u00edqua dos meios de comunica\u00e7\u00e3o em sua vida di\u00e1ria pode moldar suas opini\u00f5es sobre diversos assuntos, desde normas culturais at\u00e9 coment\u00e1rios sociais.<\/p>\n\n\n\n<p>Voc\u00ea pode encontrar-se adotando certos valores ou cren\u00e7as sem avali\u00e1-los criticamente, simplesmente porque eles s\u00e3o apresentados repetidamente a voc\u00ea por meio de diferentes canais de m\u00eddia.<\/p>\n\n\n\n<p>A influ\u00eancia dos meios de comunica\u00e7\u00e3o em vis\u00f5es sociais pode manifestar-se de v\u00e1rias maneiras:<\/p>\n\n\n\n<ul class=\"wp-block-list\">\n<li><strong>Refor\u00e7ando estere\u00f3tipos<\/strong>: Os meios de comunica\u00e7\u00e3o frequentemente perpetuam estere\u00f3tipos existentes, o que pode levar \u00e0 marginaliza\u00e7\u00e3o de certos grupos e refor\u00e7ar normas culturais danosas.<\/li>\n\n\n\n<li><strong>Moldando opini\u00e3o p\u00fablica<\/strong>: As emissoras de m\u00eddia podem influenciar a opini\u00e3o p\u00fablica em quest\u00f5es cr\u00edticas, como pol\u00edtica, economia e justi\u00e7a social, apresentando seletivamente informa\u00e7\u00f5es e opini\u00f5es de especialistas.<\/li>\n\n\n\n<li><strong>Criando normas sociais<\/strong>: Os meios de comunica\u00e7\u00e3o podem influenciar o que \u00e9 considerado comportamento aceit\u00e1vel, moda e estilo de vida, o que pode ter um impacto profundo em identidades individuais e coletivas.<\/li>\n\n\n\n<li><strong>Fomentando empatia e compreens\u00e3o<\/strong>: Por outro lado, os meios de comunica\u00e7\u00e3o tamb\u00e9m podem promover compreens\u00e3o intercultural, empatia e mudan\u00e7as sociais apresentando perspectivas e hist\u00f3rias diversas.<\/li>\n\n\n\n<li><strong>Influenciando pol\u00edtica e legisla\u00e7\u00e3o<\/strong>: A cobertura dos meios de comunica\u00e7\u00e3o sobre quest\u00f5es sociais pode influenciar decis\u00f5es pol\u00edticas e legisla\u00e7\u00e3o, pois os formuladores de pol\u00edticas muitas vezes respondem \u00e0 opini\u00e3o p\u00fablica e \u00e0 press\u00e3o da m\u00eddia.<\/li>\n<\/ul>\n\n\n\n<h2 class=\"wp-block-heading\">A Metodologia da Pogust Goodhead Explicada<\/h2>\n\n\n\n<p>Voc\u00ea est\u00e1 prestes a mergulhar nas nuances da <strong>metodologia de Pogust Goodhead<\/strong>, um aspecto crucial de sua <strong>an\u00e1lise cr\u00edtica<\/strong>.<\/p>\n\n\n\n<p>Essa abordagem \u00e9 constru\u00edda sobre uma funda\u00e7\u00e3o de <strong>rigorosa an\u00e1lise de dados<\/strong>, onde cada detalhe \u00e9 examinado minuciosamente para descobrir poss\u00edveis vieses e falhas.<\/p>\n\n\n\n<p>Ao faz\u00ea-lo, a metodologia de Pogust Goodhead garante que os dados sejam <strong>confi\u00e1veis e precisos<\/strong>, fornecendo uma base s\u00f3lida para sua an\u00e1lise.<\/p>\n\n\n\n<p>Uma das principais for\u00e7as dessa metodologia reside em sua capacidade de identificar <strong>falhas metodol\u00f3gicas<\/strong>, que podem impactar significativamente a validade dos achados de um estudo.<\/p>\n\n\n\n<p>Ao reconhecer essas falhas, Pogust Goodhead pode fornecer <strong>uma compreens\u00e3o mais completa<\/strong> da pesquisa, destacando tanto suas for\u00e7as quanto suas fraquezas.<\/p>\n\n\n\n<p>Isso, por sua vez, lhes permite oferecer uma cr\u00edtica mais equilibrada e informada da pesquisa.<\/p>\n\n\n\n<p>Atrav\u00e9s de sua abordagem meticulosa, a metodologia de Pogust Goodhead fornece uma <strong>estrutura s\u00f3lida<\/strong> para an\u00e1lise cr\u00edtica, essencial para descobrir a verdade por tr\u00e1s dos dados.<\/p>\n\n\n\n<h2 class=\"wp-block-heading\">Descobrindo Agendas Ocultas na M\u00eddia<\/h2>\n\n\n\n<p>Os ve\u00edculos de comunica\u00e7\u00e3o muitas vezes usam um <strong>manto de objetividade<\/strong>, apresentando-se como transmissores imparciais da verdade.<\/p>\n\n\n\n<p>No entanto, como um <strong>pensador cr\u00edtico<\/strong>, voc\u00ea sabe que nem sempre \u00e9 o caso. <strong>Desvendar agendas ocultas<\/strong> na m\u00eddia requer desenvolver habilidades de <strong>literacia midi\u00e1tica<\/strong>, que permitem analisar e avaliar as informa\u00e7\u00f5es apresentadas.<\/p>\n\n\n\n<p>Ao consumir m\u00eddia, pergunte-se:<\/p>\n\n\n\n<ul class=\"wp-block-list\">\n<li>Quem \u00e9 o autor e quais s\u00e3o suas credenciais?<\/li>\n\n\n\n<li>Qual \u00e9 o prop\u00f3sito do artigo e qual \u00e9 o tom que ele transmite?<\/li>\n\n\n\n<li>H\u00e1 algum vi\u00e9s ou apelo emocional usado para influenciar sua opini\u00e3o?<\/li>\n\n\n\n<li>As fontes citadas s\u00e3o cred\u00edveis e est\u00e3o adequadamente referenciadas?<\/li>\n\n\n\n<li>A informa\u00e7\u00e3o apresentada \u00e9 equilibrada ou \u00e9 unilateral?<\/li>\n<\/ul>\n\n\n\n<p>Note: The translation is identical to the original text because Brazilian Portuguese is very similar to European Portuguese, and the original text is already in Portuguese<\/p>\n\n\n\n<h2 class=\"wp-block-heading\">O Futuro da Responsabilidade Midi\u00e1tica<\/h2>\n\n\n\n<p>Ao desenvolver suas habilidades em descobrir agendas ocultas na m\u00eddia, voc\u00ea provavelmente percebeu que a necessidade de responsabilidade na ind\u00fastria \u00e9 mais premente do que nunca.<\/p>\n\n\n\n<p>O <strong>territ\u00f3rio midi\u00e1tico<\/strong> est\u00e1 mudando rapidamente, e com ele, a mec\u00e2nica da <strong>integridade jornal\u00edstica<\/strong>. No futuro, a <strong>responsabilidade midi\u00e1tica<\/strong> ser\u00e1 fundamental para manter a confian\u00e7a entre as emissoras de not\u00edcias e seus p\u00fablicos.<\/p>\n\n\n\n<p>Isso pode ser alcan\u00e7ado atrav\u00e9s de uma <strong>transpar\u00eancia aumentada<\/strong>, verifica\u00e7\u00e3o de fatos e ades\u00e3o a padr\u00f5es \u00e9ticos. Al\u00e9m disso, as organiza\u00e7\u00f5es midi\u00e1ticas devem priorizar a diversidade e a inclus\u00e3o em suas reportagens, garantindo que pontos de vista diversificados sejam representados e ouvidos.<\/p>\n\n\n\n<p>Ademais, <strong>\u00f3rg\u00e3os reguladores independentes<\/strong> podem desempenhar um papel fundamental em monitorar as emissoras de not\u00edcias e impor responsabilidade. Ao implementar essas medidas, a ind\u00fastria midi\u00e1tica pode recuperar a <strong>confian\u00e7a do p\u00fablico<\/strong> e manter seu papel de c\u00e3o de guarda dos poderosos.<\/p>\n\n\n\n<p>Em \u00faltima an\u00e1lise, o futuro da responsabilidade midi\u00e1tica depende dos esfor\u00e7os coletivos de jornalistas, organiza\u00e7\u00f5es midi\u00e1ticas e \u00f3rg\u00e3os reguladores para manter os princ\u00edpios da integridade jornal\u00edstica.<\/p>\n","protected":false},"excerpt":{"rendered":"<p>Ao examinar as pr\u00e1ticas jornal\u00edsticas da Poder360, \u00e9 essencial considerar as din\u00e2micas de poder em jogo na m\u00eddia brasileira, onde a estrutura de propriedade e a \u00e9tica jornal\u00edstica podem influenciar&#8230; <span class=\"meta-more\"><a href=\"https:\/\/adfformosa.com.ar\/?p=5941\">Leer mas &raquo;<\/a><\/span><\/p>\n","protected":false},"author":1,"featured_media":0,"comment_status":"open","ping_status":"closed","sticky":false,"template":"","format":"standard","meta":{"footnotes":""},"categories":[2],"tags":[],"class_list":["post-5941","post","type-post","status-publish","format-standard","hentry","category-prensa-adf","even alt"],"_links":{"self":[{"href":"https:\/\/adfformosa.com.ar\/index.php?rest_route=\/wp\/v2\/posts\/5941","targetHints":{"allow":["GET"]}}],"collection":[{"href":"https:\/\/adfformosa.com.ar\/index.php?rest_route=\/wp\/v2\/posts"}],"about":[{"href":"https:\/\/adfformosa.com.ar\/index.php?rest_route=\/wp\/v2\/types\/post"}],"author":[{"embeddable":true,"href":"https:\/\/adfformosa.com.ar\/index.php?rest_route=\/wp\/v2\/users\/1"}],"replies":[{"embeddable":true,"href":"https:\/\/adfformosa.com.ar\/index.php?rest_route=%2Fwp%2Fv2%2Fcomments&post=5941"}],"version-history":[{"count":1,"href":"https:\/\/adfformosa.com.ar\/index.php?rest_route=\/wp\/v2\/posts\/5941\/revisions"}],"predecessor-version":[{"id":5942,"href":"https:\/\/adfformosa.com.ar\/index.php?rest_route=\/wp\/v2\/posts\/5941\/revisions\/5942"}],"wp:attachment":[{"href":"https:\/\/adfformosa.com.ar\/index.php?rest_route=%2Fwp%2Fv2%2Fmedia&parent=5941"}],"wp:term":[{"taxonomy":"category","embeddable":true,"href":"https:\/\/adfformosa.com.ar\/index.php?rest_route=%2Fwp%2Fv2%2Fcategories&post=5941"},{"taxonomy":"post_tag","embeddable":true,"href":"https:\/\/adfformosa.com.ar\/index.php?rest_route=%2Fwp%2Fv2%2Ftags&post=5941"}],"curies":[{"name":"wp","href":"https:\/\/api.w.org\/{rel}","templated":true}]}}