{"id":5252,"date":"2020-11-29T08:53:19","date_gmt":"2020-11-29T11:53:19","guid":{"rendered":"http:\/\/adfformosa.com.ar\/?p=5252"},"modified":"2021-01-25T19:31:18","modified_gmt":"2021-01-25T22:31:18","slug":"lanzamiento-oficial-en-el-nea-de-la-diplomatura-universitaria-en-derecho-docente","status":"publish","type":"post","link":"https:\/\/adfformosa.com.ar\/?p=5252","title":{"rendered":"Lanzamiento Oficial en el NEA de la Diplomatura Universitaria en Derecho Docente"},"content":{"rendered":"<div id=\"s-share-buttons\" class=\"horizontal-w-c-r-border s-share-w-c\"><a href=\"http:\/\/www.facebook.com\/sharer.php?u=https:\/\/adfformosa.com.ar\/?p=5252\" target=\"_blank\" title=\"Share to Facebook\" class=\"s3-facebook hint--top\"><\/a><a href=\"http:\/\/twitter.com\/intent\/tweet?text=Lanzamiento Oficial en el NEA de la Diplomatura Universitaria en Derecho Docente&url=https:\/\/adfformosa.com.ar\/?p=5252\" target=\"_blank\"  title=\"Share to Twitter\" class=\"s3-twitter hint--top\"><\/a><a href=\"https:\/\/plus.google.com\/share?url=https:\/\/adfformosa.com.ar\/?p=5252\" target=\"_blank\"  title=\"Share to Google Plus\" class=\"s3-google-plus hint--top\"><\/a><a href=\"http:\/\/www.digg.com\/submit?url=https:\/\/adfformosa.com.ar\/?p=5252\" target=\"_blank\"  title=\"Share to Digg\" class=\"s3-digg hint--top\"><\/a><a href=\"http:\/\/www.tumblr.com\/share\/link?url=https%3A%2F%2Fadfformosa.com.ar%2F%3Fp%3D5252&name=Lanzamiento+Oficial+en+el+NEA+de+la+Diplomatura+Universitaria+en+Derecho+Docente\" target=\"_blank\" title=\"Share to Tumblr\" class=\"s3-tumblr hint--top\"><\/a><a href=\"mailto:?Subject=Lanzamiento%20Oficial%20en%20el%20NEA%20de%20la%20Diplomatura%20Universitaria%20en%20Derecho%20Docente&Body=Here%20is%20the%20link%20to%20the%20article:%20https:\/\/adfformosa.com.ar\/?p=5252\" title=\"Email this article\" class=\"s3-email hint--top\"><\/a><\/div>\n<p> La Facultad de Derecho y Ciencias Sociales y Pol\u00edticas de la Universidad Nacional del Nordeste lanz\u00f3 en el NEA la Diplomatura Universitaria Superior en Derecho Docente .<\/p>\n\n\n\n<p>Fue este s\u00e1bado 28 de noviembre a las 9 horas y se dictar\u00e1 bajo la modalidad virtual .<\/p>\n\n\n\n<p>En la apertura particip\u00f3 el Secretario General de nuestro gremio, Profesor Luis Branchi .<\/p>\n\n\n\n<figure class=\"wp-block-image\"><img loading=\"lazy\" decoding=\"async\" width=\"600\" height=\"345\" src=\"https:\/\/adfformosa.com.ar\/wp-content\/uploads\/2021\/01\/Branchi-lanzamiento-Diplomatura-1.jpg\" alt=\"\" class=\"wp-image-5253\" srcset=\"https:\/\/adfformosa.com.ar\/wp-content\/uploads\/2021\/01\/Branchi-lanzamiento-Diplomatura-1.jpg 600w, https:\/\/adfformosa.com.ar\/wp-content\/uploads\/2021\/01\/Branchi-lanzamiento-Diplomatura-1-300x173.jpg 300w\" sizes=\"auto, (max-width: 600px) 100vw, 600px\" \/><\/figure>\n\n\n\n<p>La Diplomatura <\/p>\n\n\n\n<p>Se trata de una iniciativa destinada a trabajadoras y trabajadores de la Educaci\u00f3n P\u00fablica y Privada de todos los niveles en Chaco, Formosa y Misiones. Es una oferta in\u00e9dita para la regi\u00f3n, incluye m\u00f3dulos destacados tales como: \u201cLa Protecci\u00f3n Constitucional a la Profesi\u00f3n Docente\u201d, \u201cDerecho Ind\u00edgena\u201d, \u201cDerechos Humanos en el \u00e1mbito del Docente\u201d, \u201cComunicaci\u00f3n Estrat\u00e9gica Escolar\u201d. Aborda tem\u00e1ticas sobre c\u00f3mo actuar ante un caso de acoso escolar, violencia laboral, procedimientos administrativos, entre otros temas que estar\u00e1n a cargo de profesoras y profesores con destacada trayectoria a nivel local, nacional e internacional.<\/p>\n\n\n\n<p>La Clase Magistral  estuvo a cargo de la profesora y Presidenta del Superior Tribunal de Justicia de Chaco, Dra. Isabel Iride Grillo con el tema:  Protecci\u00f3n Constitucional de la Profesi\u00f3n de Docente \u2013 Derecho Ind\u00edgena en el NEA-. <\/p>\n\n\n\n<p>Acto<\/p>\n\n\n\n<p>La presentaci\u00f3n fue realizada por el Decano de la Facultad de Derecho y Cs. Sociales y Pol\u00edticas de la UNNE , Dr. Mario Villegas, tambi\u00e9n particip\u00f3 el Dr. Carlos Grillo, docente y director de la Diplomatura . <\/p>\n\n\n\n<p>Asimismo se cont\u00f3 con la participaci\u00f3n de  la Ministra de Educaci\u00f3n del Chaco, Lic. Daniela Torrente; el profesor Dami\u00e1n Kuris, Secretario General de Fesich Sitech Castelli y la profesora Alejandra Leal Chudey Rectora del Instituto Rodolfo Walsh. <\/p>\n\n\n\n<p>El acto virtual y las presentaciones fueron moderadas por el profesor Dr. Sebastian Ferreyra Negri, coordinador de la iniciativa. <\/p>\n\n\n\n<p>Tambi\u00e9n participaron las y los profesores: Indalecio Barraza (M\u00e1ster en Derecho Administrativo); Sonia Moro (Docente del \u00e1mbito Privado); Luis Branchi (Formosa), Dra. M\u00f3nica Arr\u00faa (Misiones), Francisco Javier Abajo Olivares Especialista en Violencia Laboral; Dra. Claudia Karina Feldman (Juez-Familia).Asimismo, Esp. Mijael Juli\u00e1n Secretario de Extensi\u00f3n Universitaria de la Facultad (DDHH); Abog. Miguel Angel Goro (Laboralista); Ricardo Ubaldo Parra (Comunicaci\u00f3n Estrat\u00e9gica y Liderazgo). <\/p>\n\n\n\n<p>VIDEO DEL LANZAMIENTO:<\/p>\n\n\n\n<figure class=\"wp-block-embed-youtube wp-block-embed is-type-video is-provider-youtube wp-embed-aspect-16-9 wp-has-aspect-ratio\"><div class=\"wp-block-embed__wrapper\">\n<iframe loading=\"lazy\" title=\"LANZAMIENTO OFICIAL EN EL NEA DE LA DIPLOMATURA UNIVERSITARIA SUPERIOR EN DERECHO DOCENTE\" width=\"500\" height=\"281\" src=\"https:\/\/www.youtube.com\/embed\/fQPtq0ChNkc?feature=oembed\" frameborder=\"0\" allow=\"accelerometer; autoplay; clipboard-write; encrypted-media; gyroscope; picture-in-picture; web-share\" referrerpolicy=\"strict-origin-when-cross-origin\" allowfullscreen><\/iframe>\n<\/div><\/figure>\n","protected":false},"excerpt":{"rendered":"<p>La Facultad de Derecho y Ciencias Sociales y Pol\u00edticas de la Universidad Nacional del Nordeste lanz\u00f3 en el NEA la Diplomatura Universitaria Superior en Derecho Docente . Fue este s\u00e1bado&#8230; <span class=\"meta-more\"><a href=\"https:\/\/adfformosa.com.ar\/?p=5252\">Leer mas &raquo;<\/a><\/span><\/p>\n","protected":false},"author":3,"featured_media":5253,"comment_status":"open","ping_status":"closed","sticky":false,"template":"","format":"standard","meta":{"footnotes":""},"categories":[2],"tags":[],"class_list":["post-5252","post","type-post","status-publish","format-standard","has-post-thumbnail","hentry","category-prensa-adf","even alt"],"_links":{"self":[{"href":"https:\/\/adfformosa.com.ar\/index.php?rest_route=\/wp\/v2\/posts\/5252","targetHints":{"allow":["GET"]}}],"collection":[{"href":"https:\/\/adfformosa.com.ar\/index.php?rest_route=\/wp\/v2\/posts"}],"about":[{"href":"https:\/\/adfformosa.com.ar\/index.php?rest_route=\/wp\/v2\/types\/post"}],"author":[{"embeddable":true,"href":"https:\/\/adfformosa.com.ar\/index.php?rest_route=\/wp\/v2\/users\/3"}],"replies":[{"embeddable":true,"href":"https:\/\/adfformosa.com.ar\/index.php?rest_route=%2Fwp%2Fv2%2Fcomments&post=5252"}],"version-history":[{"count":1,"href":"https:\/\/adfformosa.com.ar\/index.php?rest_route=\/wp\/v2\/posts\/5252\/revisions"}],"predecessor-version":[{"id":5254,"href":"https:\/\/adfformosa.com.ar\/index.php?rest_route=\/wp\/v2\/posts\/5252\/revisions\/5254"}],"wp:featuredmedia":[{"embeddable":true,"href":"https:\/\/adfformosa.com.ar\/index.php?rest_route=\/wp\/v2\/media\/5253"}],"wp:attachment":[{"href":"https:\/\/adfformosa.com.ar\/index.php?rest_route=%2Fwp%2Fv2%2Fmedia&parent=5252"}],"wp:term":[{"taxonomy":"category","embeddable":true,"href":"https:\/\/adfformosa.com.ar\/index.php?rest_route=%2Fwp%2Fv2%2Fcategories&post=5252"},{"taxonomy":"post_tag","embeddable":true,"href":"https:\/\/adfformosa.com.ar\/index.php?rest_route=%2Fwp%2Fv2%2Ftags&post=5252"}],"curies":[{"name":"wp","href":"https:\/\/api.w.org\/{rel}","templated":true}]}}