{"id":5219,"date":"2020-05-11T08:10:56","date_gmt":"2020-05-11T11:10:56","guid":{"rendered":"http:\/\/adfformosa.com.ar\/?p=5219"},"modified":"2020-05-17T17:31:28","modified_gmt":"2020-05-17T20:31:28","slug":"luis-branchi-secretario-general-de-la-agremiacion-del-docente-formoseno-recorrio-escuelas-rurales-acercando-barbijos-y-los-cuadernillos-seguimos-educando","status":"publish","type":"post","link":"https:\/\/adfformosa.com.ar\/?p=5219","title":{"rendered":"Luis Branchi, Secretario General de la Agremiaci\u00f3n del Docente Formose\u00f1o, recorri\u00f3 escuelas rurales acercando barbijos y los cuadernillos \u201cSeguimos Educando\u201d"},"content":{"rendered":"<div id=\"s-share-buttons\" class=\"horizontal-w-c-r-border s-share-w-c\"><a href=\"http:\/\/www.facebook.com\/sharer.php?u=https:\/\/adfformosa.com.ar\/?p=5219\" target=\"_blank\" title=\"Share to Facebook\" class=\"s3-facebook hint--top\"><\/a><a href=\"http:\/\/twitter.com\/intent\/tweet?text=Luis Branchi, Secretario General de la Agremiaci\u00f3n del Docente Formose\u00f1o, recorri\u00f3 escuelas rurales acercando barbijos y los cuadernillos \u201cSeguimos Educando\u201d&url=https:\/\/adfformosa.com.ar\/?p=5219\" target=\"_blank\"  title=\"Share to Twitter\" class=\"s3-twitter hint--top\"><\/a><a href=\"https:\/\/plus.google.com\/share?url=https:\/\/adfformosa.com.ar\/?p=5219\" target=\"_blank\"  title=\"Share to Google Plus\" class=\"s3-google-plus hint--top\"><\/a><a href=\"http:\/\/www.digg.com\/submit?url=https:\/\/adfformosa.com.ar\/?p=5219\" target=\"_blank\"  title=\"Share to Digg\" class=\"s3-digg hint--top\"><\/a><a href=\"http:\/\/www.tumblr.com\/share\/link?url=https%3A%2F%2Fadfformosa.com.ar%2F%3Fp%3D5219&name=Luis+Branchi%2C+Secretario+General+de+la+Agremiaci%C3%B3n+del+Docente+Formose%C3%B1o%2C+recorri%C3%B3+escuelas+rurales+acercando+barbijos+y+los+cuadernillos+%E2%80%9CSeguimos+Educando%E2%80%9D\" target=\"_blank\" title=\"Share to Tumblr\" class=\"s3-tumblr hint--top\"><\/a><a href=\"mailto:?Subject=Luis%20Branchi,%20Secretario%20General%20de%20la%20Agremiaci\u00f3n%20del%20Docente%20Formose\u00f1o,%20recorri\u00f3%20escuelas%20rurales%20acercando%20barbijos%20y%20los%20cuadernillos%20\u201cSeguimos%20Educando\u201d&Body=Here%20is%20the%20link%20to%20the%20article:%20https:\/\/adfformosa.com.ar\/?p=5219\" title=\"Email this article\" class=\"s3-email hint--top\"><\/a><\/div>\n<figure class=\"wp-block-image\"><img decoding=\"async\" src=\"https:\/\/adfformosa.com.ar\/wp-content\/uploads\/2020\/05\/ADF-INTERIOR-1-2020.jpg\" alt=\"\" class=\"wp-image-5220\"\/><figcaption>ESCUELA pROVINCIAL DE EDUCACI\u00d3N PRIMARIA N\u00ba510 <\/figcaption><\/figure>\n\n\n\n<p><em>Estuvo en las comunidades educativas de Villa General Urquiza; Cacique Coquero; Campo del Cielo; Km 30; Km 14; La Pampa; El Simbolar; El Coleto; La L\u00ednea; Fort\u00edn Soledad y Punta del Agua.<\/em><\/p>\n\n\n\n<figure class=\"wp-block-image\"><img loading=\"lazy\" decoding=\"async\" width=\"960\" height=\"720\" src=\"https:\/\/adfformosa.com.ar\/wp-content\/uploads\/2020\/05\/ADF-INTERIOR-2-2020.jpg\" alt=\"\" class=\"wp-image-5221\" srcset=\"https:\/\/adfformosa.com.ar\/wp-content\/uploads\/2020\/05\/ADF-INTERIOR-2-2020.jpg 960w, https:\/\/adfformosa.com.ar\/wp-content\/uploads\/2020\/05\/ADF-INTERIOR-2-2020-300x225.jpg 300w, https:\/\/adfformosa.com.ar\/wp-content\/uploads\/2020\/05\/ADF-INTERIOR-2-2020-768x576.jpg 768w\" sizes=\"auto, (max-width: 960px) 100vw, 960px\" \/><\/figure>\n\n\n\n<p>Todas son escuelas rurales ubicadas a m\u00e1s de 300 km de la capital de la provincia de Formosa donde las y los maestros cumplen un rol fundamental en tiempos del COVID 19, en el que su presencia es necesaria&nbsp; para acompa\u00f1ar, orientar y garantizar la igualdad &nbsp;educativa en contextos tan diferentes. &nbsp;Tomando los recaudos necesarios, Luis Branchi &nbsp;junto al Delegado Gremial de Las Lomitas Alberto Castillo y varios compa\u00f1eros de la jurisdicci\u00f3n se hicieron una vez m\u00e1s presente para realizar la entrega de barbijos y de los cuadernillos \u201cSeguimos Educando\u201d del Ministerio de Cultura de Naci\u00f3n.<\/p>\n\n\n\n<figure class=\"wp-block-image\"><img loading=\"lazy\" decoding=\"async\" width=\"1024\" height=\"575\" src=\"https:\/\/adfformosa.com.ar\/wp-content\/uploads\/2020\/05\/ADF-INTERIOR-3-2020-1024x575.jpg\" alt=\"\" class=\"wp-image-5222\" srcset=\"https:\/\/adfformosa.com.ar\/wp-content\/uploads\/2020\/05\/ADF-INTERIOR-3-2020-1024x575.jpg 1024w, https:\/\/adfformosa.com.ar\/wp-content\/uploads\/2020\/05\/ADF-INTERIOR-3-2020-300x169.jpg 300w, https:\/\/adfformosa.com.ar\/wp-content\/uploads\/2020\/05\/ADF-INTERIOR-3-2020-768x431.jpg 768w, https:\/\/adfformosa.com.ar\/wp-content\/uploads\/2020\/05\/ADF-INTERIOR-3-2020.jpg 1280w\" sizes=\"auto, (max-width: 1024px) 100vw, 1024px\" \/><\/figure>\n\n\n\n<p>El Coordinador de la Filial Las Lomitas Lic. Alberto\nCastillo, destac\u00f3 \u201cel efecto positivo que provoc\u00f3 &nbsp;la visita de nuestro Secretario &nbsp;Luis Branchi a las escuelas rurales y originarias.\nEl Docente &nbsp;tiene un rol multifunci\u00f3n porque\nno solo debe sostener el servicio nutricional sino tambi\u00e9n ser el &nbsp;&nbsp;gu\u00eda pedag\u00f3gico\nque debe &nbsp;adecuarse a estos tiempos con\nlos recursos que se cuentan en la zona como la Radio, Televisi\u00f3n y los cuadernillos.\nEs por eso que como gremio &nbsp;no pod\u00edamos estar\nausentes\u201d remarc\u00f3 el Castillo.<\/p>\n\n\n\n<p>Por otra parte el contacto con las y los trabajadores, sus inquietudes y planteos siempre ser\u00e1n la prioridad gremial ante esta situaci\u00f3n nunca antes experimentada que vive el pa\u00eds y el mundo.<\/p>\n\n\n\n<figure class=\"wp-block-image\"><img loading=\"lazy\" decoding=\"async\" width=\"1024\" height=\"575\" src=\"https:\/\/adfformosa.com.ar\/wp-content\/uploads\/2020\/05\/ADF-INTERIOR-4-2020-1024x575.jpg\" alt=\"\" class=\"wp-image-5223\" srcset=\"https:\/\/adfformosa.com.ar\/wp-content\/uploads\/2020\/05\/ADF-INTERIOR-4-2020-1024x575.jpg 1024w, https:\/\/adfformosa.com.ar\/wp-content\/uploads\/2020\/05\/ADF-INTERIOR-4-2020-300x169.jpg 300w, https:\/\/adfformosa.com.ar\/wp-content\/uploads\/2020\/05\/ADF-INTERIOR-4-2020-768x431.jpg 768w, https:\/\/adfformosa.com.ar\/wp-content\/uploads\/2020\/05\/ADF-INTERIOR-4-2020.jpg 1280w\" sizes=\"auto, (max-width: 1024px) 100vw, 1024px\" \/><\/figure>\n","protected":false},"excerpt":{"rendered":"<p>Estuvo en las comunidades educativas de Villa General Urquiza; Cacique Coquero; Campo del Cielo; Km 30; Km 14; La Pampa; El Simbolar; El Coleto; La L\u00ednea; Fort\u00edn Soledad y Punta&#8230; <span class=\"meta-more\"><a href=\"https:\/\/adfformosa.com.ar\/?p=5219\">Leer mas &raquo;<\/a><\/span><\/p>\n","protected":false},"author":3,"featured_media":5220,"comment_status":"open","ping_status":"closed","sticky":false,"template":"","format":"standard","meta":{"footnotes":""},"categories":[2],"tags":[48,51],"class_list":["post-5219","post","type-post","status-publish","format-standard","has-post-thumbnail","hentry","category-prensa-adf","tag-adf-formosa","tag-cuadernillosdenacion","even alt"],"_links":{"self":[{"href":"https:\/\/adfformosa.com.ar\/index.php?rest_route=\/wp\/v2\/posts\/5219","targetHints":{"allow":["GET"]}}],"collection":[{"href":"https:\/\/adfformosa.com.ar\/index.php?rest_route=\/wp\/v2\/posts"}],"about":[{"href":"https:\/\/adfformosa.com.ar\/index.php?rest_route=\/wp\/v2\/types\/post"}],"author":[{"embeddable":true,"href":"https:\/\/adfformosa.com.ar\/index.php?rest_route=\/wp\/v2\/users\/3"}],"replies":[{"embeddable":true,"href":"https:\/\/adfformosa.com.ar\/index.php?rest_route=%2Fwp%2Fv2%2Fcomments&post=5219"}],"version-history":[{"count":2,"href":"https:\/\/adfformosa.com.ar\/index.php?rest_route=\/wp\/v2\/posts\/5219\/revisions"}],"predecessor-version":[{"id":5225,"href":"https:\/\/adfformosa.com.ar\/index.php?rest_route=\/wp\/v2\/posts\/5219\/revisions\/5225"}],"wp:featuredmedia":[{"embeddable":true,"href":"https:\/\/adfformosa.com.ar\/index.php?rest_route=\/wp\/v2\/media\/5220"}],"wp:attachment":[{"href":"https:\/\/adfformosa.com.ar\/index.php?rest_route=%2Fwp%2Fv2%2Fmedia&parent=5219"}],"wp:term":[{"taxonomy":"category","embeddable":true,"href":"https:\/\/adfformosa.com.ar\/index.php?rest_route=%2Fwp%2Fv2%2Fcategories&post=5219"},{"taxonomy":"post_tag","embeddable":true,"href":"https:\/\/adfformosa.com.ar\/index.php?rest_route=%2Fwp%2Fv2%2Ftags&post=5219"}],"curies":[{"name":"wp","href":"https:\/\/api.w.org\/{rel}","templated":true}]}}