{"id":5194,"date":"2020-02-26T20:54:58","date_gmt":"2020-02-26T23:54:58","guid":{"rendered":"http:\/\/adfformosa.com.ar\/?p=5194"},"modified":"2020-02-26T21:03:03","modified_gmt":"2020-02-27T00:03:03","slug":"branchi-recibimos-una-propuesta-que-sera-estudiada-por-el-congreso-de-la-ctera-el-28","status":"publish","type":"post","link":"https:\/\/adfformosa.com.ar\/?p=5194","title":{"rendered":"Branchi: \u201cRecibimos una propuesta que ser\u00e1 estudiada por el Congreso de la CTERA el 28\u201d"},"content":{"rendered":"<div id=\"s-share-buttons\" class=\"horizontal-w-c-r-border s-share-w-c\"><a href=\"http:\/\/www.facebook.com\/sharer.php?u=https:\/\/adfformosa.com.ar\/?p=5194\" target=\"_blank\" title=\"Share to Facebook\" class=\"s3-facebook hint--top\"><\/a><a href=\"http:\/\/twitter.com\/intent\/tweet?text=Branchi: \u201cRecibimos una propuesta que ser\u00e1 estudiada por el Congreso de la CTERA el 28\u201d&url=https:\/\/adfformosa.com.ar\/?p=5194\" target=\"_blank\"  title=\"Share to Twitter\" class=\"s3-twitter hint--top\"><\/a><a href=\"https:\/\/plus.google.com\/share?url=https:\/\/adfformosa.com.ar\/?p=5194\" target=\"_blank\"  title=\"Share to Google Plus\" class=\"s3-google-plus hint--top\"><\/a><a href=\"http:\/\/www.digg.com\/submit?url=https:\/\/adfformosa.com.ar\/?p=5194\" target=\"_blank\"  title=\"Share to Digg\" class=\"s3-digg hint--top\"><\/a><a href=\"http:\/\/www.tumblr.com\/share\/link?url=https%3A%2F%2Fadfformosa.com.ar%2F%3Fp%3D5194&name=Branchi%3A+%E2%80%9CRecibimos+una+propuesta+que+ser%C3%A1+estudiada+por+el+Congreso+de+la+CTERA+el+28%E2%80%9D\" target=\"_blank\" title=\"Share to Tumblr\" class=\"s3-tumblr hint--top\"><\/a><a href=\"mailto:?Subject=Branchi:%20\u201cRecibimos%20una%20propuesta%20que%20ser\u00e1%20estudiada%20por%20el%20Congreso%20de%20la%20CTERA%20el%2028\u201d&Body=Here%20is%20the%20link%20to%20the%20article:%20https:\/\/adfformosa.com.ar\/?p=5194\" title=\"Email this article\" class=\"s3-email hint--top\"><\/a><\/div>\n<p class=\"has-text-color has-very-dark-gray-color\"><strong>Paritaria Docente 2020 con acuerdo de los gremios <\/strong><\/p>\n\n\n\n<figure class=\"wp-block-image\"><img loading=\"lazy\" decoding=\"async\" width=\"960\" height=\"720\" src=\"https:\/\/adfformosa.com.ar\/wp-content\/uploads\/2020\/02\/paritaria-febrero-2020-ctera.jpg\" alt=\"\" class=\"wp-image-5195\" srcset=\"https:\/\/adfformosa.com.ar\/wp-content\/uploads\/2020\/02\/paritaria-febrero-2020-ctera.jpg 960w, https:\/\/adfformosa.com.ar\/wp-content\/uploads\/2020\/02\/paritaria-febrero-2020-ctera-300x225.jpg 300w, https:\/\/adfformosa.com.ar\/wp-content\/uploads\/2020\/02\/paritaria-febrero-2020-ctera-768x576.jpg 768w\" sizes=\"auto, (max-width: 960px) 100vw, 960px\" \/><\/figure>\n\n\n\n<p> El encuentro se realiz\u00f3 en el Palacio Sarmiento y participaron los delegados paritarios de la Confederaci\u00f3n de Trabajadores de la Educaci\u00f3n (Ctera), la UDA, la Confederaci\u00f3n de Educadores Argentinos (CEA), el Sindicato Argentino de Docentes Privados (Sadop) y la Asociaci\u00f3n del Magisterio de Ense\u00f1anza T\u00e9cnica (AMET). <\/p>\n\n\n\n<figure class=\"wp-block-image\"><img loading=\"lazy\" decoding=\"async\" width=\"960\" height=\"720\" src=\"https:\/\/adfformosa.com.ar\/wp-content\/uploads\/2020\/02\/branchi-paritaria-febrero-2020-dos.jpg\" alt=\"\" class=\"wp-image-5196\" srcset=\"https:\/\/adfformosa.com.ar\/wp-content\/uploads\/2020\/02\/branchi-paritaria-febrero-2020-dos.jpg 960w, https:\/\/adfformosa.com.ar\/wp-content\/uploads\/2020\/02\/branchi-paritaria-febrero-2020-dos-300x225.jpg 300w, https:\/\/adfformosa.com.ar\/wp-content\/uploads\/2020\/02\/branchi-paritaria-febrero-2020-dos-768x576.jpg 768w\" sizes=\"auto, (max-width: 960px) 100vw, 960px\" \/><\/figure>\n\n\n\n<p class=\"has-background has-pale-cyan-blue-background-color\">Branchi,  adelant\u00f3 que el d\u00eda 28 se reunir\u00e1 en Buenos Aires el Congreso de Ctera para analizar la propuesta de un salario m\u00ednimo inicial de 23 mil pesos a partir del 1\u00b0 de marzo y de 25 mil pesos desde el 1\u00b0 de julio pr\u00f3ximo.<\/p>\n\n\n\n<p> <\/p>\n","protected":false},"excerpt":{"rendered":"<p>Paritaria Docente 2020 con acuerdo de los gremios El encuentro se realiz\u00f3 en el Palacio Sarmiento y participaron los delegados paritarios de la Confederaci\u00f3n de Trabajadores de la Educaci\u00f3n (Ctera),&#8230; <span class=\"meta-more\"><a href=\"https:\/\/adfformosa.com.ar\/?p=5194\">Leer mas &raquo;<\/a><\/span><\/p>\n","protected":false},"author":3,"featured_media":5195,"comment_status":"open","ping_status":"closed","sticky":false,"template":"","format":"standard","meta":{"footnotes":""},"categories":[2],"tags":[],"class_list":["post-5194","post","type-post","status-publish","format-standard","has-post-thumbnail","hentry","category-prensa-adf","even alt"],"_links":{"self":[{"href":"https:\/\/adfformosa.com.ar\/index.php?rest_route=\/wp\/v2\/posts\/5194","targetHints":{"allow":["GET"]}}],"collection":[{"href":"https:\/\/adfformosa.com.ar\/index.php?rest_route=\/wp\/v2\/posts"}],"about":[{"href":"https:\/\/adfformosa.com.ar\/index.php?rest_route=\/wp\/v2\/types\/post"}],"author":[{"embeddable":true,"href":"https:\/\/adfformosa.com.ar\/index.php?rest_route=\/wp\/v2\/users\/3"}],"replies":[{"embeddable":true,"href":"https:\/\/adfformosa.com.ar\/index.php?rest_route=%2Fwp%2Fv2%2Fcomments&post=5194"}],"version-history":[{"count":1,"href":"https:\/\/adfformosa.com.ar\/index.php?rest_route=\/wp\/v2\/posts\/5194\/revisions"}],"predecessor-version":[{"id":5197,"href":"https:\/\/adfformosa.com.ar\/index.php?rest_route=\/wp\/v2\/posts\/5194\/revisions\/5197"}],"wp:featuredmedia":[{"embeddable":true,"href":"https:\/\/adfformosa.com.ar\/index.php?rest_route=\/wp\/v2\/media\/5195"}],"wp:attachment":[{"href":"https:\/\/adfformosa.com.ar\/index.php?rest_route=%2Fwp%2Fv2%2Fmedia&parent=5194"}],"wp:term":[{"taxonomy":"category","embeddable":true,"href":"https:\/\/adfformosa.com.ar\/index.php?rest_route=%2Fwp%2Fv2%2Fcategories&post=5194"},{"taxonomy":"post_tag","embeddable":true,"href":"https:\/\/adfformosa.com.ar\/index.php?rest_route=%2Fwp%2Fv2%2Ftags&post=5194"}],"curies":[{"name":"wp","href":"https:\/\/api.w.org\/{rel}","templated":true}]}}