{"id":5177,"date":"2019-12-18T08:21:51","date_gmt":"2019-12-18T11:21:51","guid":{"rendered":"http:\/\/adfformosa.com.ar\/?p=5177"},"modified":"2019-12-18T08:21:52","modified_gmt":"2019-12-18T11:21:52","slug":"calendario-escolar-2020","status":"publish","type":"post","link":"https:\/\/adfformosa.com.ar\/?p=5177","title":{"rendered":"Calendario Escolar 2020"},"content":{"rendered":"<div id=\"s-share-buttons\" class=\"horizontal-w-c-r-border s-share-w-c\"><a href=\"http:\/\/www.facebook.com\/sharer.php?u=https:\/\/adfformosa.com.ar\/?p=5177\" target=\"_blank\" title=\"Share to Facebook\" class=\"s3-facebook hint--top\"><\/a><a href=\"http:\/\/twitter.com\/intent\/tweet?text=Calendario Escolar 2020&url=https:\/\/adfformosa.com.ar\/?p=5177\" target=\"_blank\"  title=\"Share to Twitter\" class=\"s3-twitter hint--top\"><\/a><a href=\"https:\/\/plus.google.com\/share?url=https:\/\/adfformosa.com.ar\/?p=5177\" target=\"_blank\"  title=\"Share to Google Plus\" class=\"s3-google-plus hint--top\"><\/a><a href=\"http:\/\/www.digg.com\/submit?url=https:\/\/adfformosa.com.ar\/?p=5177\" target=\"_blank\"  title=\"Share to Digg\" class=\"s3-digg hint--top\"><\/a><a href=\"http:\/\/www.tumblr.com\/share\/link?url=https%3A%2F%2Fadfformosa.com.ar%2F%3Fp%3D5177&name=Calendario+Escolar+2020\" target=\"_blank\" title=\"Share to Tumblr\" class=\"s3-tumblr hint--top\"><\/a><a href=\"mailto:?Subject=Calendario%20Escolar%202020&Body=Here%20is%20the%20link%20to%20the%20article:%20https:\/\/adfformosa.com.ar\/?p=5177\" title=\"Email this article\" class=\"s3-email hint--top\"><\/a><\/div>\n<p>El Ministerio de Cultura y Educaci\u00f2n de la provincia de Formosa aprob\u00f2 el calendario de actividades educativas para todos los niveles de ense\u00f1anza .<\/p>\n\n\n\n<p>En el  instrumento legal N\u00ba6786\/19  se estable que las clases comenzaran el d\u00eca 9 de marzo hasta el 31 de diciembre de 2020.<\/p>\n\n\n\n<p>La fecha de presentaci\u00f2n para el personal docente ser\u00e0 el 17 de febrero.<\/p>\n\n\n\n<div class=\"wp-block-image\"><figure class=\"aligncenter\"><img loading=\"lazy\" decoding=\"async\" width=\"1024\" height=\"683\" src=\"https:\/\/adfformosa.com.ar\/wp-content\/uploads\/2019\/12\/NI\u00d1OS-1024x683.jpg\" alt=\"\" class=\"wp-image-5178\"\/><\/figure><\/div>\n\n\n\n<p><strong>CALENDARIO ESCOLAR 2020 PARA DESCARGAR- IMPRIMIR CLIC AQU\u00cc:<\/strong><\/p>\n\n\n<a href=\"https:\/\/adfformosa.com.ar\/wp-content\/uploads\/2019\/12\/CalendarioEscolar2020.pdf\" class=\"pdfemb-viewer\" style=\"\" data-width=\"max\" data-height=\"max\" data-toolbar=\"bottom\" data-toolbar-fixed=\"off\">CalendarioEscolar2020<\/a>\n<p class=\"wp-block-pdfemb-pdf-embedder-viewer\"><\/p>\n","protected":false},"excerpt":{"rendered":"<p>El Ministerio de Cultura y Educaci\u00f2n de la provincia de Formosa aprob\u00f2 el calendario de actividades educativas para todos los niveles de ense\u00f1anza . En el instrumento legal N\u00ba6786\/19 se&#8230; <span class=\"meta-more\"><a href=\"https:\/\/adfformosa.com.ar\/?p=5177\">Leer mas &raquo;<\/a><\/span><\/p>\n","protected":false},"author":3,"featured_media":5178,"comment_status":"open","ping_status":"closed","sticky":false,"template":"","format":"standard","meta":{"footnotes":""},"categories":[8,2],"tags":[],"class_list":["post-5177","post","type-post","status-publish","format-standard","has-post-thumbnail","hentry","category-leyes-y-resoluciones","category-prensa-adf","even alt"],"_links":{"self":[{"href":"https:\/\/adfformosa.com.ar\/index.php?rest_route=\/wp\/v2\/posts\/5177","targetHints":{"allow":["GET"]}}],"collection":[{"href":"https:\/\/adfformosa.com.ar\/index.php?rest_route=\/wp\/v2\/posts"}],"about":[{"href":"https:\/\/adfformosa.com.ar\/index.php?rest_route=\/wp\/v2\/types\/post"}],"author":[{"embeddable":true,"href":"https:\/\/adfformosa.com.ar\/index.php?rest_route=\/wp\/v2\/users\/3"}],"replies":[{"embeddable":true,"href":"https:\/\/adfformosa.com.ar\/index.php?rest_route=%2Fwp%2Fv2%2Fcomments&post=5177"}],"version-history":[{"count":2,"href":"https:\/\/adfformosa.com.ar\/index.php?rest_route=\/wp\/v2\/posts\/5177\/revisions"}],"predecessor-version":[{"id":5183,"href":"https:\/\/adfformosa.com.ar\/index.php?rest_route=\/wp\/v2\/posts\/5177\/revisions\/5183"}],"wp:featuredmedia":[{"embeddable":true,"href":"https:\/\/adfformosa.com.ar\/index.php?rest_route=\/wp\/v2\/media\/5178"}],"wp:attachment":[{"href":"https:\/\/adfformosa.com.ar\/index.php?rest_route=%2Fwp%2Fv2%2Fmedia&parent=5177"}],"wp:term":[{"taxonomy":"category","embeddable":true,"href":"https:\/\/adfformosa.com.ar\/index.php?rest_route=%2Fwp%2Fv2%2Fcategories&post=5177"},{"taxonomy":"post_tag","embeddable":true,"href":"https:\/\/adfformosa.com.ar\/index.php?rest_route=%2Fwp%2Fv2%2Ftags&post=5177"}],"curies":[{"name":"wp","href":"https:\/\/api.w.org\/{rel}","templated":true}]}}