{"id":5161,"date":"2019-11-07T06:18:25","date_gmt":"2019-11-07T09:18:25","guid":{"rendered":"http:\/\/adfformosa.com.ar\/?p=5161"},"modified":"2019-11-16T18:21:22","modified_gmt":"2019-11-16T21:21:22","slug":"adf-adhiere-al-paro-nacional-convocado-por-ctera","status":"publish","type":"post","link":"https:\/\/adfformosa.com.ar\/?p=5161","title":{"rendered":"ADF adhiere al paro nacional convocado por CTERA"},"content":{"rendered":"<div id=\"s-share-buttons\" class=\"horizontal-w-c-r-border s-share-w-c\"><a href=\"http:\/\/www.facebook.com\/sharer.php?u=https:\/\/adfformosa.com.ar\/?p=5161\" target=\"_blank\" title=\"Share to Facebook\" class=\"s3-facebook hint--top\"><\/a><a href=\"http:\/\/twitter.com\/intent\/tweet?text=ADF adhiere al paro nacional convocado por CTERA&url=https:\/\/adfformosa.com.ar\/?p=5161\" target=\"_blank\"  title=\"Share to Twitter\" class=\"s3-twitter hint--top\"><\/a><a href=\"https:\/\/plus.google.com\/share?url=https:\/\/adfformosa.com.ar\/?p=5161\" target=\"_blank\"  title=\"Share to Google Plus\" class=\"s3-google-plus hint--top\"><\/a><a href=\"http:\/\/www.digg.com\/submit?url=https:\/\/adfformosa.com.ar\/?p=5161\" target=\"_blank\"  title=\"Share to Digg\" class=\"s3-digg hint--top\"><\/a><a href=\"http:\/\/www.tumblr.com\/share\/link?url=https%3A%2F%2Fadfformosa.com.ar%2F%3Fp%3D5161&name=ADF+adhiere+al+paro+nacional+convocado+por+CTERA\" target=\"_blank\" title=\"Share to Tumblr\" class=\"s3-tumblr hint--top\"><\/a><a href=\"mailto:?Subject=ADF%20adhiere%20al%20paro%20nacional%20convocado%20por%20CTERA&Body=Here%20is%20the%20link%20to%20the%20article:%20https:\/\/adfformosa.com.ar\/?p=5161\" title=\"Email this article\" class=\"s3-email hint--top\"><\/a><\/div>\n<p>La Agremiaci\u00f3n del Docente Formose\u00f1o informa que en solidaridad con los docentes de\u00a0<a href=\"https:\/\/www.facebook.com\/hashtag\/chubut?epa=HASHTAG\">#Chubut<\/a>\u00a0adhiere al paro nacional convocado para ma\u00f1ana 8 de noviembre.<br>Repudiamos la brutal represi\u00f3n a los docentes; Por la liberaci\u00f3n de nuestro compa\u00f1ero Santiago Goodman Secretario Gral de\u00a0<a href=\"https:\/\/www.facebook.com\/hashtag\/atech?epa=HASHTAG\">#ATECH<\/a><br>Paro SIN concurrencia a los lugares de trabajo. <\/p>\n\n\n\n<figure class=\"wp-block-image\"><img loading=\"lazy\" decoding=\"async\" width=\"768\" height=\"1024\" src=\"https:\/\/adfformosa.com.ar\/wp-content\/uploads\/2019\/11\/paro-5-septiembre-de-ADF-768x1024.jpg\" alt=\"\" class=\"wp-image-5162\" srcset=\"https:\/\/adfformosa.com.ar\/wp-content\/uploads\/2019\/11\/paro-5-septiembre-de-ADF-768x1024.jpg 768w, https:\/\/adfformosa.com.ar\/wp-content\/uploads\/2019\/11\/paro-5-septiembre-de-ADF-225x300.jpg 225w, https:\/\/adfformosa.com.ar\/wp-content\/uploads\/2019\/11\/paro-5-septiembre-de-ADF.jpg 960w\" sizes=\"auto, (max-width: 768px) 100vw, 768px\" \/><\/figure>\n","protected":false},"excerpt":{"rendered":"<p>La Agremiaci\u00f3n del Docente Formose\u00f1o informa que en solidaridad con los docentes de\u00a0#Chubut\u00a0adhiere al paro nacional convocado para ma\u00f1ana 8 de noviembre.Repudiamos la brutal represi\u00f3n a los docentes; Por la&#8230; <span class=\"meta-more\"><a href=\"https:\/\/adfformosa.com.ar\/?p=5161\">Leer mas &raquo;<\/a><\/span><\/p>\n","protected":false},"author":3,"featured_media":0,"comment_status":"open","ping_status":"closed","sticky":false,"template":"","format":"standard","meta":{"footnotes":""},"categories":[2],"tags":[48],"class_list":["post-5161","post","type-post","status-publish","format-standard","hentry","category-prensa-adf","tag-adf-formosa","even alt"],"_links":{"self":[{"href":"https:\/\/adfformosa.com.ar\/index.php?rest_route=\/wp\/v2\/posts\/5161","targetHints":{"allow":["GET"]}}],"collection":[{"href":"https:\/\/adfformosa.com.ar\/index.php?rest_route=\/wp\/v2\/posts"}],"about":[{"href":"https:\/\/adfformosa.com.ar\/index.php?rest_route=\/wp\/v2\/types\/post"}],"author":[{"embeddable":true,"href":"https:\/\/adfformosa.com.ar\/index.php?rest_route=\/wp\/v2\/users\/3"}],"replies":[{"embeddable":true,"href":"https:\/\/adfformosa.com.ar\/index.php?rest_route=%2Fwp%2Fv2%2Fcomments&post=5161"}],"version-history":[{"count":1,"href":"https:\/\/adfformosa.com.ar\/index.php?rest_route=\/wp\/v2\/posts\/5161\/revisions"}],"predecessor-version":[{"id":5163,"href":"https:\/\/adfformosa.com.ar\/index.php?rest_route=\/wp\/v2\/posts\/5161\/revisions\/5163"}],"wp:attachment":[{"href":"https:\/\/adfformosa.com.ar\/index.php?rest_route=%2Fwp%2Fv2%2Fmedia&parent=5161"}],"wp:term":[{"taxonomy":"category","embeddable":true,"href":"https:\/\/adfformosa.com.ar\/index.php?rest_route=%2Fwp%2Fv2%2Fcategories&post=5161"},{"taxonomy":"post_tag","embeddable":true,"href":"https:\/\/adfformosa.com.ar\/index.php?rest_route=%2Fwp%2Fv2%2Ftags&post=5161"}],"curies":[{"name":"wp","href":"https:\/\/api.w.org\/{rel}","templated":true}]}}