{"id":5158,"date":"2019-11-08T06:07:05","date_gmt":"2019-11-08T09:07:05","guid":{"rendered":"http:\/\/adfformosa.com.ar\/?p=5158"},"modified":"2019-11-16T18:15:28","modified_gmt":"2019-11-16T21:15:28","slug":"paro-nacional-docente-ctera-se-movilizo-a-la-casa-de-la-provincia-de-chubut","status":"publish","type":"post","link":"https:\/\/adfformosa.com.ar\/?p=5158","title":{"rendered":"PARO NACIONAL DOCENTE. CTERA se moviliz\u00f3 a la Casa de la Provincia de Chubut."},"content":{"rendered":"<div id=\"s-share-buttons\" class=\"horizontal-w-c-r-border s-share-w-c\"><a href=\"http:\/\/www.facebook.com\/sharer.php?u=https:\/\/adfformosa.com.ar\/?p=5158\" target=\"_blank\" title=\"Share to Facebook\" class=\"s3-facebook hint--top\"><\/a><a href=\"http:\/\/twitter.com\/intent\/tweet?text=PARO NACIONAL DOCENTE. CTERA se moviliz\u00f3 a la Casa de la Provincia de Chubut.&url=https:\/\/adfformosa.com.ar\/?p=5158\" target=\"_blank\"  title=\"Share to Twitter\" class=\"s3-twitter hint--top\"><\/a><a href=\"https:\/\/plus.google.com\/share?url=https:\/\/adfformosa.com.ar\/?p=5158\" target=\"_blank\"  title=\"Share to Google Plus\" class=\"s3-google-plus hint--top\"><\/a><a href=\"http:\/\/www.digg.com\/submit?url=https:\/\/adfformosa.com.ar\/?p=5158\" target=\"_blank\"  title=\"Share to Digg\" class=\"s3-digg hint--top\"><\/a><a href=\"http:\/\/www.tumblr.com\/share\/link?url=https%3A%2F%2Fadfformosa.com.ar%2F%3Fp%3D5158&name=PARO+NACIONAL+DOCENTE.+CTERA+se+moviliz%C3%B3+a+la+Casa+de+la+Provincia+de+Chubut.\" target=\"_blank\" title=\"Share to Tumblr\" class=\"s3-tumblr hint--top\"><\/a><a href=\"mailto:?Subject=PARO%20NACIONAL%20DOCENTE.%20CTERA%20se%20moviliz\u00f3%20a%20la%20Casa%20de%20la%20Provincia%20de%20Chubut.&Body=Here%20is%20the%20link%20to%20the%20article:%20https:\/\/adfformosa.com.ar\/?p=5158\" title=\"Email this article\" class=\"s3-email hint--top\"><\/a><\/div>\n<p>En el marco del Paro Nacional Docente, CTERA se moviliz\u00f3 a la Casa de la Provincia de Chubut para repudiar la brutal represi\u00f3n del Gobierno Provincial hacia lxs docentes y el encarcelamiento de Santiago Goodman &#8211; Sec. General de ATECH, adem\u00e1s exigir la urgente soluci\u00f3n al conflicto educativo; la devoluci\u00f3n de los descuentos ilegales y el pago de todas las deudas.  <\/p>\n\n\n\n<figure class=\"wp-block-image\"><img loading=\"lazy\" decoding=\"async\" width=\"600\" height=\"400\" src=\"https:\/\/adfformosa.com.ar\/wp-content\/uploads\/2019\/11\/ctera-en-chubut.jpg\" alt=\"\" class=\"wp-image-5159\" srcset=\"https:\/\/adfformosa.com.ar\/wp-content\/uploads\/2019\/11\/ctera-en-chubut.jpg 600w, https:\/\/adfformosa.com.ar\/wp-content\/uploads\/2019\/11\/ctera-en-chubut-300x200.jpg 300w\" sizes=\"auto, (max-width: 600px) 100vw, 600px\" \/><figcaption> La concentraci\u00f3n en las adyacencias de la Casa de la Provincia de Chubut estuvo encabezada por Sonia Alesso &#8211; Sec. General -, Roberto Baradel &#8211; Sec. General Adjunto &#8211; y Eduardo L\u00f3pez &#8211; Sec. Gremial <\/figcaption><\/figure>\n","protected":false},"excerpt":{"rendered":"<p>En el marco del Paro Nacional Docente, CTERA se moviliz\u00f3 a la Casa de la Provincia de Chubut para repudiar la brutal represi\u00f3n del Gobierno Provincial hacia lxs docentes y&#8230; <span class=\"meta-more\"><a href=\"https:\/\/adfformosa.com.ar\/?p=5158\">Leer mas &raquo;<\/a><\/span><\/p>\n","protected":false},"author":3,"featured_media":5159,"comment_status":"open","ping_status":"closed","sticky":false,"template":"","format":"standard","meta":{"footnotes":""},"categories":[2],"tags":[],"class_list":["post-5158","post","type-post","status-publish","format-standard","has-post-thumbnail","hentry","category-prensa-adf","even alt"],"_links":{"self":[{"href":"https:\/\/adfformosa.com.ar\/index.php?rest_route=\/wp\/v2\/posts\/5158","targetHints":{"allow":["GET"]}}],"collection":[{"href":"https:\/\/adfformosa.com.ar\/index.php?rest_route=\/wp\/v2\/posts"}],"about":[{"href":"https:\/\/adfformosa.com.ar\/index.php?rest_route=\/wp\/v2\/types\/post"}],"author":[{"embeddable":true,"href":"https:\/\/adfformosa.com.ar\/index.php?rest_route=\/wp\/v2\/users\/3"}],"replies":[{"embeddable":true,"href":"https:\/\/adfformosa.com.ar\/index.php?rest_route=%2Fwp%2Fv2%2Fcomments&post=5158"}],"version-history":[{"count":1,"href":"https:\/\/adfformosa.com.ar\/index.php?rest_route=\/wp\/v2\/posts\/5158\/revisions"}],"predecessor-version":[{"id":5160,"href":"https:\/\/adfformosa.com.ar\/index.php?rest_route=\/wp\/v2\/posts\/5158\/revisions\/5160"}],"wp:featuredmedia":[{"embeddable":true,"href":"https:\/\/adfformosa.com.ar\/index.php?rest_route=\/wp\/v2\/media\/5159"}],"wp:attachment":[{"href":"https:\/\/adfformosa.com.ar\/index.php?rest_route=%2Fwp%2Fv2%2Fmedia&parent=5158"}],"wp:term":[{"taxonomy":"category","embeddable":true,"href":"https:\/\/adfformosa.com.ar\/index.php?rest_route=%2Fwp%2Fv2%2Fcategories&post=5158"},{"taxonomy":"post_tag","embeddable":true,"href":"https:\/\/adfformosa.com.ar\/index.php?rest_route=%2Fwp%2Fv2%2Ftags&post=5158"}],"curies":[{"name":"wp","href":"https:\/\/api.w.org\/{rel}","templated":true}]}}