{"id":5124,"date":"2019-09-24T22:11:18","date_gmt":"2019-09-25T01:11:18","guid":{"rendered":"http:\/\/adfformosa.com.ar\/?p=5124"},"modified":"2019-09-24T22:11:18","modified_gmt":"2019-09-25T01:11:18","slug":"estatuto-del-docente-provincial-26-anos-de-vigencia","status":"publish","type":"post","link":"https:\/\/adfformosa.com.ar\/?p=5124","title":{"rendered":"Estatuto del Docente Provincial: 26 a\u00f1os de vigencia"},"content":{"rendered":"<div id=\"s-share-buttons\" class=\"horizontal-w-c-r-border s-share-w-c\"><a href=\"http:\/\/www.facebook.com\/sharer.php?u=https:\/\/adfformosa.com.ar\/?p=5124\" target=\"_blank\" title=\"Share to Facebook\" class=\"s3-facebook hint--top\"><\/a><a href=\"http:\/\/twitter.com\/intent\/tweet?text=Estatuto del Docente Provincial: 26 a\u00f1os de vigencia&url=https:\/\/adfformosa.com.ar\/?p=5124\" target=\"_blank\"  title=\"Share to Twitter\" class=\"s3-twitter hint--top\"><\/a><a href=\"https:\/\/plus.google.com\/share?url=https:\/\/adfformosa.com.ar\/?p=5124\" target=\"_blank\"  title=\"Share to Google Plus\" class=\"s3-google-plus hint--top\"><\/a><a href=\"http:\/\/www.digg.com\/submit?url=https:\/\/adfformosa.com.ar\/?p=5124\" target=\"_blank\"  title=\"Share to Digg\" class=\"s3-digg hint--top\"><\/a><a href=\"http:\/\/www.tumblr.com\/share\/link?url=https%3A%2F%2Fadfformosa.com.ar%2F%3Fp%3D5124&name=Estatuto+del+Docente+Provincial%3A+26+a%C3%B1os+de+vigencia\" target=\"_blank\" title=\"Share to Tumblr\" class=\"s3-tumblr hint--top\"><\/a><a href=\"mailto:?Subject=Estatuto%20del%20Docente%20Provincial:%2026%20a\u00f1os%20de%20vigencia&Body=Here%20is%20the%20link%20to%20the%20article:%20https:\/\/adfformosa.com.ar\/?p=5124\" title=\"Email this article\" class=\"s3-email hint--top\"><\/a><\/div>\n<p> <strong>24 de septiembre de 1993: Firma del Decreto 1324 que reglamenta el \u201cEstatuto del Docente Provincial\u201d contenido en la Ley 931.<\/strong><\/p>\n\n\n\n<figure class=\"wp-block-image\"><img loading=\"lazy\" decoding=\"async\" width=\"607\" height=\"960\" src=\"https:\/\/adfformosa.com.ar\/wp-content\/uploads\/2019\/09\/estatuto-docente-tapa.jpg\" alt=\"\" class=\"wp-image-5125\" srcset=\"https:\/\/adfformosa.com.ar\/wp-content\/uploads\/2019\/09\/estatuto-docente-tapa.jpg 607w, https:\/\/adfformosa.com.ar\/wp-content\/uploads\/2019\/09\/estatuto-docente-tapa-190x300.jpg 190w\" sizes=\"auto, (max-width: 607px) 100vw, 607px\" \/><\/figure>\n\n\n\n<p><br>En el Estatuto se concentran  los deberes y derechos de los trabajadores de la educaci\u00f3n de Formosa, redactados en una comisi\u00f3n creada al efecto con la participaci\u00f3n de nuestra entidad sindical ADF, docentes de reconocida trayectoria y analizados, mejorados y enriquecidos con los aportes recibidos luego de intensas jornadas de an\u00e1lisis realizados en las escuelas&nbsp;de la provincia.<\/p>\n\n\n\n<p><br>El Estatuto del Docente de Formosa, es un instrumento que garantiza la equidad y respeto de los deberes y derechos de los que ejercen la docencia en la provincia. La defensa de su aplicaci\u00f3n, acatamiento y continuidad, es una cuesti\u00f3n \u00e9tica y compromiso moral de los educadores, las instituciones y entidades sindicales como la nuestra.<\/p>\n\n\n\n<p><br><strong>Al cumplirse 26 a\u00f1os de su vigencia, la ADF celebra este d\u00eda, instituido como fecha de implementaci\u00f3n de un hecho trascendental para la funci\u00f3n docente y rinde un merecido homenaje a los ex miembros de aquella Comisi\u00f3n, especialmente al Compa\u00f1ero Rub\u00e9n Esteban D\u00edaz; Orlando  Aguirre y Pedro Morales. <\/strong><\/p>\n","protected":false},"excerpt":{"rendered":"<p>24 de septiembre de 1993: Firma del Decreto 1324 que reglamenta el \u201cEstatuto del Docente Provincial\u201d contenido en la Ley 931. En el Estatuto se concentran los deberes y derechos&#8230; <span class=\"meta-more\"><a href=\"https:\/\/adfformosa.com.ar\/?p=5124\">Leer mas &raquo;<\/a><\/span><\/p>\n","protected":false},"author":3,"featured_media":0,"comment_status":"open","ping_status":"closed","sticky":false,"template":"","format":"standard","meta":{"footnotes":""},"categories":[2],"tags":[],"class_list":["post-5124","post","type-post","status-publish","format-standard","hentry","category-prensa-adf","even alt"],"_links":{"self":[{"href":"https:\/\/adfformosa.com.ar\/index.php?rest_route=\/wp\/v2\/posts\/5124","targetHints":{"allow":["GET"]}}],"collection":[{"href":"https:\/\/adfformosa.com.ar\/index.php?rest_route=\/wp\/v2\/posts"}],"about":[{"href":"https:\/\/adfformosa.com.ar\/index.php?rest_route=\/wp\/v2\/types\/post"}],"author":[{"embeddable":true,"href":"https:\/\/adfformosa.com.ar\/index.php?rest_route=\/wp\/v2\/users\/3"}],"replies":[{"embeddable":true,"href":"https:\/\/adfformosa.com.ar\/index.php?rest_route=%2Fwp%2Fv2%2Fcomments&post=5124"}],"version-history":[{"count":1,"href":"https:\/\/adfformosa.com.ar\/index.php?rest_route=\/wp\/v2\/posts\/5124\/revisions"}],"predecessor-version":[{"id":5126,"href":"https:\/\/adfformosa.com.ar\/index.php?rest_route=\/wp\/v2\/posts\/5124\/revisions\/5126"}],"wp:attachment":[{"href":"https:\/\/adfformosa.com.ar\/index.php?rest_route=%2Fwp%2Fv2%2Fmedia&parent=5124"}],"wp:term":[{"taxonomy":"category","embeddable":true,"href":"https:\/\/adfformosa.com.ar\/index.php?rest_route=%2Fwp%2Fv2%2Fcategories&post=5124"},{"taxonomy":"post_tag","embeddable":true,"href":"https:\/\/adfformosa.com.ar\/index.php?rest_route=%2Fwp%2Fv2%2Ftags&post=5124"}],"curies":[{"name":"wp","href":"https:\/\/api.w.org\/{rel}","templated":true}]}}