{"id":5080,"date":"2019-08-08T18:21:20","date_gmt":"2019-08-08T21:21:20","guid":{"rendered":"http:\/\/adfformosa.com.ar\/?p=5080"},"modified":"2019-08-11T18:23:05","modified_gmt":"2019-08-11T21:23:05","slug":"derecho-docente-licencia-de-dos-dias-para-los-que-votan-fuera-del-lugar-donde-viven","status":"publish","type":"post","link":"https:\/\/adfformosa.com.ar\/?p=5080","title":{"rendered":"Derecho Docente: Licencia de dos d\u00edas para los que votan fuera del lugar donde viven"},"content":{"rendered":"<div id=\"s-share-buttons\" class=\"horizontal-w-c-r-border s-share-w-c\"><a href=\"http:\/\/www.facebook.com\/sharer.php?u=https:\/\/adfformosa.com.ar\/?p=5080\" target=\"_blank\" title=\"Share to Facebook\" class=\"s3-facebook hint--top\"><\/a><a href=\"http:\/\/twitter.com\/intent\/tweet?text=Derecho Docente: Licencia de dos d\u00edas para los que votan fuera del lugar donde viven&url=https:\/\/adfformosa.com.ar\/?p=5080\" target=\"_blank\"  title=\"Share to Twitter\" class=\"s3-twitter hint--top\"><\/a><a href=\"https:\/\/plus.google.com\/share?url=https:\/\/adfformosa.com.ar\/?p=5080\" target=\"_blank\"  title=\"Share to Google Plus\" class=\"s3-google-plus hint--top\"><\/a><a href=\"http:\/\/www.digg.com\/submit?url=https:\/\/adfformosa.com.ar\/?p=5080\" target=\"_blank\"  title=\"Share to Digg\" class=\"s3-digg hint--top\"><\/a><a href=\"http:\/\/www.tumblr.com\/share\/link?url=https%3A%2F%2Fadfformosa.com.ar%2F%3Fp%3D5080&name=Derecho+Docente%3A+Licencia+de+dos+d%C3%ADas+para+los+que+votan+fuera+del+lugar+donde+viven\" target=\"_blank\" title=\"Share to Tumblr\" class=\"s3-tumblr hint--top\"><\/a><a href=\"mailto:?Subject=Derecho%20Docente:%20Licencia%20de%20dos%20d\u00edas%20para%20los%20que%20votan%20fuera%20del%20lugar%20donde%20viven&Body=Here%20is%20the%20link%20to%20the%20article:%20https:\/\/adfformosa.com.ar\/?p=5080\" title=\"Email this article\" class=\"s3-email hint--top\"><\/a><\/div>\n<div class=\"wp-block-cover has-background-dim\" style=\"background-image:url(https:\/\/adfformosa.com.ar\/wp-content\/uploads\/2019\/08\/urna.jpg)\"><div class=\"wp-block-cover__inner-container is-layout-flow wp-block-cover-is-layout-flow\">\n<p style=\"text-align:center\" class=\"has-large-font-size\"> Decreto 168 : dos d\u00edas para viajar a votar.<\/p>\n<\/div><\/div>\n\n\n\n<h2 class=\"wp-block-heading\"> Ser\u00e1 para los d\u00edas viernes 9 y el lunes 12 de Agosto. <\/h2>\n\n\n\n<p>A trav\u00e9s del decreto 168, el titular del Poder Ejecutivo Provincial dispuso una licencia especial de dos d\u00edas -s\u00f3lo podr\u00e1 utilizarse este viernes 9 y el lunes 12 del corriente- para los agentes estatales que voten este domingo 11 en las Elecciones Primarias, Abiertas y Simult\u00e1neas \u2013PASO- en una poblaci\u00f3n diferente a la que residen.<\/p>\n\n\n\n<p>El instrumento firmado por el gobernador Gildo Insfr\u00e1n y rubricado por el Jefe de Gabinete, Antonio Ferreira, indica que se dar\u00e1 una \u201clicencia especial por dos d\u00edas, que deber\u00e1 justificarse con la presentaci\u00f3n del DNI para acreditar la identidad y el domicilio, como as\u00ed tambi\u00e9n la constancia de emisi\u00f3n de voto que ser\u00e1 entregada por la autoridad de mesa durante el acto eleccionario a realizarse el 11 de agosto\u201d.<\/p>\n\n\n\n<p>Esta licencia rige para los empleados de la administraci\u00f3n p\u00fablica provincial cuyos organismos descentralizados y aut\u00e1rticos deben emitir su voto fuera del lugar de donde viven.<\/p>\n\n\n\n<p>En su considerando, el decreto hace referencia al \u201cdeber c\u00edvico insoslayable\u201d del voto, el cual se subraya es la \u201cesencia de nuestro sistema representativo de gobierno, por el cual la ciudadan\u00eda reafirma sus instituciones e impulsa las transformaciones pol\u00edticas y sociales que juzga necesarias para la realizaci\u00f3n de su destino hist\u00f3rico\u201d. En la misma l\u00ednea destaca que el ejercicio del derecho al sufragio \u201cexpresa la ra\u00edz y el fundamento de nuestra democracia\u201d, concluyendo en que a fin de facilitar que los formose\u00f1os cumplan con el sufragio, dispuso la licencia especial de dos jornadas.<\/p>\n\n\n\n<p><\/p>\n","protected":false},"excerpt":{"rendered":"<p>Ser\u00e1 para los d\u00edas viernes 9 y el lunes 12 de Agosto. A trav\u00e9s del decreto 168, el titular del Poder Ejecutivo Provincial dispuso una licencia especial de dos d\u00edas&#8230; <span class=\"meta-more\"><a href=\"https:\/\/adfformosa.com.ar\/?p=5080\">Leer mas &raquo;<\/a><\/span><\/p>\n","protected":false},"author":3,"featured_media":5081,"comment_status":"open","ping_status":"closed","sticky":false,"template":"","format":"standard","meta":{"footnotes":""},"categories":[17,2],"tags":[],"class_list":["post-5080","post","type-post","status-publish","format-standard","has-post-thumbnail","hentry","category-asesoramiento-legal","category-prensa-adf","even alt"],"_links":{"self":[{"href":"https:\/\/adfformosa.com.ar\/index.php?rest_route=\/wp\/v2\/posts\/5080","targetHints":{"allow":["GET"]}}],"collection":[{"href":"https:\/\/adfformosa.com.ar\/index.php?rest_route=\/wp\/v2\/posts"}],"about":[{"href":"https:\/\/adfformosa.com.ar\/index.php?rest_route=\/wp\/v2\/types\/post"}],"author":[{"embeddable":true,"href":"https:\/\/adfformosa.com.ar\/index.php?rest_route=\/wp\/v2\/users\/3"}],"replies":[{"embeddable":true,"href":"https:\/\/adfformosa.com.ar\/index.php?rest_route=%2Fwp%2Fv2%2Fcomments&post=5080"}],"version-history":[{"count":1,"href":"https:\/\/adfformosa.com.ar\/index.php?rest_route=\/wp\/v2\/posts\/5080\/revisions"}],"predecessor-version":[{"id":5082,"href":"https:\/\/adfformosa.com.ar\/index.php?rest_route=\/wp\/v2\/posts\/5080\/revisions\/5082"}],"wp:featuredmedia":[{"embeddable":true,"href":"https:\/\/adfformosa.com.ar\/index.php?rest_route=\/wp\/v2\/media\/5081"}],"wp:attachment":[{"href":"https:\/\/adfformosa.com.ar\/index.php?rest_route=%2Fwp%2Fv2%2Fmedia&parent=5080"}],"wp:term":[{"taxonomy":"category","embeddable":true,"href":"https:\/\/adfformosa.com.ar\/index.php?rest_route=%2Fwp%2Fv2%2Fcategories&post=5080"},{"taxonomy":"post_tag","embeddable":true,"href":"https:\/\/adfformosa.com.ar\/index.php?rest_route=%2Fwp%2Fv2%2Ftags&post=5080"}],"curies":[{"name":"wp","href":"https:\/\/api.w.org\/{rel}","templated":true}]}}