{"id":5074,"date":"2019-08-11T18:03:00","date_gmt":"2019-08-11T21:03:00","guid":{"rendered":"http:\/\/adfformosa.com.ar\/?p=5074"},"modified":"2019-08-11T18:15:02","modified_gmt":"2019-08-11T21:15:02","slug":"sonrisas-brillantes-llego-a-el-espinillo","status":"publish","type":"post","link":"https:\/\/adfformosa.com.ar\/?p=5074","title":{"rendered":"Sonrisas Brillantes lleg\u00f3 a El Espinillo"},"content":{"rendered":"<div id=\"s-share-buttons\" class=\"horizontal-w-c-r-border s-share-w-c\"><a href=\"http:\/\/www.facebook.com\/sharer.php?u=https:\/\/adfformosa.com.ar\/?p=5074\" target=\"_blank\" title=\"Share to Facebook\" class=\"s3-facebook hint--top\"><\/a><a href=\"http:\/\/twitter.com\/intent\/tweet?text=Sonrisas Brillantes lleg\u00f3 a El Espinillo&url=https:\/\/adfformosa.com.ar\/?p=5074\" target=\"_blank\"  title=\"Share to Twitter\" class=\"s3-twitter hint--top\"><\/a><a href=\"https:\/\/plus.google.com\/share?url=https:\/\/adfformosa.com.ar\/?p=5074\" target=\"_blank\"  title=\"Share to Google Plus\" class=\"s3-google-plus hint--top\"><\/a><a href=\"http:\/\/www.digg.com\/submit?url=https:\/\/adfformosa.com.ar\/?p=5074\" target=\"_blank\"  title=\"Share to Digg\" class=\"s3-digg hint--top\"><\/a><a href=\"http:\/\/www.tumblr.com\/share\/link?url=https%3A%2F%2Fadfformosa.com.ar%2F%3Fp%3D5074&name=Sonrisas+Brillantes+lleg%C3%B3+a+El+Espinillo\" target=\"_blank\" title=\"Share to Tumblr\" class=\"s3-tumblr hint--top\"><\/a><a href=\"mailto:?Subject=Sonrisas%20Brillantes%20lleg\u00f3%20a%20El%20Espinillo&Body=Here%20is%20the%20link%20to%20the%20article:%20https:\/\/adfformosa.com.ar\/?p=5074\" title=\"Email this article\" class=\"s3-email hint--top\"><\/a><\/div>\n<p><strong>Actividades gremiales<\/strong><\/p>\n\n\n\n<figure class=\"wp-block-image is-resized\"><img loading=\"lazy\" decoding=\"async\" src=\"https:\/\/adfformosa.com.ar\/wp-content\/uploads\/2019\/08\/odontologos-eslespinillo-3.jpg\" alt=\"\" class=\"wp-image-5077\" width=\"600\" height=\"300\"\/><figcaption>Taller Odontologico en El Espinillo. <\/figcaption><\/figure>\n\n\n\n<p>Nuestro Sindicato contin\u00faa recorriendo la provincia junto a los odont\u00f3logos del Hospital \u00a0Odontol\u00f3gico de Complejidad\u00a0 Integrada dependiente del ministerio de Desarrollo Humano de la provincia. <br>De manera planificada por nuestros Coordinadores en las diferentes localidades del interior, esta vez llegamos a la Escuela Especial N\u00b0 11 \u00abRodrigo Rafael Salinas\u00bb de El Espinillo. Los talleres se realizan en el marco del Programa <strong>\u00abSonrisas Brillantes\u00bb <\/strong> cuyo principal objetivo es <em><strong>educar a los chicos y sus familias acerca de la importancia sobre la salud bucal, promoviendo buenos h\u00e1bitos de higiene dental<\/strong><\/em><strong>.<\/strong><\/p>\n\n\n\n<p> En las charlas se abordaron temas como: alimentaci\u00f3n saludable, h\u00e1bitos de vida sana, t\u00e9cnicas correctas de cepillado y otras medidas de higiene bucodental y la entrega por parte de ADF de un kit completo para el cepillado dental.<\/p>\n\n\n\n<figure class=\"wp-block-image\"><img loading=\"lazy\" decoding=\"async\" width=\"960\" height=\"720\" src=\"https:\/\/adfformosa.com.ar\/wp-content\/uploads\/2019\/08\/odontologos-eslespinillo-1.jpg\" alt=\"\" class=\"wp-image-5075\" srcset=\"https:\/\/adfformosa.com.ar\/wp-content\/uploads\/2019\/08\/odontologos-eslespinillo-1.jpg 960w, https:\/\/adfformosa.com.ar\/wp-content\/uploads\/2019\/08\/odontologos-eslespinillo-1-300x225.jpg 300w, https:\/\/adfformosa.com.ar\/wp-content\/uploads\/2019\/08\/odontologos-eslespinillo-1-768x576.jpg 768w\" sizes=\"auto, (max-width: 960px) 100vw, 960px\" \/><\/figure>\n\n\n\n<p><br>Esta actividad fue posible gracias al acompa\u00f1amiento del Delegado Zonal profesor Alberto Figueredo; Directora de la Escuela Especial N\u00b0 11 y a todo el equipo docente. La gran participaci\u00f3n de los padres quienes son los principales multiplicadores de la informaci\u00f3n que se les brinda en cada uno de estos talleres.  Agradecemos a los alumnos; al Director del Hospital  Dr. Ra\u00fal Meneghini; a la Dra Johana Torres y al coordinador de ADF Ulises Meza.<\/p>\n\n\n\n<figure class=\"wp-block-image\"><img loading=\"lazy\" decoding=\"async\" width=\"960\" height=\"720\" src=\"https:\/\/adfformosa.com.ar\/wp-content\/uploads\/2019\/08\/odontologos-eslespinillo-2.jpg\" alt=\"\" class=\"wp-image-5076\" srcset=\"https:\/\/adfformosa.com.ar\/wp-content\/uploads\/2019\/08\/odontologos-eslespinillo-2.jpg 960w, https:\/\/adfformosa.com.ar\/wp-content\/uploads\/2019\/08\/odontologos-eslespinillo-2-300x225.jpg 300w, https:\/\/adfformosa.com.ar\/wp-content\/uploads\/2019\/08\/odontologos-eslespinillo-2-768x576.jpg 768w\" sizes=\"auto, (max-width: 960px) 100vw, 960px\" \/><\/figure>\n\n\n\n<p><\/p>\n\n\n\n<p>Desde nuestro Sindicato nos sentimos orgullos de formar parte, un a\u00f1o m\u00e1s, de esta gran iniciativa que tanto nos ense\u00f1a y compromete a seguir trabajando para fomentar h\u00e1bitos de salud bucal desde temprana edad junto a los Odontologos del HOCI. <\/p>\n","protected":false},"excerpt":{"rendered":"<p>Actividades gremiales Nuestro Sindicato contin\u00faa recorriendo la provincia junto a los odont\u00f3logos del Hospital \u00a0Odontol\u00f3gico de Complejidad\u00a0 Integrada dependiente del ministerio de Desarrollo Humano de la provincia. De manera planificada&#8230; <span class=\"meta-more\"><a href=\"https:\/\/adfformosa.com.ar\/?p=5074\">Leer mas &raquo;<\/a><\/span><\/p>\n","protected":false},"author":3,"featured_media":5075,"comment_status":"open","ping_status":"closed","sticky":false,"template":"","format":"standard","meta":{"footnotes":""},"categories":[11,2],"tags":[],"class_list":["post-5074","post","type-post","status-publish","format-standard","has-post-thumbnail","hentry","category-filiales","category-prensa-adf","even alt"],"_links":{"self":[{"href":"https:\/\/adfformosa.com.ar\/index.php?rest_route=\/wp\/v2\/posts\/5074","targetHints":{"allow":["GET"]}}],"collection":[{"href":"https:\/\/adfformosa.com.ar\/index.php?rest_route=\/wp\/v2\/posts"}],"about":[{"href":"https:\/\/adfformosa.com.ar\/index.php?rest_route=\/wp\/v2\/types\/post"}],"author":[{"embeddable":true,"href":"https:\/\/adfformosa.com.ar\/index.php?rest_route=\/wp\/v2\/users\/3"}],"replies":[{"embeddable":true,"href":"https:\/\/adfformosa.com.ar\/index.php?rest_route=%2Fwp%2Fv2%2Fcomments&post=5074"}],"version-history":[{"count":2,"href":"https:\/\/adfformosa.com.ar\/index.php?rest_route=\/wp\/v2\/posts\/5074\/revisions"}],"predecessor-version":[{"id":5079,"href":"https:\/\/adfformosa.com.ar\/index.php?rest_route=\/wp\/v2\/posts\/5074\/revisions\/5079"}],"wp:featuredmedia":[{"embeddable":true,"href":"https:\/\/adfformosa.com.ar\/index.php?rest_route=\/wp\/v2\/media\/5075"}],"wp:attachment":[{"href":"https:\/\/adfformosa.com.ar\/index.php?rest_route=%2Fwp%2Fv2%2Fmedia&parent=5074"}],"wp:term":[{"taxonomy":"category","embeddable":true,"href":"https:\/\/adfformosa.com.ar\/index.php?rest_route=%2Fwp%2Fv2%2Fcategories&post=5074"},{"taxonomy":"post_tag","embeddable":true,"href":"https:\/\/adfformosa.com.ar\/index.php?rest_route=%2Fwp%2Fv2%2Ftags&post=5074"}],"curies":[{"name":"wp","href":"https:\/\/api.w.org\/{rel}","templated":true}]}}