{"id":5066,"date":"2019-07-05T19:32:03","date_gmt":"2019-07-05T22:32:03","guid":{"rendered":"http:\/\/adfformosa.com.ar\/?p=5066"},"modified":"2019-07-13T19:36:49","modified_gmt":"2019-07-13T22:36:49","slug":"asamblea-provincial-de-la-agremiacion-del-docente-formoseno","status":"publish","type":"post","link":"https:\/\/adfformosa.com.ar\/?p=5066","title":{"rendered":"Asamblea Provincial de la Agremiaci\u00f3n del Docente Formose\u00f1o"},"content":{"rendered":"<div id=\"s-share-buttons\" class=\"horizontal-w-c-r-border s-share-w-c\"><a href=\"http:\/\/www.facebook.com\/sharer.php?u=https:\/\/adfformosa.com.ar\/?p=5066\" target=\"_blank\" title=\"Share to Facebook\" class=\"s3-facebook hint--top\"><\/a><a href=\"http:\/\/twitter.com\/intent\/tweet?text=Asamblea Provincial de la Agremiaci\u00f3n del Docente Formose\u00f1o&url=https:\/\/adfformosa.com.ar\/?p=5066\" target=\"_blank\"  title=\"Share to Twitter\" class=\"s3-twitter hint--top\"><\/a><a href=\"https:\/\/plus.google.com\/share?url=https:\/\/adfformosa.com.ar\/?p=5066\" target=\"_blank\"  title=\"Share to Google Plus\" class=\"s3-google-plus hint--top\"><\/a><a href=\"http:\/\/www.digg.com\/submit?url=https:\/\/adfformosa.com.ar\/?p=5066\" target=\"_blank\"  title=\"Share to Digg\" class=\"s3-digg hint--top\"><\/a><a href=\"http:\/\/www.tumblr.com\/share\/link?url=https%3A%2F%2Fadfformosa.com.ar%2F%3Fp%3D5066&name=Asamblea+Provincial+de+la+Agremiaci%C3%B3n+del+Docente+Formose%C3%B1o\" target=\"_blank\" title=\"Share to Tumblr\" class=\"s3-tumblr hint--top\"><\/a><a href=\"mailto:?Subject=Asamblea%20Provincial%20de%20la%20Agremiaci\u00f3n%20del%20Docente%20Formose\u00f1o&Body=Here%20is%20the%20link%20to%20the%20article:%20https:\/\/adfformosa.com.ar\/?p=5066\" title=\"Email this article\" class=\"s3-email hint--top\"><\/a><\/div>\n<ul class=\"wp-block-gallery columns-3 is-cropped wp-block-gallery-1 is-layout-flex wp-block-gallery-is-layout-flex\"><li class=\"blocks-gallery-item\"><figure><img decoding=\"async\" src=\"https:\/\/adfformosa.com.ar\/wp-content\/uploads\/2019\/07\/asamblea-0.jpg\" alt=\"\" data-id=\"5067\" class=\"wp-image-5067\"\/><figcaption><strong>Asamblea Provincia de ADF 2019<\/strong><\/figcaption><\/figure><\/li><li class=\"blocks-gallery-item\"><figure><img loading=\"lazy\" decoding=\"async\" width=\"960\" height=\"720\" src=\"https:\/\/adfformosa.com.ar\/wp-content\/uploads\/2019\/07\/asamblea-2-1.jpg\" alt=\"\" data-id=\"5070\" data-link=\"https:\/\/adfformosa.com.ar\/?attachment_id=5070\" class=\"wp-image-5070\" srcset=\"https:\/\/adfformosa.com.ar\/wp-content\/uploads\/2019\/07\/asamblea-2-1.jpg 960w, https:\/\/adfformosa.com.ar\/wp-content\/uploads\/2019\/07\/asamblea-2-1-300x225.jpg 300w, https:\/\/adfformosa.com.ar\/wp-content\/uploads\/2019\/07\/asamblea-2-1-768x576.jpg 768w\" sizes=\"auto, (max-width: 960px) 100vw, 960px\" \/><\/figure><\/li><li class=\"blocks-gallery-item\"><figure><img loading=\"lazy\" decoding=\"async\" width=\"960\" height=\"720\" src=\"https:\/\/adfformosa.com.ar\/wp-content\/uploads\/2019\/07\/asamblea-1.jpg\" alt=\"\" data-id=\"5071\" data-link=\"https:\/\/adfformosa.com.ar\/?attachment_id=5071\" class=\"wp-image-5071\" srcset=\"https:\/\/adfformosa.com.ar\/wp-content\/uploads\/2019\/07\/asamblea-1.jpg 960w, https:\/\/adfformosa.com.ar\/wp-content\/uploads\/2019\/07\/asamblea-1-300x225.jpg 300w, https:\/\/adfformosa.com.ar\/wp-content\/uploads\/2019\/07\/asamblea-1-768x576.jpg 768w\" sizes=\"auto, (max-width: 960px) 100vw, 960px\" \/><\/figure><\/li><\/ul>\n\n\n\n<p>Asamblea Provincial de la Agremiaci\u00f3n del Docente Formose\u00f1o<\/p>\n\n\n\n<p> Fo<strong>rmosa, 5 de julio de 2019<\/strong><\/p>\n\n\n\n<p>Esta ma\u00f1ana en el segundo piso del Hotel del C\u00edrculo de Gendarmer\u00eda sesion\u00f3 la Asamblea General Ordinaria de nuestro Sindicato.<br>Desde las 10 de la ma\u00f1ana comenzaron a llegar los docentes de toda la provincia completando 168 Delegados Titulares, 15 Delegados Suplentes y 6 Invitados Especiales.<br>La apertura de la Sesi\u00f3n estuvo a cargo del Secretario General, Luis Branchi.<br>Luego de escuchar y compartir puntos de vistas y problem\u00e1ticas en com\u00fan y tras un largo debate compartimos algunos puntos aprobados en la Asamblea :<\/p>\n\n\n\n<p><strong>1)<\/strong> Ratificar la pol\u00edtica de di\u00e1logo y concertaci\u00f3n que lleva adelante la Junta Directiva.<\/p>\n\n\n\n<p><strong>2<\/strong>) Solicitar a la patronal que convoque a elecciones en las Juntas de Clasificaci\u00f3n y Disciplina ya que han finalizado los mandatos de las actuales autoridades.<\/p>\n\n\n\n<p><strong>3<\/strong>) Solicitar que una vez regularizadas las Juntas se realice la convocatoria a Concursos de ascensos y traslados en todos los niveles y modalidades.<\/p>\n\n\n\n<p><strong>4<\/strong>) Continuar trabajando para lograr la equiparaci\u00f3n salarial del docente de Nivel Primario y de Nivel Inicial con el de Nivel Secundario, bajo el principio: \u201cIgual remuneraci\u00f3n por igual trabajo\u201d<\/p>\n\n\n\n<p><strong>5<\/strong>) Solicitar la normalizaci\u00f3n de las prestaciones de servicios que brinda el IASEP, el abastecimiento de las farmacias y que se implementen medidas para que los compa\u00f1eros del interior puedan autorizar prestaciones de complejidad en sus localidades, o en lugares cercanos para evitar los altos costos que demanda el traslado a la ciudad Capital para ese fin.<\/p>\n\n\n\n<p><strong>6<\/strong>)Exigir la exhibici\u00f3n de las listas de puntajes, en tiempo y forma, en formato papel, en las Delegaciones Zonales y la implementaci\u00f3n de un sistema on line, similar al que posee la Junta de Clasificaci\u00f3n de Nivel Secundario, para que los docentes de Nivel Primario y de Nivel Inicial puedan consultar las listas de puntaje.<\/p>\n\n\n\n<p><strong>7<\/strong>) Plantear la necesidad de creaci\u00f3n de unidades de Auditor\u00eda M\u00e9dica en el interior provincial a fin de evitar el traslado de los trabajadores enfermos para tramitar las licencias, como as\u00ed tambi\u00e9n los riesgos y los costos que ello implica.<\/p>\n\n\n\n<p><strong>8<\/strong>)Solicitar la cobertura de los cargos de Maestros y Profesores de las \u00e1reas especiales, en el Nivel Primario y Secundario.<\/p>\n\n\n\n<p><strong>9<\/strong>) Insistir con el pedido de designaci\u00f3n de personal de servicios en todos los niveles y modalidades.<\/p>\n\n\n\n<p><strong>10<\/strong>) Solicitar se estudie la factibilidad de tercerizar el servicio nutricional a fin de desligar al equipo directivo de esa responsabilidad posibilit\u00e1ndole abocarse exclusivamente a la tarea pedag\u00f3gica y administrativa.<\/p>\n\n\n\n<p><strong>11<\/strong>) Solicitar la modificaci\u00f3n del sistema de liquidaci\u00f3n de haberes a fin de evitar la generaci\u00f3n de planillas complementarias que retrasan la percepci\u00f3n de los haberes.<\/p>\n\n\n\n<p><strong>Luis Branchi -Secretario General.<\/strong> <strong>Mirta Marquez Secretaria General Adjunta. Miembros de Junta Directiva. Silvia Mendoza -Prensa Gremial.<\/strong><\/p>\n","protected":false},"excerpt":{"rendered":"<p>Asamblea Provincial de la Agremiaci\u00f3n del Docente Formose\u00f1o Formosa, 5 de julio de 2019 Esta ma\u00f1ana en el segundo piso del Hotel del C\u00edrculo de Gendarmer\u00eda sesion\u00f3 la Asamblea General&#8230; <span class=\"meta-more\"><a href=\"https:\/\/adfformosa.com.ar\/?p=5066\">Leer mas &raquo;<\/a><\/span><\/p>\n","protected":false},"author":3,"featured_media":0,"comment_status":"open","ping_status":"closed","sticky":false,"template":"","format":"standard","meta":{"footnotes":""},"categories":[2],"tags":[],"class_list":["post-5066","post","type-post","status-publish","format-standard","hentry","category-prensa-adf","even alt"],"_links":{"self":[{"href":"https:\/\/adfformosa.com.ar\/index.php?rest_route=\/wp\/v2\/posts\/5066","targetHints":{"allow":["GET"]}}],"collection":[{"href":"https:\/\/adfformosa.com.ar\/index.php?rest_route=\/wp\/v2\/posts"}],"about":[{"href":"https:\/\/adfformosa.com.ar\/index.php?rest_route=\/wp\/v2\/types\/post"}],"author":[{"embeddable":true,"href":"https:\/\/adfformosa.com.ar\/index.php?rest_route=\/wp\/v2\/users\/3"}],"replies":[{"embeddable":true,"href":"https:\/\/adfformosa.com.ar\/index.php?rest_route=%2Fwp%2Fv2%2Fcomments&post=5066"}],"version-history":[{"count":2,"href":"https:\/\/adfformosa.com.ar\/index.php?rest_route=\/wp\/v2\/posts\/5066\/revisions"}],"predecessor-version":[{"id":5072,"href":"https:\/\/adfformosa.com.ar\/index.php?rest_route=\/wp\/v2\/posts\/5066\/revisions\/5072"}],"wp:attachment":[{"href":"https:\/\/adfformosa.com.ar\/index.php?rest_route=%2Fwp%2Fv2%2Fmedia&parent=5066"}],"wp:term":[{"taxonomy":"category","embeddable":true,"href":"https:\/\/adfformosa.com.ar\/index.php?rest_route=%2Fwp%2Fv2%2Fcategories&post=5066"},{"taxonomy":"post_tag","embeddable":true,"href":"https:\/\/adfformosa.com.ar\/index.php?rest_route=%2Fwp%2Fv2%2Ftags&post=5066"}],"curies":[{"name":"wp","href":"https:\/\/api.w.org\/{rel}","templated":true}]}}