{"id":5033,"date":"2019-03-04T12:15:26","date_gmt":"2019-03-04T15:15:26","guid":{"rendered":"http:\/\/adfformosa.com.ar\/?p=5033"},"modified":"2019-03-04T21:22:05","modified_gmt":"2019-03-05T00:22:05","slug":"6-7-marzo-adf-convoca-al-paro-nacional-por-48-horas","status":"publish","type":"post","link":"https:\/\/adfformosa.com.ar\/?p=5033","title":{"rendered":"6 -7 marzo ADF convoca al paro nacional por 48 horas"},"content":{"rendered":"<div id=\"s-share-buttons\" class=\"horizontal-w-c-r-border s-share-w-c\"><a href=\"http:\/\/www.facebook.com\/sharer.php?u=https:\/\/adfformosa.com.ar\/?p=5033\" target=\"_blank\" title=\"Share to Facebook\" class=\"s3-facebook hint--top\"><\/a><a href=\"http:\/\/twitter.com\/intent\/tweet?text=6 -7 marzo ADF convoca al paro nacional por 48 horas&url=https:\/\/adfformosa.com.ar\/?p=5033\" target=\"_blank\"  title=\"Share to Twitter\" class=\"s3-twitter hint--top\"><\/a><a href=\"https:\/\/plus.google.com\/share?url=https:\/\/adfformosa.com.ar\/?p=5033\" target=\"_blank\"  title=\"Share to Google Plus\" class=\"s3-google-plus hint--top\"><\/a><a href=\"http:\/\/www.digg.com\/submit?url=https:\/\/adfformosa.com.ar\/?p=5033\" target=\"_blank\"  title=\"Share to Digg\" class=\"s3-digg hint--top\"><\/a><a href=\"http:\/\/www.tumblr.com\/share\/link?url=https%3A%2F%2Fadfformosa.com.ar%2F%3Fp%3D5033&name=6+-7+marzo+ADF+convoca+al+paro+nacional+por+48+horas\" target=\"_blank\" title=\"Share to Tumblr\" class=\"s3-tumblr hint--top\"><\/a><a href=\"mailto:?Subject=6%20-7%20marzo%20ADF%20convoca%20al%20paro%20nacional%20por%2048%20horas&Body=Here%20is%20the%20link%20to%20the%20article:%20https:\/\/adfformosa.com.ar\/?p=5033\" title=\"Email this article\" class=\"s3-email hint--top\"><\/a><\/div>\n<figure class=\"wp-block-image\"><img decoding=\"async\" src=\"https:\/\/adfformosa.com.ar\/wp-content\/uploads\/2019\/03\/pARO-NACIONAL-6-Y-7-MARZO-2019-ADF.jpg\" alt=\"\" class=\"wp-image-5034\"\/><\/figure>\n\n\n\n<p><\/p>\n\n\n\n<p> La Agremiacion del Docente Formose\u00f1o convoca al paro nacional por 48 horas  los d\u00edas 6 y 7 de marzo.<br>Tambi\u00e9n informa que el Sindicato, entidad base de la CTERA en la provincia, adhiere al paro nacional de mujeres del pr\u00f3ximo 8 de marzo.<br>La modalidad ser\u00e1 sin concurrencia a los lugares de trabajo. <\/p>\n\n\n\n<p>Los motivos del reclamo son para exigir al Gobierno Nacional la convocatoria a Paritarias Nacional Docente; Paritarias libres y sin techo;Aumento del Financiamiento Educativo; Escuelas en condiciones dignas para ense\u00f1ar y aprender; Infraestructura escolar; Becas y aumento en  las asignaciones para los comedores escolares y la copa de leche; Defensa de la jubilaci\u00f3n y la oposici\u00f3n a la Reforma Laboral.  <\/p>\n\n\n\n<figure class=\"wp-block-image\"><img loading=\"lazy\" decoding=\"async\" width=\"514\" height=\"472\" src=\"https:\/\/adfformosa.com.ar\/wp-content\/uploads\/2019\/03\/Luis-Branchi-Cartel-de-Paritaria-nacional-docente.-.jpg\" alt=\"\" class=\"wp-image-5035\" srcset=\"https:\/\/adfformosa.com.ar\/wp-content\/uploads\/2019\/03\/Luis-Branchi-Cartel-de-Paritaria-nacional-docente.-.jpg 514w, https:\/\/adfformosa.com.ar\/wp-content\/uploads\/2019\/03\/Luis-Branchi-Cartel-de-Paritaria-nacional-docente.--300x275.jpg 300w\" sizes=\"auto, (max-width: 514px) 100vw, 514px\" \/><\/figure>\n\n\n\n<p><\/p>\n","protected":false},"excerpt":{"rendered":"<p>La Agremiacion del Docente Formose\u00f1o convoca al paro nacional por 48 horas los d\u00edas 6 y 7 de marzo.Tambi\u00e9n informa que el Sindicato, entidad base de la CTERA en la&#8230; <span class=\"meta-more\"><a href=\"https:\/\/adfformosa.com.ar\/?p=5033\">Leer mas &raquo;<\/a><\/span><\/p>\n","protected":false},"author":3,"featured_media":0,"comment_status":"open","ping_status":"closed","sticky":false,"template":"","format":"standard","meta":{"footnotes":""},"categories":[2],"tags":[],"class_list":["post-5033","post","type-post","status-publish","format-standard","hentry","category-prensa-adf","even alt"],"_links":{"self":[{"href":"https:\/\/adfformosa.com.ar\/index.php?rest_route=\/wp\/v2\/posts\/5033","targetHints":{"allow":["GET"]}}],"collection":[{"href":"https:\/\/adfformosa.com.ar\/index.php?rest_route=\/wp\/v2\/posts"}],"about":[{"href":"https:\/\/adfformosa.com.ar\/index.php?rest_route=\/wp\/v2\/types\/post"}],"author":[{"embeddable":true,"href":"https:\/\/adfformosa.com.ar\/index.php?rest_route=\/wp\/v2\/users\/3"}],"replies":[{"embeddable":true,"href":"https:\/\/adfformosa.com.ar\/index.php?rest_route=%2Fwp%2Fv2%2Fcomments&post=5033"}],"version-history":[{"count":1,"href":"https:\/\/adfformosa.com.ar\/index.php?rest_route=\/wp\/v2\/posts\/5033\/revisions"}],"predecessor-version":[{"id":5037,"href":"https:\/\/adfformosa.com.ar\/index.php?rest_route=\/wp\/v2\/posts\/5033\/revisions\/5037"}],"wp:attachment":[{"href":"https:\/\/adfformosa.com.ar\/index.php?rest_route=%2Fwp%2Fv2%2Fmedia&parent=5033"}],"wp:term":[{"taxonomy":"category","embeddable":true,"href":"https:\/\/adfformosa.com.ar\/index.php?rest_route=%2Fwp%2Fv2%2Fcategories&post=5033"},{"taxonomy":"post_tag","embeddable":true,"href":"https:\/\/adfformosa.com.ar\/index.php?rest_route=%2Fwp%2Fv2%2Ftags&post=5033"}],"curies":[{"name":"wp","href":"https:\/\/api.w.org\/{rel}","templated":true}]}}