{"id":5004,"date":"2018-12-15T10:01:10","date_gmt":"2018-12-15T13:01:10","guid":{"rendered":"http:\/\/adfformosa.com.ar\/?p=5004"},"modified":"2018-12-19T10:16:35","modified_gmt":"2018-12-19T13:16:35","slug":"ciclo-lectivo-2019-las-clases-en-formosa-comenzaran-el-11-de-marzo","status":"publish","type":"post","link":"https:\/\/adfformosa.com.ar\/?p=5004","title":{"rendered":"Ciclo lectivo 2019 \u00abLas clases en Formosa comenzaran el 11 de marzo\u00bb"},"content":{"rendered":"<div id=\"s-share-buttons\" class=\"horizontal-w-c-r-border s-share-w-c\"><a href=\"http:\/\/www.facebook.com\/sharer.php?u=https:\/\/adfformosa.com.ar\/?p=5004\" target=\"_blank\" title=\"Share to Facebook\" class=\"s3-facebook hint--top\"><\/a><a href=\"http:\/\/twitter.com\/intent\/tweet?text=Ciclo lectivo 2019 \u00abLas clases en Formosa comenzaran el 11 de marzo\u00bb&url=https:\/\/adfformosa.com.ar\/?p=5004\" target=\"_blank\"  title=\"Share to Twitter\" class=\"s3-twitter hint--top\"><\/a><a href=\"https:\/\/plus.google.com\/share?url=https:\/\/adfformosa.com.ar\/?p=5004\" target=\"_blank\"  title=\"Share to Google Plus\" class=\"s3-google-plus hint--top\"><\/a><a href=\"http:\/\/www.digg.com\/submit?url=https:\/\/adfformosa.com.ar\/?p=5004\" target=\"_blank\"  title=\"Share to Digg\" class=\"s3-digg hint--top\"><\/a><a href=\"http:\/\/www.tumblr.com\/share\/link?url=https%3A%2F%2Fadfformosa.com.ar%2F%3Fp%3D5004&name=Ciclo+lectivo+2019+%C2%ABLas+clases+en+Formosa+comenzaran+el+11+de+marzo%C2%BB\" target=\"_blank\" title=\"Share to Tumblr\" class=\"s3-tumblr hint--top\"><\/a><a href=\"mailto:?Subject=Ciclo%20lectivo%202019%20\u00abLas%20clases%20en%20Formosa%20comenzaran%20el%2011%20de%20marzo\u00bb&Body=Here%20is%20the%20link%20to%20the%20article:%20https:\/\/adfformosa.com.ar\/?p=5004\" title=\"Email this article\" class=\"s3-email hint--top\"><\/a><\/div><div class=\"c_33m9x-7iz d_33m9xx5ey clearfix\">\n<div class=\"clearfix u_33m9x-8no\">\n<div class=\"clearfix _42ef\">\n<div class=\"p_33m9x-8nr\">\n<div>\n<div class=\"_6a _5u5j\">\n<div class=\"_6a _5u5j _6b\">\n<div id=\"feed_subtitle_2217866865123595:9:0\" class=\"_5pcp _5lel _2jyu _232_\" data-testid=\"story-subtitle\"><\/div>\n<\/div>\n<\/div>\n<\/div>\n<\/div>\n<\/div>\n<\/div>\n<\/div>\n<div id=\"js_7i3\" class=\"_5pbx userContent _3576\" data-ad-preview=\"message\" data-ft=\"{&quot;tn&quot;:&quot;K&quot;}\">\n<div id=\"id_5c1a4148bcc239e95286249\" class=\"text_exposed_root text_exposed\">\n<h2><strong><img loading=\"lazy\" decoding=\"async\" class=\"alignleft wp-image-5006 size-medium\" src=\"https:\/\/adfformosa.com.ar\/wp-content\/uploads\/2018\/12\/clases-2019-220x300.jpg\" alt=\"\" width=\"220\" height=\"300\" \/>DESCARGAR RESOLUCI\u00d3N EN PDF COMPLETA AQU\u00cd<\/strong><\/h2>\n<p>&nbsp;<\/p>\n<p>Las clases en Formosa comenzaran el 11 de marzo de 2019 y la presentaci\u00f3n de todo el personal esta prevista pare el d\u00eda 18 de febrero.<br \/>\nCon respecto al receso de invierno ser\u00e1 del 15 al 26 de julio.<br \/>\nAs\u00ed lo especifica la Resoluci\u00f3n 7747 del calendario escolar para el a\u00f1o 2019.<span class=\"text_exposed_show\"><br \/>\n2019: 180 d\u00edas de clases.\u00a0<\/span><\/p>\n<p>Descargar Resoluci\u00f3n aqu\u00ed:<\/p>\n<p><a href=\"https:\/\/adfformosa.com.ar\/wp-content\/uploads\/2018\/12\/calendario_2019-FORMOSA-ADF.pdf\">calendario_2019 FORMOSA- ADF<\/a><\/p>\n<\/div>\n<\/div>\n","protected":false},"excerpt":{"rendered":"<p>DESCARGAR RESOLUCI\u00d3N EN PDF COMPLETA AQU\u00cd &nbsp; Las clases en Formosa comenzaran el 11 de marzo de 2019 y la presentaci\u00f3n de todo el personal esta prevista pare el d\u00eda&#8230; <span class=\"meta-more\"><a href=\"https:\/\/adfformosa.com.ar\/?p=5004\">Leer mas &raquo;<\/a><\/span><\/p>\n","protected":false},"author":3,"featured_media":5006,"comment_status":"open","ping_status":"closed","sticky":false,"template":"","format":"standard","meta":{"footnotes":""},"categories":[8,2],"tags":[44,42],"class_list":["post-5004","post","type-post","status-publish","format-standard","has-post-thumbnail","hentry","category-leyes-y-resoluciones","category-prensa-adf","tag-resolucion-7747-del-calendario-escolar-2019","tag-resolucion7747-18-calendario-escolar-2019-formosa","even alt"],"_links":{"self":[{"href":"https:\/\/adfformosa.com.ar\/index.php?rest_route=\/wp\/v2\/posts\/5004","targetHints":{"allow":["GET"]}}],"collection":[{"href":"https:\/\/adfformosa.com.ar\/index.php?rest_route=\/wp\/v2\/posts"}],"about":[{"href":"https:\/\/adfformosa.com.ar\/index.php?rest_route=\/wp\/v2\/types\/post"}],"author":[{"embeddable":true,"href":"https:\/\/adfformosa.com.ar\/index.php?rest_route=\/wp\/v2\/users\/3"}],"replies":[{"embeddable":true,"href":"https:\/\/adfformosa.com.ar\/index.php?rest_route=%2Fwp%2Fv2%2Fcomments&post=5004"}],"version-history":[{"count":1,"href":"https:\/\/adfformosa.com.ar\/index.php?rest_route=\/wp\/v2\/posts\/5004\/revisions"}],"predecessor-version":[{"id":5007,"href":"https:\/\/adfformosa.com.ar\/index.php?rest_route=\/wp\/v2\/posts\/5004\/revisions\/5007"}],"wp:featuredmedia":[{"embeddable":true,"href":"https:\/\/adfformosa.com.ar\/index.php?rest_route=\/wp\/v2\/media\/5006"}],"wp:attachment":[{"href":"https:\/\/adfformosa.com.ar\/index.php?rest_route=%2Fwp%2Fv2%2Fmedia&parent=5004"}],"wp:term":[{"taxonomy":"category","embeddable":true,"href":"https:\/\/adfformosa.com.ar\/index.php?rest_route=%2Fwp%2Fv2%2Fcategories&post=5004"},{"taxonomy":"post_tag","embeddable":true,"href":"https:\/\/adfformosa.com.ar\/index.php?rest_route=%2Fwp%2Fv2%2Ftags&post=5004"}],"curies":[{"name":"wp","href":"https:\/\/api.w.org\/{rel}","templated":true}]}}