{"id":4993,"date":"2018-11-15T21:27:00","date_gmt":"2018-11-16T00:27:00","guid":{"rendered":"http:\/\/adfformosa.com.ar\/?p=4993"},"modified":"2018-12-13T21:41:27","modified_gmt":"2018-12-14T00:41:27","slug":"acciones-gremiales-dia-mundial-de-la-diabetes","status":"publish","type":"post","link":"https:\/\/adfformosa.com.ar\/?p=4993","title":{"rendered":"Acciones gremiales Dia Mundial de la Diabetes"},"content":{"rendered":"<div id=\"s-share-buttons\" class=\"horizontal-w-c-r-border s-share-w-c\"><a href=\"http:\/\/www.facebook.com\/sharer.php?u=https:\/\/adfformosa.com.ar\/?p=4993\" target=\"_blank\" title=\"Share to Facebook\" class=\"s3-facebook hint--top\"><\/a><a href=\"http:\/\/twitter.com\/intent\/tweet?text=Acciones gremiales Dia Mundial de la Diabetes&url=https:\/\/adfformosa.com.ar\/?p=4993\" target=\"_blank\"  title=\"Share to Twitter\" class=\"s3-twitter hint--top\"><\/a><a href=\"https:\/\/plus.google.com\/share?url=https:\/\/adfformosa.com.ar\/?p=4993\" target=\"_blank\"  title=\"Share to Google Plus\" class=\"s3-google-plus hint--top\"><\/a><a href=\"http:\/\/www.digg.com\/submit?url=https:\/\/adfformosa.com.ar\/?p=4993\" target=\"_blank\"  title=\"Share to Digg\" class=\"s3-digg hint--top\"><\/a><a href=\"http:\/\/www.tumblr.com\/share\/link?url=https%3A%2F%2Fadfformosa.com.ar%2F%3Fp%3D4993&name=Acciones+gremiales+Dia+Mundial+de+la+Diabetes\" target=\"_blank\" title=\"Share to Tumblr\" class=\"s3-tumblr hint--top\"><\/a><a href=\"mailto:?Subject=Acciones%20gremiales%20Dia%20Mundial%20de%20la%20Diabetes&Body=Here%20is%20the%20link%20to%20the%20article:%20https:\/\/adfformosa.com.ar\/?p=4993\" title=\"Email this article\" class=\"s3-email hint--top\"><\/a><\/div><h5 id=\"js_58y\" class=\"_14f3 _14f5 _5pbw _5vra\" data-ft=\"{&quot;tn&quot;:&quot;C&quot;}\"><img loading=\"lazy\" decoding=\"async\" class=\"aligncenter wp-image-4994 size-medium\" src=\"https:\/\/adfformosa.com.ar\/wp-content\/uploads\/2018\/12\/diabetes-1-300x200.jpg\" alt=\"\" width=\"300\" height=\"200\" \/><\/h5>\n<p>Proyecto docente \u00abEducaci\u00f3n en Diabetes\u00bb<\/p>\n<p>En el marco del\u00a0 \u00abD\u00eda Mundial de la Diabetes\u00bb la Presidente de Fundaci\u00f3n de Ayuda al Diabetico Infanto Juvenil -ADI- Marcela Benitez brindo una charla sobre la enfermedad.<\/p>\n<p>Benitez es docente de la escuela 335 del barrio Namqom y trabaja desde hace varios a\u00f1os en la difusi\u00f3n de esta enfermedad haciendo hincapi\u00e9 en la importancia de que el trabajador de la educaci\u00f3n conozca la enfermedad y los aspectos de la misma, como los distintos tipos de diabetes, s\u00edntomas, diferencias y especialistas a quienes concurrir, dado que en la actualidad la enfermedad en ni\u00f1os y adolescentes es frecuente.<\/p>\n<p>Dijo que en la diabetes de tipo 1 que no se puede prevenir pero si conocer lo<span class=\"text_exposed_show\">s s\u00edntomas\u00a0 que enciende la luz de alerta para el control ya que requiere tratamiento de por vida.<br \/>\nBenitez comento que se involucro en el tema a partir del nacimiento de su hijo Tom\u00e0s quien al poco tiempo desarrollo diabetes tipo 1. Desde entonces participa en capacitaciones a nivel nacional con grupos de m\u00e9dicos especialistas para poder ayudar en principio a su familia y tambi\u00e9n a la comunidad en general.<br \/>\nResalto la importancia de que el docente conozca la enfermedad para poder guiar a los padres y tambi\u00e9n actuar en consecuencia dado que en la actualidad avanza la enfermedad en ni\u00f1os y ni\u00f1as cada vez mas peque\u00f1os.<\/span><\/p>\n<div class=\"text_exposed_show\">\n<p>Para su hijo Tomas Benitez \u00bb tener la enfermedad es algo agobiante y desde el ingreso a la escuela tuve que afrontar situaciones en las que la discriminaci\u00f3n estuvo presente\u00bb.<br \/>\nHoy con 15 a\u00f1os y cursando la secundaria lleva su kit y sabe que cuenta con el apoyo de la familia.<br \/>\nCompartimos las fotos de la charla que se desarrollo ayer en la sede gremial.<\/p>\n<\/div>\n<p>&nbsp;<\/p>\n<p>&nbsp;<\/p>\n<p><img loading=\"lazy\" decoding=\"async\" class=\"alignleft wp-image-4997 size-medium\" src=\"https:\/\/adfformosa.com.ar\/wp-content\/uploads\/2018\/12\/diabetes-4-300x200.jpg\" alt=\"\" width=\"300\" height=\"200\" \/><\/p>\n<div class=\"text_exposed_show\">\n<p><img loading=\"lazy\" decoding=\"async\" class=\"alignleft wp-image-4995 size-medium\" src=\"https:\/\/adfformosa.com.ar\/wp-content\/uploads\/2018\/12\/diabetes-2-300x200.jpg\" alt=\"\" width=\"300\" height=\"200\" \/><\/p>\n<p><img loading=\"lazy\" decoding=\"async\" class=\"alignleft wp-image-4996 size-medium\" src=\"https:\/\/adfformosa.com.ar\/wp-content\/uploads\/2018\/12\/diabetes-3-300x200.jpg\" alt=\"\" width=\"300\" height=\"200\" \/><\/p>\n<\/div>\n","protected":false},"excerpt":{"rendered":"<p>Proyecto docente \u00abEducaci\u00f3n en Diabetes\u00bb En el marco del\u00a0 \u00abD\u00eda Mundial de la Diabetes\u00bb la Presidente de Fundaci\u00f3n de Ayuda al Diabetico Infanto Juvenil -ADI- Marcela Benitez brindo una charla&#8230; <span class=\"meta-more\"><a href=\"https:\/\/adfformosa.com.ar\/?p=4993\">Leer mas &raquo;<\/a><\/span><\/p>\n","protected":false},"author":3,"featured_media":4997,"comment_status":"open","ping_status":"closed","sticky":false,"template":"","format":"standard","meta":{"footnotes":""},"categories":[2],"tags":[40],"class_list":["post-4993","post","type-post","status-publish","format-standard","has-post-thumbnail","hentry","category-prensa-adf","tag-educacion-en-diabetes-formosafundacion-de-ayuda-al-diabetico-infanto-juvenil-adi","even alt"],"_links":{"self":[{"href":"https:\/\/adfformosa.com.ar\/index.php?rest_route=\/wp\/v2\/posts\/4993","targetHints":{"allow":["GET"]}}],"collection":[{"href":"https:\/\/adfformosa.com.ar\/index.php?rest_route=\/wp\/v2\/posts"}],"about":[{"href":"https:\/\/adfformosa.com.ar\/index.php?rest_route=\/wp\/v2\/types\/post"}],"author":[{"embeddable":true,"href":"https:\/\/adfformosa.com.ar\/index.php?rest_route=\/wp\/v2\/users\/3"}],"replies":[{"embeddable":true,"href":"https:\/\/adfformosa.com.ar\/index.php?rest_route=%2Fwp%2Fv2%2Fcomments&post=4993"}],"version-history":[{"count":1,"href":"https:\/\/adfformosa.com.ar\/index.php?rest_route=\/wp\/v2\/posts\/4993\/revisions"}],"predecessor-version":[{"id":4998,"href":"https:\/\/adfformosa.com.ar\/index.php?rest_route=\/wp\/v2\/posts\/4993\/revisions\/4998"}],"wp:featuredmedia":[{"embeddable":true,"href":"https:\/\/adfformosa.com.ar\/index.php?rest_route=\/wp\/v2\/media\/4997"}],"wp:attachment":[{"href":"https:\/\/adfformosa.com.ar\/index.php?rest_route=%2Fwp%2Fv2%2Fmedia&parent=4993"}],"wp:term":[{"taxonomy":"category","embeddable":true,"href":"https:\/\/adfformosa.com.ar\/index.php?rest_route=%2Fwp%2Fv2%2Fcategories&post=4993"},{"taxonomy":"post_tag","embeddable":true,"href":"https:\/\/adfformosa.com.ar\/index.php?rest_route=%2Fwp%2Fv2%2Ftags&post=4993"}],"curies":[{"name":"wp","href":"https:\/\/api.w.org\/{rel}","templated":true}]}}