{"id":4981,"date":"2018-11-24T21:11:02","date_gmt":"2018-11-25T00:11:02","guid":{"rendered":"http:\/\/adfformosa.com.ar\/?p=4981"},"modified":"2018-12-13T21:18:39","modified_gmt":"2018-12-14T00:18:39","slug":"actividades-gremiales-en-el-oeste-formoseno","status":"publish","type":"post","link":"https:\/\/adfformosa.com.ar\/?p=4981","title":{"rendered":"Actividades gremiales en el oeste formose\u00f1o"},"content":{"rendered":"<div id=\"s-share-buttons\" class=\"horizontal-w-c-r-border s-share-w-c\"><a href=\"http:\/\/www.facebook.com\/sharer.php?u=https:\/\/adfformosa.com.ar\/?p=4981\" target=\"_blank\" title=\"Share to Facebook\" class=\"s3-facebook hint--top\"><\/a><a href=\"http:\/\/twitter.com\/intent\/tweet?text=Actividades gremiales en el oeste formose\u00f1o&url=https:\/\/adfformosa.com.ar\/?p=4981\" target=\"_blank\"  title=\"Share to Twitter\" class=\"s3-twitter hint--top\"><\/a><a href=\"https:\/\/plus.google.com\/share?url=https:\/\/adfformosa.com.ar\/?p=4981\" target=\"_blank\"  title=\"Share to Google Plus\" class=\"s3-google-plus hint--top\"><\/a><a href=\"http:\/\/www.digg.com\/submit?url=https:\/\/adfformosa.com.ar\/?p=4981\" target=\"_blank\"  title=\"Share to Digg\" class=\"s3-digg hint--top\"><\/a><a href=\"http:\/\/www.tumblr.com\/share\/link?url=https%3A%2F%2Fadfformosa.com.ar%2F%3Fp%3D4981&name=Actividades+gremiales+en+el+oeste+formose%C3%B1o\" target=\"_blank\" title=\"Share to Tumblr\" class=\"s3-tumblr hint--top\"><\/a><a href=\"mailto:?Subject=Actividades%20gremiales%20en%20el%20oeste%20formose\u00f1o&Body=Here%20is%20the%20link%20to%20the%20article:%20https:\/\/adfformosa.com.ar\/?p=4981\" title=\"Email this article\" class=\"s3-email hint--top\"><\/a><\/div><p><strong>Actividades gremiales<img loading=\"lazy\" decoding=\"async\" class=\"aligncenter wp-image-4982 size-medium\" src=\"https:\/\/adfformosa.com.ar\/wp-content\/uploads\/2018\/12\/reunion-1-300x169.jpg\" alt=\"\" width=\"300\" height=\"169\" \/><\/strong><\/p>\n<p style=\"text-align: left;\">Los d\u00edas 20 y 21 de noviembre nuestros compa\u00f1eros Mercedes Galeano, Marcela Torales, Rub\u00e8n CHavez, Solano Mendoza y Hugo Galeano mantuvieron sendas reuniones con docentes y profesores que trabajan en escuelas del oeste provincial.<\/p>\n<p style=\"text-align: left;\">En las mismas se trabajaron sobre diferentes temas e inquietudes que fueron planteados oportunamente a nuestra Agremiaci\u00f2n por los afiliados.<\/p>\n<div class=\"text_exposed_show\">\n<p style=\"text-align: left;\">Destacamos la concurrencia en las diferentes reuniones donde se abordaron entre otros puntos, la propuesta de transformaci\u00f3n Institucional y curricular de las Escuelas Secundarias Urbanas y Rurales. Tambi\u00e9n se hablo del tema salarial y las negociaciones que lleva adelante nuestro gremio.<\/p>\n<p style=\"text-align: left;\">Fueron charlas abiertas, modalidad que permite la apertura en el dialogo para evacuar dudas, plantear inquietudes y trabajar en las soluciones.<\/p>\n<p style=\"text-align: left;\">La gira de trabajo de nuestros compa\u00f1eros en la jornada del d\u00eda 20 abarco la localidad de Posta Cambio Zalazar ,Rio Muerto, el Descanso, La Libertad y La Zanja. Se trabajo coordinadamente con los tres niveles.<\/p>\n<p style=\"text-align: left;\">El d\u00eda 21 visitaron La Madrid, San Cayetano, las escuelas 451-543-EGB3-EPFN\u00ba14.<\/p>\n<p style=\"text-align: left;\">En la oportunidad tambi\u00e9n compartimos los 100 a\u00f1os de creaci\u00f3n de la Escuela Primaria N\u00ba30 \u00abComandante Luis Piedrabuena\u00bb de Bajo Hondo.<br \/>\nCompartimos las fotos de los diferentes lugares y agradecemos a todos y cada uno de los docentes con quines compartimos tan lindos momentos.<br \/>\n<img loading=\"lazy\" decoding=\"async\" class=\"alignleft wp-image-4983 size-medium\" src=\"https:\/\/adfformosa.com.ar\/wp-content\/uploads\/2018\/12\/reunion-2-300x225.jpg\" alt=\"\" width=\"300\" height=\"225\" \/><img loading=\"lazy\" decoding=\"async\" class=\"wp-image-4985 size-medium alignleft\" src=\"https:\/\/adfformosa.com.ar\/wp-content\/uploads\/2018\/12\/reunion-4-300x200.jpg\" alt=\"\" width=\"300\" height=\"200\" \/><img loading=\"lazy\" decoding=\"async\" class=\"alignleft wp-image-4986 size-medium\" src=\"https:\/\/adfformosa.com.ar\/wp-content\/uploads\/2018\/12\/reunion-5-300x200.jpg\" alt=\"\" width=\"300\" height=\"200\" \/><\/p>\n<\/div>\n<p>&nbsp;<\/p>\n<p>&nbsp;<\/p>\n<p>&nbsp;<\/p>\n<p>&nbsp;<\/p>\n<p>&nbsp;<\/p>\n<p>&nbsp;<\/p>\n<p><img loading=\"lazy\" decoding=\"async\" class=\"alignleft wp-image-4987 size-medium\" src=\"https:\/\/adfformosa.com.ar\/wp-content\/uploads\/2018\/12\/reunion-6-300x200.jpg\" alt=\"\" width=\"300\" height=\"200\" \/>\u00a0 \u00a0\u00a0<img loading=\"lazy\" decoding=\"async\" class=\"alignleft wp-image-4984 size-medium\" src=\"https:\/\/adfformosa.com.ar\/wp-content\/uploads\/2018\/12\/reunion-3-300x225.jpg\" alt=\"\" width=\"300\" height=\"225\" \/><\/p>\n","protected":false},"excerpt":{"rendered":"<p>Actividades gremiales Los d\u00edas 20 y 21 de noviembre nuestros compa\u00f1eros Mercedes Galeano, Marcela Torales, Rub\u00e8n CHavez, Solano Mendoza y Hugo Galeano mantuvieron sendas reuniones con docentes y profesores que&#8230; <span class=\"meta-more\"><a href=\"https:\/\/adfformosa.com.ar\/?p=4981\">Leer mas &raquo;<\/a><\/span><\/p>\n","protected":false},"author":3,"featured_media":4987,"comment_status":"open","ping_status":"closed","sticky":false,"template":"","format":"standard","meta":{"footnotes":""},"categories":[2],"tags":[36,38,37],"class_list":["post-4981","post","type-post","status-publish","format-standard","has-post-thumbnail","hentry","category-prensa-adf","tag-la-madrid","tag-las-escuelas-451-543-egb3-epfno14","tag-san-cayetano","even alt"],"_links":{"self":[{"href":"https:\/\/adfformosa.com.ar\/index.php?rest_route=\/wp\/v2\/posts\/4981","targetHints":{"allow":["GET"]}}],"collection":[{"href":"https:\/\/adfformosa.com.ar\/index.php?rest_route=\/wp\/v2\/posts"}],"about":[{"href":"https:\/\/adfformosa.com.ar\/index.php?rest_route=\/wp\/v2\/types\/post"}],"author":[{"embeddable":true,"href":"https:\/\/adfformosa.com.ar\/index.php?rest_route=\/wp\/v2\/users\/3"}],"replies":[{"embeddable":true,"href":"https:\/\/adfformosa.com.ar\/index.php?rest_route=%2Fwp%2Fv2%2Fcomments&post=4981"}],"version-history":[{"count":1,"href":"https:\/\/adfformosa.com.ar\/index.php?rest_route=\/wp\/v2\/posts\/4981\/revisions"}],"predecessor-version":[{"id":4988,"href":"https:\/\/adfformosa.com.ar\/index.php?rest_route=\/wp\/v2\/posts\/4981\/revisions\/4988"}],"wp:featuredmedia":[{"embeddable":true,"href":"https:\/\/adfformosa.com.ar\/index.php?rest_route=\/wp\/v2\/media\/4987"}],"wp:attachment":[{"href":"https:\/\/adfformosa.com.ar\/index.php?rest_route=%2Fwp%2Fv2%2Fmedia&parent=4981"}],"wp:term":[{"taxonomy":"category","embeddable":true,"href":"https:\/\/adfformosa.com.ar\/index.php?rest_route=%2Fwp%2Fv2%2Fcategories&post=4981"},{"taxonomy":"post_tag","embeddable":true,"href":"https:\/\/adfformosa.com.ar\/index.php?rest_route=%2Fwp%2Fv2%2Ftags&post=4981"}],"curies":[{"name":"wp","href":"https:\/\/api.w.org\/{rel}","templated":true}]}}