{"id":4975,"date":"2018-11-23T20:49:52","date_gmt":"2018-11-23T23:49:52","guid":{"rendered":"http:\/\/adfformosa.com.ar\/?p=4975"},"modified":"2018-12-13T21:10:32","modified_gmt":"2018-12-14T00:10:32","slug":"acciones-gremiales-ayer-y-hoy-de-la-escuela-459-las-banderitas","status":"publish","type":"post","link":"https:\/\/adfformosa.com.ar\/?p=4975","title":{"rendered":"Acciones gremiales \/ Ayer y hoy de la escuela 459 Las Banderitas"},"content":{"rendered":"<div id=\"s-share-buttons\" class=\"horizontal-w-c-r-border s-share-w-c\"><a href=\"http:\/\/www.facebook.com\/sharer.php?u=https:\/\/adfformosa.com.ar\/?p=4975\" target=\"_blank\" title=\"Share to Facebook\" class=\"s3-facebook hint--top\"><\/a><a href=\"http:\/\/twitter.com\/intent\/tweet?text=Acciones gremiales \/ Ayer y hoy de la escuela 459 Las Banderitas&url=https:\/\/adfformosa.com.ar\/?p=4975\" target=\"_blank\"  title=\"Share to Twitter\" class=\"s3-twitter hint--top\"><\/a><a href=\"https:\/\/plus.google.com\/share?url=https:\/\/adfformosa.com.ar\/?p=4975\" target=\"_blank\"  title=\"Share to Google Plus\" class=\"s3-google-plus hint--top\"><\/a><a href=\"http:\/\/www.digg.com\/submit?url=https:\/\/adfformosa.com.ar\/?p=4975\" target=\"_blank\"  title=\"Share to Digg\" class=\"s3-digg hint--top\"><\/a><a href=\"http:\/\/www.tumblr.com\/share\/link?url=https%3A%2F%2Fadfformosa.com.ar%2F%3Fp%3D4975&name=Acciones+gremiales+%2F+Ayer+y+hoy+de+la+escuela+459+Las+Banderitas\" target=\"_blank\" title=\"Share to Tumblr\" class=\"s3-tumblr hint--top\"><\/a><a href=\"mailto:?Subject=Acciones%20gremiales%20\/%20Ayer%20y%20hoy%20de%20la%20escuela%20459%20Las%20Banderitas&Body=Here%20is%20the%20link%20to%20the%20article:%20https:\/\/adfformosa.com.ar\/?p=4975\" title=\"Email this article\" class=\"s3-email hint--top\"><\/a><\/div><h3 style=\"text-align: left;\">Ayer y hoy<\/h3>\n<p style=\"text-align: left;\">Estas son las acciones que son parte de la historia de nuestro gremio. All\u00e1 por el a\u00f1o 1992 la Agremiacion del Docente Formose\u00f1o cumpl\u00eda el sue\u00f1o de los padres de la zona ubicada en el extremo oeste de la provincia, la construcci\u00f3n de una escuela. Necesitaban que sus hijos pudieran cumplir con el nivel inicial y la primaria en su zona. As\u00ed naci\u00f3\u00a0 la escuela 459 \u00abLas Banderitas\u00bb que permiti\u00f3 que cientos de alumnos completaran sus estudios.<\/p>\n<p style=\"text-align: left;\">Tambi\u00e9n fueron los docentes que eligieron estar y acompa\u00f1ar el crecimiento del lugar\u00a0con mas trabajo, mas equipo para brindarles lo mejor a sus alumnos.<\/p>\n<div id=\"attachment_4976\" style=\"width: 610px\" class=\"wp-caption aligncenter\"><img loading=\"lazy\" decoding=\"async\" aria-describedby=\"caption-attachment-4976\" class=\"wp-image-4976 size-full\" src=\"https:\/\/adfformosa.com.ar\/wp-content\/uploads\/2018\/12\/escuela-vieja-e1544745674433.jpg\" alt=\"\" width=\"600\" height=\"400\" \/><p id=\"caption-attachment-4976\" class=\"wp-caption-text\">Escuela 459 \u00abLas Banderitas\u00bb 1992<\/p><\/div>\n<p style=\"text-align: left;\">Con los a\u00f1os, el gobierno de la provincia y por decisi\u00f3n del Gobernador Gildo Insfran se construy\u00f3 una moderna escuela con todos los elementos necesarios para que puedan seguir estudiando en mejores condiciones. Fue un sue\u00f1o cumplido que arranco con la escuelita creada por nuestro gremio.<\/p>\n<p>La inaugurqacion en el a\u00f1o 1992 convoco a todos los vecinos y fue una alegr\u00eda contar con un nuevo edificio.<\/p>\n<p>Compartimos las fotos de la escuela en la actualidad 2018.-<\/p>\n<p><img loading=\"lazy\" decoding=\"async\" class=\"alignleft wp-image-4977 size-medium\" src=\"https:\/\/adfformosa.com.ar\/wp-content\/uploads\/2018\/12\/escuela-nueva-1-300x200.jpg\" alt=\"\" width=\"300\" height=\"200\" srcset=\"https:\/\/adfformosa.com.ar\/wp-content\/uploads\/2018\/12\/escuela-nueva-1-300x200.jpg 300w, https:\/\/adfformosa.com.ar\/wp-content\/uploads\/2018\/12\/escuela-nueva-1-768x512.jpg 768w, https:\/\/adfformosa.com.ar\/wp-content\/uploads\/2018\/12\/escuela-nueva-1-1024x683.jpg 1024w, https:\/\/adfformosa.com.ar\/wp-content\/uploads\/2018\/12\/escuela-nueva-1.jpg 2048w\" sizes=\"auto, (max-width: 300px) 100vw, 300px\" \/><\/p>\n<p style=\"text-align: left;\"><img loading=\"lazy\" decoding=\"async\" class=\"alignleft wp-image-4978 size-medium\" src=\"https:\/\/adfformosa.com.ar\/wp-content\/uploads\/2018\/12\/escuela-nueva-2-300x200.jpg\" alt=\"\" width=\"300\" height=\"200\" srcset=\"https:\/\/adfformosa.com.ar\/wp-content\/uploads\/2018\/12\/escuela-nueva-2-300x200.jpg 300w, https:\/\/adfformosa.com.ar\/wp-content\/uploads\/2018\/12\/escuela-nueva-2-768x512.jpg 768w, https:\/\/adfformosa.com.ar\/wp-content\/uploads\/2018\/12\/escuela-nueva-2-1024x683.jpg 1024w, https:\/\/adfformosa.com.ar\/wp-content\/uploads\/2018\/12\/escuela-nueva-2.jpg 2048w\" sizes=\"auto, (max-width: 300px) 100vw, 300px\" \/><img loading=\"lazy\" decoding=\"async\" class=\"alignleft wp-image-4979 size-medium\" src=\"https:\/\/adfformosa.com.ar\/wp-content\/uploads\/2018\/12\/escuela-nueva-3-300x200.jpg\" alt=\"\" width=\"300\" height=\"200\" srcset=\"https:\/\/adfformosa.com.ar\/wp-content\/uploads\/2018\/12\/escuela-nueva-3-300x200.jpg 300w, https:\/\/adfformosa.com.ar\/wp-content\/uploads\/2018\/12\/escuela-nueva-3-768x512.jpg 768w, https:\/\/adfformosa.com.ar\/wp-content\/uploads\/2018\/12\/escuela-nueva-3-1024x683.jpg 1024w, https:\/\/adfformosa.com.ar\/wp-content\/uploads\/2018\/12\/escuela-nueva-3.jpg 2048w\" sizes=\"auto, (max-width: 300px) 100vw, 300px\" \/><\/p>\n","protected":false},"excerpt":{"rendered":"<p>Ayer y hoy Estas son las acciones que son parte de la historia de nuestro gremio. All\u00e1 por el a\u00f1o 1992 la Agremiacion del Docente Formose\u00f1o cumpl\u00eda el sue\u00f1o de&#8230; <span class=\"meta-more\"><a href=\"https:\/\/adfformosa.com.ar\/?p=4975\">Leer mas &raquo;<\/a><\/span><\/p>\n","protected":false},"author":3,"featured_media":4976,"comment_status":"open","ping_status":"closed","sticky":false,"template":"","format":"standard","meta":{"footnotes":""},"categories":[2],"tags":[35],"class_list":["post-4975","post","type-post","status-publish","format-standard","has-post-thumbnail","hentry","category-prensa-adf","tag-escuela-459-las-banderitas","even alt"],"_links":{"self":[{"href":"https:\/\/adfformosa.com.ar\/index.php?rest_route=\/wp\/v2\/posts\/4975","targetHints":{"allow":["GET"]}}],"collection":[{"href":"https:\/\/adfformosa.com.ar\/index.php?rest_route=\/wp\/v2\/posts"}],"about":[{"href":"https:\/\/adfformosa.com.ar\/index.php?rest_route=\/wp\/v2\/types\/post"}],"author":[{"embeddable":true,"href":"https:\/\/adfformosa.com.ar\/index.php?rest_route=\/wp\/v2\/users\/3"}],"replies":[{"embeddable":true,"href":"https:\/\/adfformosa.com.ar\/index.php?rest_route=%2Fwp%2Fv2%2Fcomments&post=4975"}],"version-history":[{"count":1,"href":"https:\/\/adfformosa.com.ar\/index.php?rest_route=\/wp\/v2\/posts\/4975\/revisions"}],"predecessor-version":[{"id":4980,"href":"https:\/\/adfformosa.com.ar\/index.php?rest_route=\/wp\/v2\/posts\/4975\/revisions\/4980"}],"wp:featuredmedia":[{"embeddable":true,"href":"https:\/\/adfformosa.com.ar\/index.php?rest_route=\/wp\/v2\/media\/4976"}],"wp:attachment":[{"href":"https:\/\/adfformosa.com.ar\/index.php?rest_route=%2Fwp%2Fv2%2Fmedia&parent=4975"}],"wp:term":[{"taxonomy":"category","embeddable":true,"href":"https:\/\/adfformosa.com.ar\/index.php?rest_route=%2Fwp%2Fv2%2Fcategories&post=4975"},{"taxonomy":"post_tag","embeddable":true,"href":"https:\/\/adfformosa.com.ar\/index.php?rest_route=%2Fwp%2Fv2%2Ftags&post=4975"}],"curies":[{"name":"wp","href":"https:\/\/api.w.org\/{rel}","templated":true}]}}