{"id":4967,"date":"2018-11-27T20:24:44","date_gmt":"2018-11-27T23:24:44","guid":{"rendered":"http:\/\/adfformosa.com.ar\/?p=4967"},"modified":"2018-12-13T20:41:15","modified_gmt":"2018-12-13T23:41:15","slug":"encuentro-nacional-de-comunicacion-de-ctera-comunicaciony-resistencia","status":"publish","type":"post","link":"https:\/\/adfformosa.com.ar\/?p=4967","title":{"rendered":"Encuentro Nacional de Comunicaci\u00f3n de CTERA: \u00abComunicaci\u00f3ny Resistencia\u00bb"},"content":{"rendered":"<div id=\"s-share-buttons\" class=\"horizontal-w-c-r-border s-share-w-c\"><a href=\"http:\/\/www.facebook.com\/sharer.php?u=https:\/\/adfformosa.com.ar\/?p=4967\" target=\"_blank\" title=\"Share to Facebook\" class=\"s3-facebook hint--top\"><\/a><a href=\"http:\/\/twitter.com\/intent\/tweet?text=Encuentro Nacional de Comunicaci\u00f3n de CTERA: \u00abComunicaci\u00f3ny Resistencia\u00bb&url=https:\/\/adfformosa.com.ar\/?p=4967\" target=\"_blank\"  title=\"Share to Twitter\" class=\"s3-twitter hint--top\"><\/a><a href=\"https:\/\/plus.google.com\/share?url=https:\/\/adfformosa.com.ar\/?p=4967\" target=\"_blank\"  title=\"Share to Google Plus\" class=\"s3-google-plus hint--top\"><\/a><a href=\"http:\/\/www.digg.com\/submit?url=https:\/\/adfformosa.com.ar\/?p=4967\" target=\"_blank\"  title=\"Share to Digg\" class=\"s3-digg hint--top\"><\/a><a href=\"http:\/\/www.tumblr.com\/share\/link?url=https%3A%2F%2Fadfformosa.com.ar%2F%3Fp%3D4967&name=Encuentro+Nacional+de+Comunicaci%C3%B3n+de+CTERA%3A+%C2%ABComunicaci%C3%B3ny+Resistencia%C2%BB\" target=\"_blank\" title=\"Share to Tumblr\" class=\"s3-tumblr hint--top\"><\/a><a href=\"mailto:?Subject=Encuentro%20Nacional%20de%20Comunicaci\u00f3n%20de%20CTERA:%20\u00abComunicaci\u00f3ny%20Resistencia\u00bb&Body=Here%20is%20the%20link%20to%20the%20article:%20https:\/\/adfformosa.com.ar\/?p=4967\" title=\"Email this article\" class=\"s3-email hint--top\"><\/a><\/div><p><img loading=\"lazy\" decoding=\"async\" class=\"aligncenter wp-image-4968 size-medium\" src=\"https:\/\/adfformosa.com.ar\/wp-content\/uploads\/2018\/12\/ENCUENTRO-PRENSA-2018-300x200.jpg\" alt=\"\" width=\"300\" height=\"200\" \/>Organizado por la Secretar\u00eda de Comunicaci\u00f3n de CTERA se realiz\u00f3 el Encuentro Nacional<span class=\"text_exposed_show\">\u00a0de Comunicaci\u00f3n: \u00abResistencia y Comunicaci\u00f3n\u00bb, con la participaci\u00f3n de Secretarios de Prensa y Comunicaci\u00f3n de los sindicatos docentes provinciales.<br \/>\nEl cierre estuvo a cargo del fil\u00f3sofo y docente Dar\u00edo Sztajnszrajber y de Roberto Baradel &#8211; Sec. General de SUTEBA y Adjunto de CTERA -.<br \/>\nEn la jornada se abordaron diferentes tem\u00e1ticas: los medios de comunicaci\u00f3n hoy, su incidencia; herramientas de comunicaci\u00f3n; la comunicaci\u00f3n en la globalizaci\u00f3n; comunicaci\u00f3n alternativa; redes sociales y radios comunitarias.<br \/>\nLos disertantes de los diferentes ejes tem\u00e1ticos fueron:<br \/>\nMariio Wainfeld &#8211; Periodista &#8211; , Dar\u00edo Sztajnszrajber- Fil\u00f3sofo -, H\u00e9ctor Sosa &#8211; Periodista y Comunicador Social -, Pablo Antonini &#8211; Presidente de FARCO Foro Argentino de Radios Comunitarias &#8211; y Mar\u00eda Quintero &#8211; Revista Periodismo por Venir -.<br \/>\nEl Encuentro estuvo coordinado por Guillermo Parodi &#8211; Sec. de Prensa &#8211; y Alejandro Demichelis &#8211; Director de Prensa -.<\/span><\/p>\n<div class=\"text_exposed_show\">\n<p>Buenos Aires, martes 27 de noviembre de 2018<\/p>\n<p><img loading=\"lazy\" decoding=\"async\" class=\"aligncenter wp-image-4973 size-full\" src=\"https:\/\/adfformosa.com.ar\/wp-content\/uploads\/2018\/12\/ENCUENTRO-PRENSA-2-e1544744365957.jpg\" alt=\"\" width=\"600\" height=\"338\" \/><\/p>\n<p><img loading=\"lazy\" decoding=\"async\" class=\"alignleft wp-image-4971 size-full\" src=\"https:\/\/adfformosa.com.ar\/wp-content\/uploads\/2018\/12\/ENCUENTRO-PRENSA-4-e1544744266421.jpg\" alt=\"\" width=\"300\" height=\"200\" \/><\/p>\n<p><img loading=\"lazy\" decoding=\"async\" class=\"alignleft wp-image-4970\" src=\"https:\/\/adfformosa.com.ar\/wp-content\/uploads\/2018\/12\/ENCUENTRO-PRENSA-3-e1544744236938.jpg\" alt=\"\" width=\"355\" height=\"200\" \/><\/p>\n<p><img loading=\"lazy\" decoding=\"async\" class=\"alignleft wp-image-4969 size-medium\" src=\"https:\/\/adfformosa.com.ar\/wp-content\/uploads\/2018\/12\/ENCUENTRO-PRENSA-2018-1-300x200.jpg\" alt=\"\" width=\"300\" height=\"200\" \/><\/p>\n<\/div>\n","protected":false},"excerpt":{"rendered":"<p>Organizado por la Secretar\u00eda de Comunicaci\u00f3n de CTERA se realiz\u00f3 el Encuentro Nacional\u00a0de Comunicaci\u00f3n: \u00abResistencia y Comunicaci\u00f3n\u00bb, con la participaci\u00f3n de Secretarios de Prensa y Comunicaci\u00f3n de los sindicatos docentes&#8230; <span class=\"meta-more\"><a href=\"https:\/\/adfformosa.com.ar\/?p=4967\">Leer mas &raquo;<\/a><\/span><\/p>\n","protected":false},"author":3,"featured_media":4973,"comment_status":"open","ping_status":"closed","sticky":false,"template":"","format":"standard","meta":{"footnotes":""},"categories":[2],"tags":[34],"class_list":["post-4967","post","type-post","status-publish","format-standard","has-post-thumbnail","hentry","category-prensa-adf","tag-dario-sztajnszrajber-encuentro-prensa-ctera-2018","even alt"],"_links":{"self":[{"href":"https:\/\/adfformosa.com.ar\/index.php?rest_route=\/wp\/v2\/posts\/4967","targetHints":{"allow":["GET"]}}],"collection":[{"href":"https:\/\/adfformosa.com.ar\/index.php?rest_route=\/wp\/v2\/posts"}],"about":[{"href":"https:\/\/adfformosa.com.ar\/index.php?rest_route=\/wp\/v2\/types\/post"}],"author":[{"embeddable":true,"href":"https:\/\/adfformosa.com.ar\/index.php?rest_route=\/wp\/v2\/users\/3"}],"replies":[{"embeddable":true,"href":"https:\/\/adfformosa.com.ar\/index.php?rest_route=%2Fwp%2Fv2%2Fcomments&post=4967"}],"version-history":[{"count":1,"href":"https:\/\/adfformosa.com.ar\/index.php?rest_route=\/wp\/v2\/posts\/4967\/revisions"}],"predecessor-version":[{"id":4974,"href":"https:\/\/adfformosa.com.ar\/index.php?rest_route=\/wp\/v2\/posts\/4967\/revisions\/4974"}],"wp:featuredmedia":[{"embeddable":true,"href":"https:\/\/adfformosa.com.ar\/index.php?rest_route=\/wp\/v2\/media\/4973"}],"wp:attachment":[{"href":"https:\/\/adfformosa.com.ar\/index.php?rest_route=%2Fwp%2Fv2%2Fmedia&parent=4967"}],"wp:term":[{"taxonomy":"category","embeddable":true,"href":"https:\/\/adfformosa.com.ar\/index.php?rest_route=%2Fwp%2Fv2%2Fcategories&post=4967"},{"taxonomy":"post_tag","embeddable":true,"href":"https:\/\/adfformosa.com.ar\/index.php?rest_route=%2Fwp%2Fv2%2Ftags&post=4967"}],"curies":[{"name":"wp","href":"https:\/\/api.w.org\/{rel}","templated":true}]}}