{"id":4963,"date":"2018-11-28T20:19:08","date_gmt":"2018-11-28T23:19:08","guid":{"rendered":"http:\/\/adfformosa.com.ar\/?p=4963"},"modified":"2018-12-13T20:24:35","modified_gmt":"2018-12-13T23:24:35","slug":"conmovedor-homenaje-maestrxs-de-vida-2018","status":"publish","type":"post","link":"https:\/\/adfformosa.com.ar\/?p=4963","title":{"rendered":"Conmovedor Homenaje \u00abMaestrxs de Vida\u00bb 2018"},"content":{"rendered":"<div id=\"s-share-buttons\" class=\"horizontal-w-c-r-border s-share-w-c\"><a href=\"http:\/\/www.facebook.com\/sharer.php?u=https:\/\/adfformosa.com.ar\/?p=4963\" target=\"_blank\" title=\"Share to Facebook\" class=\"s3-facebook hint--top\"><\/a><a href=\"http:\/\/twitter.com\/intent\/tweet?text=Conmovedor Homenaje \u00abMaestrxs de Vida\u00bb 2018&url=https:\/\/adfformosa.com.ar\/?p=4963\" target=\"_blank\"  title=\"Share to Twitter\" class=\"s3-twitter hint--top\"><\/a><a href=\"https:\/\/plus.google.com\/share?url=https:\/\/adfformosa.com.ar\/?p=4963\" target=\"_blank\"  title=\"Share to Google Plus\" class=\"s3-google-plus hint--top\"><\/a><a href=\"http:\/\/www.digg.com\/submit?url=https:\/\/adfformosa.com.ar\/?p=4963\" target=\"_blank\"  title=\"Share to Digg\" class=\"s3-digg hint--top\"><\/a><a href=\"http:\/\/www.tumblr.com\/share\/link?url=https%3A%2F%2Fadfformosa.com.ar%2F%3Fp%3D4963&name=Conmovedor+Homenaje+%C2%ABMaestrxs+de+Vida%C2%BB+2018\" target=\"_blank\" title=\"Share to Tumblr\" class=\"s3-tumblr hint--top\"><\/a><a href=\"mailto:?Subject=Conmovedor%20Homenaje%20\u00abMaestrxs%20de%20Vida\u00bb%202018&Body=Here%20is%20the%20link%20to%20the%20article:%20https:\/\/adfformosa.com.ar\/?p=4963\" title=\"Email this article\" class=\"s3-email hint--top\"><\/a><\/div><h3 style=\"text-align: center;\"><strong>Aires de Esperanzas. Conmovedor Homenaje \u00abMaestrxs de Vida\u00bb 2018<\/strong><\/h3>\n<p><img loading=\"lazy\" decoding=\"async\" class=\"aligncenter wp-image-4964 size-medium\" src=\"https:\/\/adfformosa.com.ar\/wp-content\/uploads\/2018\/12\/MAESTROS-DE-VIDA-1-300x200.jpg\" alt=\"\" width=\"300\" height=\"200\" \/><\/p>\n<p>Todo el acto \u00abMaestrxs de Vida\u00bb, desde el principio al fin, fue un abrazo colectivo a la lucha<span class=\"text_exposed_show\">, al compromiso que colm\u00f3 el Auditorio \u00abIsauro Arancibia\u00bb con aires de esperanza.<\/span><\/p>\n<div class=\"text_exposed_show\">\n<p>La CTERA realiz\u00f3 \u201cMaestrxs de Vida\u201d 2018, distinguiendo a aquellas personalidades y organizaciones que con su testimonio de vida, con su obra y con su ejemplo de entrega alumbran la lucha por una sociedad m\u00e1s justa.<\/p>\n<p>El acto encabezado por Sonia Alesso y Roberto Baradel, Hugo Yasky y de docentes, estudiantes, organismos de derechos humanos, acad\u00e9micos, pedagogos, organizaciones sindicales, artistas, periodistas.<br \/>\nCon una CTERA desbordada de compa\u00f1erxs, la entrega \u00abMaestrxs de Vida\u00bb tuvo su clima m\u00e1s emotivo cuando se distinguieron a Sandra y Rub\u00e9n. Familiares, amigos, Comunidad Educativa de la Escuela N\u00b0 49 de Moreno se acercaron para recibir esta distinci\u00f3n que el auditorio aplaudi\u00f3 de pie y bajo la consigna \u00ab\u00a1 Sandra y Rub\u00e9n Presentes !<br \/>\nHubo videos con mensajes de agradecimiento del Vicepresidente del Estado Plurinacional de Bolivia \u00c1lvaro Garc\u00eda Linera, el m\u00fasico Gustavo Santaolalla y la cantante y actriz Rita Cortese.<br \/>\nRecibieron su distinci\u00f3n la infatigable luchadora Lita Boitano, de Familiares de Detenidos y Desaparecidos por Razones Pol\u00edticas; el militante sindical y ex Diputado Nacional Loernzo Pepe; la cantora Liliana Herrero que nos regal\u00f3 una canci\u00f3n para amenizar el evento.<br \/>\nDiscursos apasionados de Dora Barrancos, Mar\u00eda Seoane, Adriana Puiggr\u00f3s, Graciela Morgade, Patricia Redondo, Mar\u00eda Elena Naddeo &#8211; APDH -, mujeres comprometidas y luchadoras por la educaci\u00f3n, los derechos de las mujeres, un periodismo democr\u00e1tico, los derechos humanos.<br \/>\nLas palabras justas de Norberto Galasso, Lorenzo Pepe, Pedro Brieger, Trist\u00e1n Bauer, Mart\u00edn Granosvky yJos\u00e9 Antonio Castorina ; el reconocimiento al querido Compa\u00f1ero Marcelo \u00abNono\u00bb Frondizi, con la presencia de sus hijos y de compa\u00f1erxs de ATE,<br \/>\nLa nutrida delegaci\u00f3n de los Trabajadorxs de Prensa de TELAM que coparon el escenario y fueron ovacionados por los presentes por su lucha contra los despidos y en defensa del derecho a la informaci\u00f3n.<br \/>\nTodo el acto \u00abMaestrxs de Vida\u00bb, desde el principio al fin, fue un abrazo colectivo a la lucha, al compromiso, que llen\u00f3 el Auditorio \u00abIsauro Arancibia\u00bb de un aire de esperanza.<\/p>\n<p>Este a\u00f1o se entregaron \u201cMaestrx de Vida\u201d a:<\/p>\n<p>Lita Boitano &#8211; Familiares de Detenidos y Desaparecidos por Razones Pol\u00edticas -;Alvaro Garc\u00eda Linera &#8211; Vicepresidente de Bolivia -;Sandra Calamano y Rub\u00e9n Rodr\u00edguez &#8211; Trabajadores de la Educaci\u00f3n de la Esc. N\u00ba 49 de Moreno , Pcia. de Buenos Aires -;APDH &#8211; Asamblea Permanente por los Derechos Humanos-; Marcelo \u201cNono\u201d Frondizi &#8211; Militante Sindical \u2013; Gustavo Santaolalla &#8211; M\u00fasico -; Pedro Brieger &#8211; Periodista -; Trist\u00e1n Bauer \u2013 Cineasta -; Maria Seoane &#8211; Periodista, escritora -; Liliana Herrero &#8211; Cantora -;Dora Barrancos &#8211; Magister en Educaci\u00f3n, Soci\u00f3loga, Doctora en Historia -;Rita Cortese &#8211; Artista -; Mart\u00edn Granovsky &#8211; Periodista \u2013; Graciela Morgade -Docente, Investigadora y Militante en g\u00e9neros, sexualidades y educaci\u00f3n \u2013 ; Lorenzo Pepe &#8211; Militante Sindical -; Jos\u00e9 Antonio Castorina &#8211; Dr. en Educaci\u00f3n, Magister en Filosof\u00eda. investigador principal del CONICET -; Patricia Redondo &#8211; Dra. en Ciencias de la Educaci\u00f3n, Magister en Ciencias Sociales, Prof. Adjunta Facultad de Humanidades y Ciencias de la Educaci\u00f3n UNLP -; Trabajadorxs de Prensa de TELAM.<br \/>\nLa distinci\u00f3n a la trayectoria fue para el historiador Norrberto Galasso y la pedagoga Adriana Puiggr\u00f3s.<\/p>\n<p>Sonia Alesso<br \/>\nSecretaria General<br \/>\nGuillermo Parodi<br \/>\nSecretario de Prensa<\/p>\n<p><img loading=\"lazy\" decoding=\"async\" class=\"aligncenter wp-image-4965 size-full\" src=\"https:\/\/adfformosa.com.ar\/wp-content\/uploads\/2018\/12\/MAESTROS-DE-VIDA-2-e1544743446665.jpg\" alt=\"\" width=\"600\" height=\"400\" \/><\/p>\n<\/div>\n","protected":false},"excerpt":{"rendered":"<p>Aires de Esperanzas. Conmovedor Homenaje \u00abMaestrxs de Vida\u00bb 2018 Todo el acto \u00abMaestrxs de Vida\u00bb, desde el principio al fin, fue un abrazo colectivo a la lucha, al compromiso que&#8230; <span class=\"meta-more\"><a href=\"https:\/\/adfformosa.com.ar\/?p=4963\">Leer mas &raquo;<\/a><\/span><\/p>\n","protected":false},"author":3,"featured_media":4965,"comment_status":"open","ping_status":"closed","sticky":false,"template":"","format":"standard","meta":{"footnotes":""},"categories":[2],"tags":[],"class_list":["post-4963","post","type-post","status-publish","format-standard","has-post-thumbnail","hentry","category-prensa-adf","even alt"],"_links":{"self":[{"href":"https:\/\/adfformosa.com.ar\/index.php?rest_route=\/wp\/v2\/posts\/4963","targetHints":{"allow":["GET"]}}],"collection":[{"href":"https:\/\/adfformosa.com.ar\/index.php?rest_route=\/wp\/v2\/posts"}],"about":[{"href":"https:\/\/adfformosa.com.ar\/index.php?rest_route=\/wp\/v2\/types\/post"}],"author":[{"embeddable":true,"href":"https:\/\/adfformosa.com.ar\/index.php?rest_route=\/wp\/v2\/users\/3"}],"replies":[{"embeddable":true,"href":"https:\/\/adfformosa.com.ar\/index.php?rest_route=%2Fwp%2Fv2%2Fcomments&post=4963"}],"version-history":[{"count":1,"href":"https:\/\/adfformosa.com.ar\/index.php?rest_route=\/wp\/v2\/posts\/4963\/revisions"}],"predecessor-version":[{"id":4966,"href":"https:\/\/adfformosa.com.ar\/index.php?rest_route=\/wp\/v2\/posts\/4963\/revisions\/4966"}],"wp:featuredmedia":[{"embeddable":true,"href":"https:\/\/adfformosa.com.ar\/index.php?rest_route=\/wp\/v2\/media\/4965"}],"wp:attachment":[{"href":"https:\/\/adfformosa.com.ar\/index.php?rest_route=%2Fwp%2Fv2%2Fmedia&parent=4963"}],"wp:term":[{"taxonomy":"category","embeddable":true,"href":"https:\/\/adfformosa.com.ar\/index.php?rest_route=%2Fwp%2Fv2%2Fcategories&post=4963"},{"taxonomy":"post_tag","embeddable":true,"href":"https:\/\/adfformosa.com.ar\/index.php?rest_route=%2Fwp%2Fv2%2Ftags&post=4963"}],"curies":[{"name":"wp","href":"https:\/\/api.w.org\/{rel}","templated":true}]}}