{"id":4958,"date":"2018-12-03T14:13:38","date_gmt":"2018-12-03T17:13:38","guid":{"rendered":"http:\/\/adfformosa.com.ar\/?p=4958"},"modified":"2018-12-13T20:18:47","modified_gmt":"2018-12-13T23:18:47","slug":"dia-internacional-de-las-personas-con-discapacidad","status":"publish","type":"post","link":"https:\/\/adfformosa.com.ar\/?p=4958","title":{"rendered":"D\u00eda Internacional de las Personas Con Discapacidad"},"content":{"rendered":"<div id=\"s-share-buttons\" class=\"horizontal-w-c-r-border s-share-w-c\"><a href=\"http:\/\/www.facebook.com\/sharer.php?u=https:\/\/adfformosa.com.ar\/?p=4958\" target=\"_blank\" title=\"Share to Facebook\" class=\"s3-facebook hint--top\"><\/a><a href=\"http:\/\/twitter.com\/intent\/tweet?text=D\u00eda Internacional de las Personas Con Discapacidad&url=https:\/\/adfformosa.com.ar\/?p=4958\" target=\"_blank\"  title=\"Share to Twitter\" class=\"s3-twitter hint--top\"><\/a><a href=\"https:\/\/plus.google.com\/share?url=https:\/\/adfformosa.com.ar\/?p=4958\" target=\"_blank\"  title=\"Share to Google Plus\" class=\"s3-google-plus hint--top\"><\/a><a href=\"http:\/\/www.digg.com\/submit?url=https:\/\/adfformosa.com.ar\/?p=4958\" target=\"_blank\"  title=\"Share to Digg\" class=\"s3-digg hint--top\"><\/a><a href=\"http:\/\/www.tumblr.com\/share\/link?url=https%3A%2F%2Fadfformosa.com.ar%2F%3Fp%3D4958&name=D%C3%ADa+Internacional+de+las+Personas+Con+Discapacidad\" target=\"_blank\" title=\"Share to Tumblr\" class=\"s3-tumblr hint--top\"><\/a><a href=\"mailto:?Subject=D\u00eda%20Internacional%20de%20las%20Personas%20Con%20Discapacidad&Body=Here%20is%20the%20link%20to%20the%20article:%20https:\/\/adfformosa.com.ar\/?p=4958\" title=\"Email this article\" class=\"s3-email hint--top\"><\/a><\/div><h2><strong>Acciones gremiales\u00a0<\/strong><br \/>\n<strong>D\u00eda Internacional de las\u00a0<a class=\"_58cn\" href=\"https:\/\/www.facebook.com\/hashtag\/personascondiscapacidad?source=feed_text&amp;epa=HASHTAG&amp;__xts__%5B0%5D=68.ARBJRgqv5ylw7u_DWsSiCo2WvEgVqDD9XzPoX-bljwQ3PuCW8GzSxKRMxEHv6a3Bd9ZrqRojJO7mi6z7T3EL7HG80C3sNC8Au2vlLCvA6dpm1qBLE5RvbwtexanNomq59-tfeoHi9lw_Jbmj4HYU2QlYDJrqYbjAcmpe4_9qOxGBYK1GZzRdyq--FQSNrURWcW8DP-3wyq75NzkBTvklHe6z0Po12cjcwLr3UO-FwFJWmitgEQ3Vi5TtqVQ-orh9t1AuNStHkfufGm2xuFttHyiTAK_NDW4m3vYiRg7shzrzftfZQ3tmmnSkEPPvwkx8i93d5eTxkbEJG3R7-oh-37knoag1&amp;__tn__=%2ANK-R\" data-ft=\"{&quot;type&quot;:104,&quot;tn&quot;:&quot;*N&quot;}\"><span class=\"_5afx\"><span class=\"_58cl _5afz\" aria-label=\"hashtag\">#<\/span><span class=\"_58cm\">PersonasConDiscapacidad<\/span><\/span><\/a><\/strong><\/h2>\n<p>Distinguen a Odont\u00f3logos del Servicio de Atenci\u00f3n a Personas con Discapacidad del Hospital odontologico.<br \/>\nEl grupo de j\u00f3venes profesionales lleva adelante el programa de Educaci\u00f3n y Prevenci\u00f3n para la Salud Bucal en las escuelas especiales.<span class=\"text_exposed_show\"><br \/>\nADF acompa\u00f1a al equipo por el compromiso en su labor.<br \/>\nLa distinci\u00f3n fue realizada por la Direcci\u00f3n de Discapacidad de la provincia en un acto realizado esta ma\u00f1ana en el Instituto de Formaci\u00f3n Policial del barrio San Antonio.<br \/>\nLos distinguidos fueron: Dra Ver\u00f3nica Rivas; Dra Solange Servin;Dr Lucas Barrios y los asistentes que los acompa\u00f1an en el programa.<br \/>\nLa Secretaria de la Rama de Educaci\u00f3n Especial de la Agremiaci\u00f3n del Docente Formose\u00f1o (ADF) trabaja en Coordinaci\u00f3n con diferentes organismos del \u00e1rea.<br \/>\nCompartimos fotos de esta ma\u00f1ana.<\/span><\/p>\n<p><img loading=\"lazy\" decoding=\"async\" class=\"alignleft wp-image-4961 size-full\" src=\"https:\/\/adfformosa.com.ar\/wp-content\/uploads\/2018\/12\/DISTINCION-3-e1544743060796.jpg\" alt=\"\" width=\"300\" height=\"400\" \/><\/p>\n<p><img loading=\"lazy\" decoding=\"async\" class=\"wp-image-4960 size-medium alignleft\" src=\"https:\/\/adfformosa.com.ar\/wp-content\/uploads\/2018\/12\/DISTINCION-2-300x225.jpg\" alt=\"\" width=\"300\" height=\"225\" \/><\/p>\n<p><img loading=\"lazy\" decoding=\"async\" class=\"alignleft wp-image-4959 \" src=\"https:\/\/adfformosa.com.ar\/wp-content\/uploads\/2018\/12\/DISTINCION-1-300x225.jpg\" alt=\"\" width=\"300\" height=\"225\" \/><\/p>\n","protected":false},"excerpt":{"rendered":"<p>Acciones gremiales\u00a0 D\u00eda Internacional de las\u00a0#PersonasConDiscapacidad Distinguen a Odont\u00f3logos del Servicio de Atenci\u00f3n a Personas con Discapacidad del Hospital odontologico. El grupo de j\u00f3venes profesionales lleva adelante el programa de&#8230; <span class=\"meta-more\"><a href=\"https:\/\/adfformosa.com.ar\/?p=4958\">Leer mas &raquo;<\/a><\/span><\/p>\n","protected":false},"author":3,"featured_media":4961,"comment_status":"open","ping_status":"closed","sticky":false,"template":"","format":"standard","meta":{"footnotes":""},"categories":[2],"tags":[33],"class_list":["post-4958","post","type-post","status-publish","format-standard","has-post-thumbnail","hentry","category-prensa-adf","tag-dia-internacional-de-las-personas-con-discapacidad","even alt"],"_links":{"self":[{"href":"https:\/\/adfformosa.com.ar\/index.php?rest_route=\/wp\/v2\/posts\/4958","targetHints":{"allow":["GET"]}}],"collection":[{"href":"https:\/\/adfformosa.com.ar\/index.php?rest_route=\/wp\/v2\/posts"}],"about":[{"href":"https:\/\/adfformosa.com.ar\/index.php?rest_route=\/wp\/v2\/types\/post"}],"author":[{"embeddable":true,"href":"https:\/\/adfformosa.com.ar\/index.php?rest_route=\/wp\/v2\/users\/3"}],"replies":[{"embeddable":true,"href":"https:\/\/adfformosa.com.ar\/index.php?rest_route=%2Fwp%2Fv2%2Fcomments&post=4958"}],"version-history":[{"count":1,"href":"https:\/\/adfformosa.com.ar\/index.php?rest_route=\/wp\/v2\/posts\/4958\/revisions"}],"predecessor-version":[{"id":4962,"href":"https:\/\/adfformosa.com.ar\/index.php?rest_route=\/wp\/v2\/posts\/4958\/revisions\/4962"}],"wp:featuredmedia":[{"embeddable":true,"href":"https:\/\/adfformosa.com.ar\/index.php?rest_route=\/wp\/v2\/media\/4961"}],"wp:attachment":[{"href":"https:\/\/adfformosa.com.ar\/index.php?rest_route=%2Fwp%2Fv2%2Fmedia&parent=4958"}],"wp:term":[{"taxonomy":"category","embeddable":true,"href":"https:\/\/adfformosa.com.ar\/index.php?rest_route=%2Fwp%2Fv2%2Fcategories&post=4958"},{"taxonomy":"post_tag","embeddable":true,"href":"https:\/\/adfformosa.com.ar\/index.php?rest_route=%2Fwp%2Fv2%2Ftags&post=4958"}],"curies":[{"name":"wp","href":"https:\/\/api.w.org\/{rel}","templated":true}]}}