{"id":4952,"date":"2018-12-06T18:00:07","date_gmt":"2018-12-06T21:00:07","guid":{"rendered":"http:\/\/adfformosa.com.ar\/?p=4952"},"modified":"2018-12-13T20:09:25","modified_gmt":"2018-12-13T23:09:25","slug":"correcciones-a-la-inscripcion-extraordinaria-para-la-escuela-escuela-provincial-de-educacion-tecnica-n-9","status":"publish","type":"post","link":"https:\/\/adfformosa.com.ar\/?p=4952","title":{"rendered":"Correcciones a la inscripci\u00f3n extraordinaria para la escuela Escuela Provincial de Educaci\u00f3n T\u00e9cnica N\u00b0 9"},"content":{"rendered":"<div id=\"s-share-buttons\" class=\"horizontal-w-c-r-border s-share-w-c\"><a href=\"http:\/\/www.facebook.com\/sharer.php?u=https:\/\/adfformosa.com.ar\/?p=4952\" target=\"_blank\" title=\"Share to Facebook\" class=\"s3-facebook hint--top\"><\/a><a href=\"http:\/\/twitter.com\/intent\/tweet?text=Correcciones a la inscripci\u00f3n extraordinaria para la escuela Escuela Provincial de Educaci\u00f3n T\u00e9cnica N\u00b0 9&url=https:\/\/adfformosa.com.ar\/?p=4952\" target=\"_blank\"  title=\"Share to Twitter\" class=\"s3-twitter hint--top\"><\/a><a href=\"https:\/\/plus.google.com\/share?url=https:\/\/adfformosa.com.ar\/?p=4952\" target=\"_blank\"  title=\"Share to Google Plus\" class=\"s3-google-plus hint--top\"><\/a><a href=\"http:\/\/www.digg.com\/submit?url=https:\/\/adfformosa.com.ar\/?p=4952\" target=\"_blank\"  title=\"Share to Digg\" class=\"s3-digg hint--top\"><\/a><a href=\"http:\/\/www.tumblr.com\/share\/link?url=https%3A%2F%2Fadfformosa.com.ar%2F%3Fp%3D4952&name=Correcciones+a+la+inscripci%C3%B3n+extraordinaria+para+la+escuela+Escuela+Provincial+de+Educaci%C3%B3n+T%C3%A9cnica+N%C2%B0+9\" target=\"_blank\" title=\"Share to Tumblr\" class=\"s3-tumblr hint--top\"><\/a><a href=\"mailto:?Subject=Correcciones%20a%20la%20inscripci\u00f3n%20extraordinaria%20para%20la%20escuela%20Escuela%20Provincial%20de%20Educaci\u00f3n%20T\u00e9cnica%20N\u00b0%209&Body=Here%20is%20the%20link%20to%20the%20article:%20https:\/\/adfformosa.com.ar\/?p=4952\" title=\"Email this article\" class=\"s3-email hint--top\"><\/a><\/div><h3><strong>De Inter\u00e9s para los docentes<\/strong><\/h3>\n<p><img loading=\"lazy\" decoding=\"async\" class=\"aligncenter wp-image-4953 size-medium\" src=\"https:\/\/adfformosa.com.ar\/wp-content\/uploads\/2018\/12\/gestiones-de-ADF-300x251.jpg\" alt=\"\" width=\"300\" height=\"251\" srcset=\"https:\/\/adfformosa.com.ar\/wp-content\/uploads\/2018\/12\/gestiones-de-ADF-300x251.jpg 300w, https:\/\/adfformosa.com.ar\/wp-content\/uploads\/2018\/12\/gestiones-de-ADF-768x644.jpg 768w, https:\/\/adfformosa.com.ar\/wp-content\/uploads\/2018\/12\/gestiones-de-ADF.jpg 940w\" sizes=\"auto, (max-width: 300px) 100vw, 300px\" \/><\/p>\n<h4 style=\"text-align: center;\"><strong>Correcciones a la inscripci\u00f3n extraordinaria para la escuela Escuela Provincial de Educaci\u00f3n T\u00e9cnica N\u00b0 9, de la Localidad de Laguna Blanca<\/strong><\/h4>\n<p>La Junta de Clasificaci\u00f3n de Educaci\u00f3n Secundaria informa que por Resoluci\u00f3n N\u00b0 7590\/18 del Ministerio de Cultura y Educaci\u00f3n, se convoca a Inscripci\u00f3n Extraordinaria Per\u00edodo 2019 para Interinatos y Suplencias, de la Escuela Provincial de Educaci\u00f3n T\u00e9cnica N\u00b0 9, de la Localidad de Laguna Blanca, Delegaci\u00f3n Zonal Pilcomayo, para<span class=\"text_exposed_show\">\u00a0la cobertura de 2 (dos) cargos de Instructor, 9 (nueve) cargos docentes de Profesor Tiempo Parcial &#8211; PTP (12 HS): Educaci\u00f3n Tecnol\u00f3gica, Dibujo T\u00e9cnico, Ciencias Naturales (Biolog\u00eda), Ciencias Naturales (Ciencias F\u00edsico-Qu\u00edmica), Ingl\u00e9s, Educaci\u00f3n Art\u00edstica, Ciencias Sociales (Historia), Ciencias Sociales (Geograf\u00eda), Educaci\u00f3n F\u00edsica y 2 (dos) cargos de Profesor Tiempo Parcial &#8211; PTP (18 HS): Matem\u00e1tica, Lengua y Comunicaci\u00f3n.<\/span><\/p>\n<div class=\"text_exposed_show\">\n<p>Los aspirantes deben poseer legajo activo en Junta de Secundaria y t\u00edtulo docente para el cargo.<\/p>\n<p>Si el docente se ha inscripto en 3 instituciones para el Ciclo 2019, deber\u00e1 en el momento de la inscripci\u00f3n, solicitar la anulaci\u00f3n de una de ellas.<\/p>\n<p>La inscripci\u00f3n se realizar\u00e1 el d\u00eda lunes 10 de Diciembre, en el horario de 08 a 12 hs y de 14 a 18 hs, en la sede de la Delegaci\u00f3n Zonal Pilcomayo: Fontana S\/N entre Jos\u00e9 Hern\u00e1ndez y Mar\u00eda Candelaria, de la localidad de Laguna Blanca.<\/p>\n<p>El interesado debe concurrir con DNI (original y fotocopia)<\/p>\n<\/div>\n<p>&nbsp;<\/p>\n","protected":false},"excerpt":{"rendered":"<p>De Inter\u00e9s para los docentes Correcciones a la inscripci\u00f3n extraordinaria para la escuela Escuela Provincial de Educaci\u00f3n T\u00e9cnica N\u00b0 9, de la Localidad de Laguna Blanca La Junta de Clasificaci\u00f3n&#8230; <span class=\"meta-more\"><a href=\"https:\/\/adfformosa.com.ar\/?p=4952\">Leer mas &raquo;<\/a><\/span><\/p>\n","protected":false},"author":3,"featured_media":4953,"comment_status":"open","ping_status":"closed","sticky":false,"template":"","format":"standard","meta":{"footnotes":""},"categories":[2],"tags":[31],"class_list":["post-4952","post","type-post","status-publish","format-standard","has-post-thumbnail","hentry","category-prensa-adf","tag-escuela-provincial-de-educacion-tecnica-n-9","even alt"],"_links":{"self":[{"href":"https:\/\/adfformosa.com.ar\/index.php?rest_route=\/wp\/v2\/posts\/4952","targetHints":{"allow":["GET"]}}],"collection":[{"href":"https:\/\/adfformosa.com.ar\/index.php?rest_route=\/wp\/v2\/posts"}],"about":[{"href":"https:\/\/adfformosa.com.ar\/index.php?rest_route=\/wp\/v2\/types\/post"}],"author":[{"embeddable":true,"href":"https:\/\/adfformosa.com.ar\/index.php?rest_route=\/wp\/v2\/users\/3"}],"replies":[{"embeddable":true,"href":"https:\/\/adfformosa.com.ar\/index.php?rest_route=%2Fwp%2Fv2%2Fcomments&post=4952"}],"version-history":[{"count":1,"href":"https:\/\/adfformosa.com.ar\/index.php?rest_route=\/wp\/v2\/posts\/4952\/revisions"}],"predecessor-version":[{"id":4954,"href":"https:\/\/adfformosa.com.ar\/index.php?rest_route=\/wp\/v2\/posts\/4952\/revisions\/4954"}],"wp:featuredmedia":[{"embeddable":true,"href":"https:\/\/adfformosa.com.ar\/index.php?rest_route=\/wp\/v2\/media\/4953"}],"wp:attachment":[{"href":"https:\/\/adfformosa.com.ar\/index.php?rest_route=%2Fwp%2Fv2%2Fmedia&parent=4952"}],"wp:term":[{"taxonomy":"category","embeddable":true,"href":"https:\/\/adfformosa.com.ar\/index.php?rest_route=%2Fwp%2Fv2%2Fcategories&post=4952"},{"taxonomy":"post_tag","embeddable":true,"href":"https:\/\/adfformosa.com.ar\/index.php?rest_route=%2Fwp%2Fv2%2Ftags&post=4952"}],"curies":[{"name":"wp","href":"https:\/\/api.w.org\/{rel}","templated":true}]}}