{"id":4941,"date":"2018-08-29T13:22:29","date_gmt":"2018-08-29T16:22:29","guid":{"rendered":"http:\/\/adfformosa.com.ar\/?p=4941"},"modified":"2018-09-10T14:22:09","modified_gmt":"2018-09-10T17:22:09","slug":"el-ministerio-de-educacion-y-legislatura-de-formosa-declaran-de-interes-conferencia-sobre-bullying","status":"publish","type":"post","link":"https:\/\/adfformosa.com.ar\/?p=4941","title":{"rendered":"El Ministerio de Educaci\u00f3n y la Legislatura de Formosa declaran  de Inter\u00e9s conferencia sobre Bullying"},"content":{"rendered":"<div id=\"s-share-buttons\" class=\"horizontal-w-c-r-border s-share-w-c\"><a href=\"http:\/\/www.facebook.com\/sharer.php?u=https:\/\/adfformosa.com.ar\/?p=4941\" target=\"_blank\" title=\"Share to Facebook\" class=\"s3-facebook hint--top\"><\/a><a href=\"http:\/\/twitter.com\/intent\/tweet?text=El Ministerio de Educaci\u00f3n y la Legislatura de Formosa declaran  de Inter\u00e9s conferencia sobre Bullying&url=https:\/\/adfformosa.com.ar\/?p=4941\" target=\"_blank\"  title=\"Share to Twitter\" class=\"s3-twitter hint--top\"><\/a><a href=\"https:\/\/plus.google.com\/share?url=https:\/\/adfformosa.com.ar\/?p=4941\" target=\"_blank\"  title=\"Share to Google Plus\" class=\"s3-google-plus hint--top\"><\/a><a href=\"http:\/\/www.digg.com\/submit?url=https:\/\/adfformosa.com.ar\/?p=4941\" target=\"_blank\"  title=\"Share to Digg\" class=\"s3-digg hint--top\"><\/a><a href=\"http:\/\/www.tumblr.com\/share\/link?url=https%3A%2F%2Fadfformosa.com.ar%2F%3Fp%3D4941&name=El+Ministerio+de+Educaci%C3%B3n+y+la+Legislatura+de+Formosa+declaran++de+Inter%C3%A9s+conferencia+sobre+Bullying\" target=\"_blank\" title=\"Share to Tumblr\" class=\"s3-tumblr hint--top\"><\/a><a href=\"mailto:?Subject=El%20Ministerio%20de%20Educaci\u00f3n%20y%20la%20Legislatura%20de%20Formosa%20declaran%20%20de%20Inter\u00e9s%20conferencia%20sobre%20Bullying&Body=Here%20is%20the%20link%20to%20the%20article:%20https:\/\/adfformosa.com.ar\/?p=4941\" title=\"Email this article\" class=\"s3-email hint--top\"><\/a><\/div><p style=\"text-align: left;\">La Conferencia\u00a0 sobre Bullying y Ciberbullying, organizada por nuestro gremio, fue declarada de <strong>Inter\u00e9s Educativo<\/strong> por el Ministerio de Cultura y Educaci\u00f3n de la provincia.\u00a0Lo hizo a trav\u00e9s de la Resoluci\u00f3n N\u00b04374.<\/p>\n<p style=\"text-align: left;\">Por su parte la Honorable C\u00e1mara de Diputados de la provincia\u00a0 la declaro de <strong>Inter\u00e9s Legislativo<\/strong>, as\u00ed lo expresan en la Resoluci\u00f3n N\u00b02968.<\/p>\n<p style=\"text-align: left;\">La conferencia programada para el d\u00eda 13 de septiembre a las 17:30 horas en el Galp\u00f3n G estar\u00e1 a cargo de la reconocida Psicopedagoga Maria Zysman, autora de los libros \u00abCiberbullying. Cuando el Maltrato viaja en las redes\u00bb y \u00bb Bullying. C\u00f3mo prevenir e intervenir en situaciones de acoso escolar\u00bb<\/p>\n<p><img loading=\"lazy\" decoding=\"async\" class=\"alignleft wp-image-4939 size-full\" src=\"https:\/\/adfformosa.com.ar\/wp-content\/uploads\/2018\/09\/41326744_2154937971416485_4627502265559678976_n-e1536598256996.jpg\" alt=\"\" width=\"600\" height=\"800\" \/><\/p>\n<p>&nbsp;<\/p>\n<p>&nbsp;<\/p>\n<p>&nbsp;<\/p>\n<p>&nbsp;<\/p>\n<p>&nbsp;<\/p>\n<p>&nbsp;<\/p>\n<p>&nbsp;<\/p>\n<p>&nbsp;<\/p>\n<p>&nbsp;<\/p>\n<p>&nbsp;<\/p>\n<p>&nbsp;<\/p>\n<p><img loading=\"lazy\" decoding=\"async\" class=\"wp-image-4938 size-medium aligncenter\" src=\"https:\/\/adfformosa.com.ar\/wp-content\/uploads\/2018\/09\/41176008_2154931581417124_7938329598691901440_o-300x204.jpg\" alt=\"\" width=\"300\" height=\"204\" srcset=\"https:\/\/adfformosa.com.ar\/wp-content\/uploads\/2018\/09\/41176008_2154931581417124_7938329598691901440_o-300x204.jpg 300w, https:\/\/adfformosa.com.ar\/wp-content\/uploads\/2018\/09\/41176008_2154931581417124_7938329598691901440_o-768x521.jpg 768w, https:\/\/adfformosa.com.ar\/wp-content\/uploads\/2018\/09\/41176008_2154931581417124_7938329598691901440_o-1024x695.jpg 1024w, https:\/\/adfformosa.com.ar\/wp-content\/uploads\/2018\/09\/41176008_2154931581417124_7938329598691901440_o.jpg 1440w\" sizes=\"auto, (max-width: 300px) 100vw, 300px\" \/><\/p>\n<p>&nbsp;<\/p>\n<p>&nbsp;<\/p>\n<p>&nbsp;<\/p>\n<p>&nbsp;<\/p>\n<p>&nbsp;<\/p>\n","protected":false},"excerpt":{"rendered":"<p>La Conferencia\u00a0 sobre Bullying y Ciberbullying, organizada por nuestro gremio, fue declarada de Inter\u00e9s Educativo por el Ministerio de Cultura y Educaci\u00f3n de la provincia.\u00a0Lo hizo a trav\u00e9s de la&#8230; <span class=\"meta-more\"><a href=\"https:\/\/adfformosa.com.ar\/?p=4941\">Leer mas &raquo;<\/a><\/span><\/p>\n","protected":false},"author":3,"featured_media":4938,"comment_status":"open","ping_status":"closed","sticky":false,"template":"","format":"standard","meta":{"footnotes":""},"categories":[2],"tags":[29],"class_list":["post-4941","post","type-post","status-publish","format-standard","has-post-thumbnail","hentry","category-prensa-adf","tag-legislatura-de-formosaministerio-de-educacion-formosa-zysman-bullying-ciberbullying","even alt"],"_links":{"self":[{"href":"https:\/\/adfformosa.com.ar\/index.php?rest_route=\/wp\/v2\/posts\/4941","targetHints":{"allow":["GET"]}}],"collection":[{"href":"https:\/\/adfformosa.com.ar\/index.php?rest_route=\/wp\/v2\/posts"}],"about":[{"href":"https:\/\/adfformosa.com.ar\/index.php?rest_route=\/wp\/v2\/types\/post"}],"author":[{"embeddable":true,"href":"https:\/\/adfformosa.com.ar\/index.php?rest_route=\/wp\/v2\/users\/3"}],"replies":[{"embeddable":true,"href":"https:\/\/adfformosa.com.ar\/index.php?rest_route=%2Fwp%2Fv2%2Fcomments&post=4941"}],"version-history":[{"count":2,"href":"https:\/\/adfformosa.com.ar\/index.php?rest_route=\/wp\/v2\/posts\/4941\/revisions"}],"predecessor-version":[{"id":4946,"href":"https:\/\/adfformosa.com.ar\/index.php?rest_route=\/wp\/v2\/posts\/4941\/revisions\/4946"}],"wp:featuredmedia":[{"embeddable":true,"href":"https:\/\/adfformosa.com.ar\/index.php?rest_route=\/wp\/v2\/media\/4938"}],"wp:attachment":[{"href":"https:\/\/adfformosa.com.ar\/index.php?rest_route=%2Fwp%2Fv2%2Fmedia&parent=4941"}],"wp:term":[{"taxonomy":"category","embeddable":true,"href":"https:\/\/adfformosa.com.ar\/index.php?rest_route=%2Fwp%2Fv2%2Fcategories&post=4941"},{"taxonomy":"post_tag","embeddable":true,"href":"https:\/\/adfformosa.com.ar\/index.php?rest_route=%2Fwp%2Fv2%2Ftags&post=4941"}],"curies":[{"name":"wp","href":"https:\/\/api.w.org\/{rel}","templated":true}]}}