{"id":494,"date":"2014-02-12T14:01:59","date_gmt":"2014-02-12T17:01:59","guid":{"rendered":"http:\/\/adfformosa.com.ar\/?p=494"},"modified":"2014-03-05T21:03:20","modified_gmt":"2014-03-06T00:03:20","slug":"resolucion-024214-modificacion-fecha-de-presentacion-del-personal-docente","status":"publish","type":"post","link":"https:\/\/adfformosa.com.ar\/?p=494","title":{"rendered":"Resoluci\u00f3n 0242\/14 Modificaci\u00f3n fecha de presentaci\u00f3n del personal docente."},"content":{"rendered":"<div id=\"s-share-buttons\" class=\"horizontal-w-c-r-border s-share-w-c\"><a href=\"http:\/\/www.facebook.com\/sharer.php?u=https:\/\/adfformosa.com.ar\/?p=494\" target=\"_blank\" title=\"Share to Facebook\" class=\"s3-facebook hint--top\"><\/a><a href=\"http:\/\/twitter.com\/intent\/tweet?text=Resoluci\u00f3n 0242\/14 Modificaci\u00f3n fecha de presentaci\u00f3n del personal docente.&url=https:\/\/adfformosa.com.ar\/?p=494\" target=\"_blank\"  title=\"Share to Twitter\" class=\"s3-twitter hint--top\"><\/a><a href=\"https:\/\/plus.google.com\/share?url=https:\/\/adfformosa.com.ar\/?p=494\" target=\"_blank\"  title=\"Share to Google Plus\" class=\"s3-google-plus hint--top\"><\/a><a href=\"http:\/\/www.digg.com\/submit?url=https:\/\/adfformosa.com.ar\/?p=494\" target=\"_blank\"  title=\"Share to Digg\" class=\"s3-digg hint--top\"><\/a><a href=\"http:\/\/www.tumblr.com\/share\/link?url=https%3A%2F%2Fadfformosa.com.ar%2F%3Fp%3D494&name=Resoluci%C3%B3n+0242%2F14+Modificaci%C3%B3n+fecha+de+presentaci%C3%B3n+del+personal+docente.\" target=\"_blank\" title=\"Share to Tumblr\" class=\"s3-tumblr hint--top\"><\/a><a href=\"mailto:?Subject=Resoluci\u00f3n%200242\/14%20Modificaci\u00f3n%20fecha%20de%20presentaci\u00f3n%20del%20personal%20docente.&Body=Here%20is%20the%20link%20to%20the%20article:%20https:\/\/adfformosa.com.ar\/?p=494\" title=\"Email this article\" class=\"s3-email hint--top\"><\/a><\/div><p style=\"text-align: justify;\">Resoluci\u00f3n 0242\/14.<br \/>\nInstrumento Legal a trav\u00e9s del cual se modifica la fecha de presentaci\u00f3n del personal docente de toda la provincia y para todos los niveles de ense\u00f1anza del sistema educativo ejercicio 2014.<br \/>\nPresentaci\u00f3n del personal: 24 de Febrero de 2014.<\/p>\n<p style=\"text-align: justify;\">Designaci\u00f3n de personal interino y suplente 25 de Febrero de 2014.<\/p>\n<p><img loading=\"lazy\" decoding=\"async\" class=\"size-full wp-image-495 aligncenter\" alt=\"img195\" src=\"https:\/\/adfformosa.com.ar\/wp-content\/uploads\/2014\/02\/img195.jpg\" width=\"566\" height=\"800\" srcset=\"https:\/\/adfformosa.com.ar\/wp-content\/uploads\/2014\/02\/img195.jpg 566w, https:\/\/adfformosa.com.ar\/wp-content\/uploads\/2014\/02\/img195-212x300.jpg 212w\" sizes=\"auto, (max-width: 566px) 100vw, 566px\" \/><\/p>\n","protected":false},"excerpt":{"rendered":"<p>Resoluci\u00f3n 0242\/14. Instrumento Legal a trav\u00e9s del cual se modifica la fecha de presentaci\u00f3n del personal docente de toda la provincia y para todos los niveles de ense\u00f1anza del sistema&#8230; <span class=\"meta-more\"><a href=\"https:\/\/adfformosa.com.ar\/?p=494\">Leer mas &raquo;<\/a><\/span><\/p>\n","protected":false},"author":3,"featured_media":495,"comment_status":"open","ping_status":"closed","sticky":false,"template":"","format":"standard","meta":{"footnotes":""},"categories":[8],"tags":[],"class_list":["post-494","post","type-post","status-publish","format-standard","has-post-thumbnail","hentry","category-leyes-y-resoluciones","even alt"],"_links":{"self":[{"href":"https:\/\/adfformosa.com.ar\/index.php?rest_route=\/wp\/v2\/posts\/494","targetHints":{"allow":["GET"]}}],"collection":[{"href":"https:\/\/adfformosa.com.ar\/index.php?rest_route=\/wp\/v2\/posts"}],"about":[{"href":"https:\/\/adfformosa.com.ar\/index.php?rest_route=\/wp\/v2\/types\/post"}],"author":[{"embeddable":true,"href":"https:\/\/adfformosa.com.ar\/index.php?rest_route=\/wp\/v2\/users\/3"}],"replies":[{"embeddable":true,"href":"https:\/\/adfformosa.com.ar\/index.php?rest_route=%2Fwp%2Fv2%2Fcomments&post=494"}],"version-history":[{"count":3,"href":"https:\/\/adfformosa.com.ar\/index.php?rest_route=\/wp\/v2\/posts\/494\/revisions"}],"predecessor-version":[{"id":715,"href":"https:\/\/adfformosa.com.ar\/index.php?rest_route=\/wp\/v2\/posts\/494\/revisions\/715"}],"wp:featuredmedia":[{"embeddable":true,"href":"https:\/\/adfformosa.com.ar\/index.php?rest_route=\/wp\/v2\/media\/495"}],"wp:attachment":[{"href":"https:\/\/adfformosa.com.ar\/index.php?rest_route=%2Fwp%2Fv2%2Fmedia&parent=494"}],"wp:term":[{"taxonomy":"category","embeddable":true,"href":"https:\/\/adfformosa.com.ar\/index.php?rest_route=%2Fwp%2Fv2%2Fcategories&post=494"},{"taxonomy":"post_tag","embeddable":true,"href":"https:\/\/adfformosa.com.ar\/index.php?rest_route=%2Fwp%2Fv2%2Ftags&post=494"}],"curies":[{"name":"wp","href":"https:\/\/api.w.org\/{rel}","templated":true}]}}