{"id":4936,"date":"2018-08-10T13:11:52","date_gmt":"2018-08-10T16:11:52","guid":{"rendered":"http:\/\/adfformosa.com.ar\/?p=4936"},"modified":"2018-09-10T13:22:22","modified_gmt":"2018-09-10T16:22:22","slug":"adf-organiza-conferencia-con-maria-zysman-especialista-en-bullying-y-ciberbullying","status":"publish","type":"post","link":"https:\/\/adfformosa.com.ar\/?p=4936","title":{"rendered":"ADF organiza conferencia con Maria Zysman especialista en Bullying y Ciberbullying"},"content":{"rendered":"<div id=\"s-share-buttons\" class=\"horizontal-w-c-r-border s-share-w-c\"><a href=\"http:\/\/www.facebook.com\/sharer.php?u=https:\/\/adfformosa.com.ar\/?p=4936\" target=\"_blank\" title=\"Share to Facebook\" class=\"s3-facebook hint--top\"><\/a><a href=\"http:\/\/twitter.com\/intent\/tweet?text=ADF organiza conferencia con Maria Zysman especialista en Bullying y Ciberbullying&url=https:\/\/adfformosa.com.ar\/?p=4936\" target=\"_blank\"  title=\"Share to Twitter\" class=\"s3-twitter hint--top\"><\/a><a href=\"https:\/\/plus.google.com\/share?url=https:\/\/adfformosa.com.ar\/?p=4936\" target=\"_blank\"  title=\"Share to Google Plus\" class=\"s3-google-plus hint--top\"><\/a><a href=\"http:\/\/www.digg.com\/submit?url=https:\/\/adfformosa.com.ar\/?p=4936\" target=\"_blank\"  title=\"Share to Digg\" class=\"s3-digg hint--top\"><\/a><a href=\"http:\/\/www.tumblr.com\/share\/link?url=https%3A%2F%2Fadfformosa.com.ar%2F%3Fp%3D4936&name=ADF+organiza+conferencia+con+Maria+Zysman+especialista+en+Bullying+y+Ciberbullying\" target=\"_blank\" title=\"Share to Tumblr\" class=\"s3-tumblr hint--top\"><\/a><a href=\"mailto:?Subject=ADF%20organiza%20conferencia%20con%20Maria%20Zysman%20especialista%20en%20Bullying%20y%20Ciberbullying&Body=Here%20is%20the%20link%20to%20the%20article:%20https:\/\/adfformosa.com.ar\/?p=4936\" title=\"Email this article\" class=\"s3-email hint--top\"><\/a><\/div><p style=\"text-align: center;\"><span style=\"color: #ff0000;\"><strong>Mar\u00eda Zyman disertar\u00e1 sobre Bullying y Ciberbullying<\/strong><\/span><\/p>\n<p><img loading=\"lazy\" decoding=\"async\" class=\"aligncenter wp-image-4937 size-full\" src=\"https:\/\/adfformosa.com.ar\/wp-content\/uploads\/2018\/09\/MARIA-ZYSMAN-e1536596345621.jpg\" alt=\"\" width=\"600\" height=\"402\" \/><\/p>\n<p>&nbsp;<\/p>\n<p style=\"text-align: left;\">\u00a0La directora de Libres de Bullying y autora de varios libros sobre acoso escolar y el maltrato en las redes brindar\u00e1 una charla el 13 de septiembre a las 17:30 horas en el galp\u00f3n G<\/p>\n<p style=\"text-align: left;\">\u00a0Organizado por la Secretar\u00eda de G\u00e9nero de la Agremiaci\u00f3n del Docente Formose\u00f1o est\u00e1 dirigida a los afiliados y todos los que quieran acercarse a escuchar a la especialista.<\/p>\n<p style=\"text-align: left;\">Sandra Roglan, Secretaria de G\u00e9nero, explic\u00f3 que la Licenciada en Psicopedagog\u00eda \u201ces una de las voces autorizadas para hablar principalmente con todos los actores de la comunidad educativa. El rol que le toca a las escuelas en \u00e9stas situaciones, c\u00f3mo saber detectar, actuar y acompa\u00f1ar. Es por eso que desde el gremio consideramos importante realizar esta actividad\u201d<\/p>\n<p style=\"text-align: left;\">\u00a0Los interesados en participar pueden inscribirse personalmente en Eva Per\u00f3n 129 de 8 a 11:30 y de 16:30 a 19:30 horas o por tel\u00e9fono al n\u00famero (3704) 437015.<\/p>\n<p>&nbsp;<\/p>\n","protected":false},"excerpt":{"rendered":"<p>Mar\u00eda Zyman disertar\u00e1 sobre Bullying y Ciberbullying &nbsp; \u00a0La directora de Libres de Bullying y autora de varios libros sobre acoso escolar y el maltrato en las redes brindar\u00e1 una&#8230; <span class=\"meta-more\"><a href=\"https:\/\/adfformosa.com.ar\/?p=4936\">Leer mas &raquo;<\/a><\/span><\/p>\n","protected":false},"author":3,"featured_media":4937,"comment_status":"open","ping_status":"closed","sticky":false,"template":"","format":"standard","meta":{"footnotes":""},"categories":[9,2],"tags":[28],"class_list":["post-4936","post","type-post","status-publish","format-standard","has-post-thumbnail","hentry","category-beneficios-para-afiliados","category-prensa-adf","tag-bullying-ciberbullyingmaria-zysman","even alt"],"_links":{"self":[{"href":"https:\/\/adfformosa.com.ar\/index.php?rest_route=\/wp\/v2\/posts\/4936","targetHints":{"allow":["GET"]}}],"collection":[{"href":"https:\/\/adfformosa.com.ar\/index.php?rest_route=\/wp\/v2\/posts"}],"about":[{"href":"https:\/\/adfformosa.com.ar\/index.php?rest_route=\/wp\/v2\/types\/post"}],"author":[{"embeddable":true,"href":"https:\/\/adfformosa.com.ar\/index.php?rest_route=\/wp\/v2\/users\/3"}],"replies":[{"embeddable":true,"href":"https:\/\/adfformosa.com.ar\/index.php?rest_route=%2Fwp%2Fv2%2Fcomments&post=4936"}],"version-history":[{"count":1,"href":"https:\/\/adfformosa.com.ar\/index.php?rest_route=\/wp\/v2\/posts\/4936\/revisions"}],"predecessor-version":[{"id":4940,"href":"https:\/\/adfformosa.com.ar\/index.php?rest_route=\/wp\/v2\/posts\/4936\/revisions\/4940"}],"wp:featuredmedia":[{"embeddable":true,"href":"https:\/\/adfformosa.com.ar\/index.php?rest_route=\/wp\/v2\/media\/4937"}],"wp:attachment":[{"href":"https:\/\/adfformosa.com.ar\/index.php?rest_route=%2Fwp%2Fv2%2Fmedia&parent=4936"}],"wp:term":[{"taxonomy":"category","embeddable":true,"href":"https:\/\/adfformosa.com.ar\/index.php?rest_route=%2Fwp%2Fv2%2Fcategories&post=4936"},{"taxonomy":"post_tag","embeddable":true,"href":"https:\/\/adfformosa.com.ar\/index.php?rest_route=%2Fwp%2Fv2%2Ftags&post=4936"}],"curies":[{"name":"wp","href":"https:\/\/api.w.org\/{rel}","templated":true}]}}