{"id":4925,"date":"2018-05-18T16:01:04","date_gmt":"2018-05-18T19:01:04","guid":{"rendered":"http:\/\/adfformosa.com.ar\/?p=4925"},"modified":"2018-05-18T16:05:38","modified_gmt":"2018-05-18T19:05:38","slug":"video-adf-segunda-marcha-federal-educativa-21-al-23-de-mayo-2018","status":"publish","type":"post","link":"https:\/\/adfformosa.com.ar\/?p=4925","title":{"rendered":"video ADF  segunda \u00abMarcha Federal Educativa\u00bb 21 al 23 de mayo 2018"},"content":{"rendered":"<div id=\"s-share-buttons\" class=\"horizontal-w-c-r-border s-share-w-c\"><a href=\"http:\/\/www.facebook.com\/sharer.php?u=https:\/\/adfformosa.com.ar\/?p=4925\" target=\"_blank\" title=\"Share to Facebook\" class=\"s3-facebook hint--top\"><\/a><a href=\"http:\/\/twitter.com\/intent\/tweet?text=video ADF  segunda \u00abMarcha Federal Educativa\u00bb 21 al 23 de mayo 2018&url=https:\/\/adfformosa.com.ar\/?p=4925\" target=\"_blank\"  title=\"Share to Twitter\" class=\"s3-twitter hint--top\"><\/a><a href=\"https:\/\/plus.google.com\/share?url=https:\/\/adfformosa.com.ar\/?p=4925\" target=\"_blank\"  title=\"Share to Google Plus\" class=\"s3-google-plus hint--top\"><\/a><a href=\"http:\/\/www.digg.com\/submit?url=https:\/\/adfformosa.com.ar\/?p=4925\" target=\"_blank\"  title=\"Share to Digg\" class=\"s3-digg hint--top\"><\/a><a href=\"http:\/\/www.tumblr.com\/share\/link?url=https%3A%2F%2Fadfformosa.com.ar%2F%3Fp%3D4925&name=video+ADF++segunda+%C2%ABMarcha+Federal+Educativa%C2%BB+21+al+23+de+mayo+2018\" target=\"_blank\" title=\"Share to Tumblr\" class=\"s3-tumblr hint--top\"><\/a><a href=\"mailto:?Subject=video%20ADF%20%20segunda%20\u00abMarcha%20Federal%20Educativa\u00bb%2021%20al%2023%20de%20mayo%202018&Body=Here%20is%20the%20link%20to%20the%20article:%20https:\/\/adfformosa.com.ar\/?p=4925\" title=\"Email this article\" class=\"s3-email hint--top\"><\/a><\/div><p><iframe loading=\"lazy\" title=\"Segunda &quot; Marcha Federal Educativa&quot;\" width=\"500\" height=\"375\" src=\"https:\/\/www.youtube.com\/embed\/Wwdwbto66Gk?feature=oembed\" frameborder=\"0\" allow=\"accelerometer; autoplay; clipboard-write; encrypted-media; gyroscope; picture-in-picture; web-share\" referrerpolicy=\"strict-origin-when-cross-origin\" allowfullscreen><\/iframe><\/p>\n<h3 style=\"text-align: center;\"><span style=\"color: #ff0000;\">Hacia la \u00abSegunda Marcha Federal Educativa\u00bb Nos vamos preparando con estas canciones\u00a0<span class=\"_5mfr _47e3\"><img loading=\"lazy\" decoding=\"async\" class=\"img\" src=\"https:\/\/static.xx.fbcdn.net\/images\/emoji.php\/v9\/f2d\/1\/16\/2666.png\" alt=\"\" width=\"16\" height=\"16\" \/><span class=\"_7oe\">\u2666<\/span><\/span>\u266a\u266a\u266a<span class=\"_5mfr _47e3\"><img loading=\"lazy\" decoding=\"async\" class=\"img\" src=\"https:\/\/static.xx.fbcdn.net\/images\/emoji.php\/v9\/fac\/1\/16\/2665.png\" alt=\"\" width=\"16\" height=\"16\" \/><span class=\"_7oe\">\u2665<\/span><\/span>\u266b\u266b<span class=\"_5mfr _47e3\"><img loading=\"lazy\" decoding=\"async\" class=\"img\" src=\"https:\/\/static.xx.fbcdn.net\/images\/emoji.php\/v9\/fac\/1\/16\/2665.png\" alt=\"\" width=\"16\" height=\"16\" \/><span class=\"_7oe\">\u2665<\/span><\/span><span class=\"_5mfr _47e3\"><img loading=\"lazy\" decoding=\"async\" class=\"img\" src=\"https:\/\/static.xx.fbcdn.net\/images\/emoji.php\/v9\/fac\/1\/16\/2665.png\" alt=\"\" width=\"16\" height=\"16\" \/><span class=\"_7oe\">\u2665<\/span><\/span><\/span><\/h3>\n<p style=\"text-align: justify;\">\u00abVenimos de todas partes marchando por muchas calles, este pa\u00ecs reclama eduacion para un buen ma\u00f1ana&#8230;unidos y embanderados defendiendo las esperanzas, docentes argentinos conquistando nuestro destino&#8230;<\/p>\n<div class=\"text_exposed_show\">\n<p style=\"text-align: justify;\">\u00abMaestro que marcha y canta, ense\u00f1a, resiste y sue\u00f1a&#8230;La escuela es nuestra bandera, la lucha fiel compa\u00f1era.\u266a\u266a\u266a<\/p>\n<p style=\"text-align: justify;\">\u266a\u266a\u266aLa escuela es necesaria para la gente de mi barrio, educaci\u00f3n para los pibes que sue\u00f1an con progresar en una escuela publica donde no hay que pagar&#8230;Por un derecho nuestro que ganamos tiempo atr\u00e1s! \u266a\u266a\u266a<\/p>\n<p style=\"text-align: justify;\">\u266a\u266a\u266aJuntos nos organizamos y en la calle marchamos, uniendo las fuerzas, defendiendo nuestros sue\u00f1os aqu\u00ed no hay retroceso educaci\u00f3n para el progreso de bandera nuestra escuela de lucha y compa\u00f1era!!!<\/p>\n<p style=\"text-align: justify;\">\u266a\u266a\u266a \u00abMaestro que marcha y canta, ense\u00f1a, resiste y sue\u00f1a&#8230;La escuela es nuestra bandera, la lucha fiel compa\u00f1era.\u266a\u266a\u266a<\/p>\n<p style=\"text-align: justify;\">ESTRIBILLO<br \/>\n\u266a\u266a\u266a Maestro que marcha y canta, ense\u00f1a, resiste y sue\u00f1a&#8230;La escuela es nuestra bandera, la lucha fiel compa\u00f1era \u266a\u266a\u266a<\/p>\n<\/div>\n","protected":false},"excerpt":{"rendered":"<p>Hacia la \u00abSegunda Marcha Federal Educativa\u00bb Nos vamos preparando con estas canciones\u00a0\u2666\u266a\u266a\u266a\u2665\u266b\u266b\u2665\u2665 \u00abVenimos de todas partes marchando por muchas calles, este pa\u00ecs reclama eduacion para un buen ma\u00f1ana&#8230;unidos y embanderados&#8230; <span class=\"meta-more\"><a href=\"https:\/\/adfformosa.com.ar\/?p=4925\">Leer mas &raquo;<\/a><\/span><\/p>\n","protected":false},"author":3,"featured_media":4779,"comment_status":"open","ping_status":"closed","sticky":false,"template":"","format":"standard","meta":{"footnotes":""},"categories":[2],"tags":[],"class_list":["post-4925","post","type-post","status-publish","format-standard","has-post-thumbnail","hentry","category-prensa-adf","even alt"],"_links":{"self":[{"href":"https:\/\/adfformosa.com.ar\/index.php?rest_route=\/wp\/v2\/posts\/4925","targetHints":{"allow":["GET"]}}],"collection":[{"href":"https:\/\/adfformosa.com.ar\/index.php?rest_route=\/wp\/v2\/posts"}],"about":[{"href":"https:\/\/adfformosa.com.ar\/index.php?rest_route=\/wp\/v2\/types\/post"}],"author":[{"embeddable":true,"href":"https:\/\/adfformosa.com.ar\/index.php?rest_route=\/wp\/v2\/users\/3"}],"replies":[{"embeddable":true,"href":"https:\/\/adfformosa.com.ar\/index.php?rest_route=%2Fwp%2Fv2%2Fcomments&post=4925"}],"version-history":[{"count":3,"href":"https:\/\/adfformosa.com.ar\/index.php?rest_route=\/wp\/v2\/posts\/4925\/revisions"}],"predecessor-version":[{"id":4928,"href":"https:\/\/adfformosa.com.ar\/index.php?rest_route=\/wp\/v2\/posts\/4925\/revisions\/4928"}],"wp:featuredmedia":[{"embeddable":true,"href":"https:\/\/adfformosa.com.ar\/index.php?rest_route=\/wp\/v2\/media\/4779"}],"wp:attachment":[{"href":"https:\/\/adfformosa.com.ar\/index.php?rest_route=%2Fwp%2Fv2%2Fmedia&parent=4925"}],"wp:term":[{"taxonomy":"category","embeddable":true,"href":"https:\/\/adfformosa.com.ar\/index.php?rest_route=%2Fwp%2Fv2%2Fcategories&post=4925"},{"taxonomy":"post_tag","embeddable":true,"href":"https:\/\/adfformosa.com.ar\/index.php?rest_route=%2Fwp%2Fv2%2Ftags&post=4925"}],"curies":[{"name":"wp","href":"https:\/\/api.w.org\/{rel}","templated":true}]}}