{"id":4918,"date":"2018-05-18T15:52:54","date_gmt":"2018-05-18T18:52:54","guid":{"rendered":"http:\/\/adfformosa.com.ar\/?p=4918"},"modified":"2018-05-18T15:52:54","modified_gmt":"2018-05-18T18:52:54","slug":"adf-organiza-desde-formosa-la-segunda-marcha-federal-educativa","status":"publish","type":"post","link":"https:\/\/adfformosa.com.ar\/?p=4918","title":{"rendered":"ADF organiza desde Formosa la segunda \u00abMarcha Federal Educativa\u00bb"},"content":{"rendered":"<div id=\"s-share-buttons\" class=\"horizontal-w-c-r-border s-share-w-c\"><a href=\"http:\/\/www.facebook.com\/sharer.php?u=https:\/\/adfformosa.com.ar\/?p=4918\" target=\"_blank\" title=\"Share to Facebook\" class=\"s3-facebook hint--top\"><\/a><a href=\"http:\/\/twitter.com\/intent\/tweet?text=ADF organiza desde Formosa la segunda \u00abMarcha Federal Educativa\u00bb&url=https:\/\/adfformosa.com.ar\/?p=4918\" target=\"_blank\"  title=\"Share to Twitter\" class=\"s3-twitter hint--top\"><\/a><a href=\"https:\/\/plus.google.com\/share?url=https:\/\/adfformosa.com.ar\/?p=4918\" target=\"_blank\"  title=\"Share to Google Plus\" class=\"s3-google-plus hint--top\"><\/a><a href=\"http:\/\/www.digg.com\/submit?url=https:\/\/adfformosa.com.ar\/?p=4918\" target=\"_blank\"  title=\"Share to Digg\" class=\"s3-digg hint--top\"><\/a><a href=\"http:\/\/www.tumblr.com\/share\/link?url=https%3A%2F%2Fadfformosa.com.ar%2F%3Fp%3D4918&name=ADF+organiza+desde+Formosa+la+segunda+%C2%ABMarcha+Federal+Educativa%C2%BB\" target=\"_blank\" title=\"Share to Tumblr\" class=\"s3-tumblr hint--top\"><\/a><a href=\"mailto:?Subject=ADF%20organiza%20desde%20Formosa%20la%20segunda%20\u00abMarcha%20Federal%20Educativa\u00bb&Body=Here%20is%20the%20link%20to%20the%20article:%20https:\/\/adfformosa.com.ar\/?p=4918\" title=\"Email this article\" class=\"s3-email hint--top\"><\/a><\/div><p><strong><img loading=\"lazy\" decoding=\"async\" class=\"aligncenter wp-image-4919 size-full\" src=\"https:\/\/adfformosa.com.ar\/wp-content\/uploads\/2018\/05\/TRES-PORTADA-e1526669027375.jpg\" width=\"600\" height=\"800\" \/><\/strong><\/p>\n<p>&nbsp;<\/p>\n<h3 style=\"text-align: center;\"><strong><span style=\"text-decoration: underline;\">Actividades gremiales<\/span><\/strong><\/h3>\n<p>Esta ma\u00f1ana se reuni\u00f3 la Junta Directiva de ADF para ultimar los detalles de nuestra participaci\u00f3n en la segunda \u00abMarcha Federal Educativa\u00bb a realizarse del 21 al 23 de mayo.<\/p>\n<p>Luis Branchi, Secretario General de ADF, brindo una conferencia de prensa para informar a la comunidad los motivos de la marcha y el paro previsto para el d\u00eda 23 coincidente con <b>D\u00eda del Trabajador de la Educaci\u00f3n<\/b>, instaurado por CTERA en 1988 para recordar la lucha docente que termin\u00f3 con una movilizaci\u00f3n nacional conocida como Marcha Blanca.<\/p>\n<div class=\"text_exposed_show\">\n<p style=\"text-align: center;\"><span style=\"text-decoration: underline;\"><strong>ITINERARIO DE LA MARCHA: COLUMNA NEA- FORMOSA -BUENOS AIRES<\/strong><\/span><\/p>\n<p><strong>\u25d8 LUNES 21<\/strong><\/p>\n<ul>\n<li><strong>7 H :<\/strong> La columna de Formosa Partir\u00e1 desde la Avda Gonzalez Lelong y Eva Peron.<\/li>\n<\/ul>\n<p><strong>\u25d8 A las 9 H<\/strong><br \/>\nActo en Resistencia con los compa\u00f1eros de la provincia de Chaco.<\/p>\n<p>Chaco se sumara desde all\u00ed para salir hasta Corrientes.<\/p>\n<p><strong>\u25d8A las 12 H.<\/strong> Acto en Corrientes.<\/p>\n<p>Se realizara en la zona de la bajada del puente. Concentraci\u00f3n docente de Fsa-Chaco -Ctes.<\/p>\n<p>En este tramo se unir\u00e1n los maestros de la provincia de Misiones.<\/p>\n<p><strong>\u25d8 MARTES 22 de mayo<\/strong><\/p>\n<p><strong>\u25d87 H-<\/strong> Llegada a Entre R\u00edos.<br \/>\n.<br \/>\nParana sera el punto de encuentro con los docentes de Santa Fe y Entre R\u00edos.<\/p>\n<p><strong>\u25d8 16 H.<\/strong> Llegada a Rosario- Se realizara un acto.<\/p>\n<p><strong>\u25d8 MI\u00c9RCOLES 23 mayo<\/strong><\/p>\n<p>Todas las provincias del NEA llegaremos juntas a Plaza de Mayo.<\/p>\n<p>All\u00ed se realizara un acto FEDERAL con todas las columnas que integran las provincias del pa\u00eds.<\/p>\n<p style=\"text-align: center;\"><strong>1988-2018 A 30 a\u00f1os de la \u00bb Marcha Blanca\u00bb<\/strong><\/p>\n<p style=\"text-align: center;\"><strong>\u00a1\u00a1\u00a1La escuela publica lucha ,resiste y sue\u00f1a!!!<\/strong><\/p>\n<p style=\"text-align: center;\"><img loading=\"lazy\" decoding=\"async\" class=\"aligncenter wp-image-4921 size-full\" src=\"https:\/\/adfformosa.com.ar\/wp-content\/uploads\/2018\/05\/UNO-e1526669528997.jpg\" width=\"500\" height=\"667\" \/><\/p>\n<\/div>\n","protected":false},"excerpt":{"rendered":"<p>&nbsp; Actividades gremiales Esta ma\u00f1ana se reuni\u00f3 la Junta Directiva de ADF para ultimar los detalles de nuestra participaci\u00f3n en la segunda \u00abMarcha Federal Educativa\u00bb a realizarse del 21 al&#8230; <span class=\"meta-more\"><a href=\"https:\/\/adfformosa.com.ar\/?p=4918\">Leer mas &raquo;<\/a><\/span><\/p>\n","protected":false},"author":3,"featured_media":4920,"comment_status":"open","ping_status":"closed","sticky":false,"template":"","format":"standard","meta":{"footnotes":""},"categories":[2],"tags":[],"class_list":["post-4918","post","type-post","status-publish","format-standard","has-post-thumbnail","hentry","category-prensa-adf","even alt"],"_links":{"self":[{"href":"https:\/\/adfformosa.com.ar\/index.php?rest_route=\/wp\/v2\/posts\/4918","targetHints":{"allow":["GET"]}}],"collection":[{"href":"https:\/\/adfformosa.com.ar\/index.php?rest_route=\/wp\/v2\/posts"}],"about":[{"href":"https:\/\/adfformosa.com.ar\/index.php?rest_route=\/wp\/v2\/types\/post"}],"author":[{"embeddable":true,"href":"https:\/\/adfformosa.com.ar\/index.php?rest_route=\/wp\/v2\/users\/3"}],"replies":[{"embeddable":true,"href":"https:\/\/adfformosa.com.ar\/index.php?rest_route=%2Fwp%2Fv2%2Fcomments&post=4918"}],"version-history":[{"count":1,"href":"https:\/\/adfformosa.com.ar\/index.php?rest_route=\/wp\/v2\/posts\/4918\/revisions"}],"predecessor-version":[{"id":4922,"href":"https:\/\/adfformosa.com.ar\/index.php?rest_route=\/wp\/v2\/posts\/4918\/revisions\/4922"}],"wp:featuredmedia":[{"embeddable":true,"href":"https:\/\/adfformosa.com.ar\/index.php?rest_route=\/wp\/v2\/media\/4920"}],"wp:attachment":[{"href":"https:\/\/adfformosa.com.ar\/index.php?rest_route=%2Fwp%2Fv2%2Fmedia&parent=4918"}],"wp:term":[{"taxonomy":"category","embeddable":true,"href":"https:\/\/adfformosa.com.ar\/index.php?rest_route=%2Fwp%2Fv2%2Fcategories&post=4918"},{"taxonomy":"post_tag","embeddable":true,"href":"https:\/\/adfformosa.com.ar\/index.php?rest_route=%2Fwp%2Fv2%2Ftags&post=4918"}],"curies":[{"name":"wp","href":"https:\/\/api.w.org\/{rel}","templated":true}]}}