{"id":4905,"date":"2018-05-15T19:23:39","date_gmt":"2018-05-15T22:23:39","guid":{"rendered":"http:\/\/adfformosa.com.ar\/?p=4905"},"modified":"2018-05-15T21:02:02","modified_gmt":"2018-05-16T00:02:02","slug":"segunda-marcha-federal-docente-y-paro-nacional-para-el-dia-23-de-mayo","status":"publish","type":"post","link":"https:\/\/adfformosa.com.ar\/?p=4905","title":{"rendered":"\u00abSegunda Marcha Federal Docente\u00bb y paro nacional para el d\u00eda 23 de mayo"},"content":{"rendered":"<div id=\"s-share-buttons\" class=\"horizontal-w-c-r-border s-share-w-c\"><a href=\"http:\/\/www.facebook.com\/sharer.php?u=https:\/\/adfformosa.com.ar\/?p=4905\" target=\"_blank\" title=\"Share to Facebook\" class=\"s3-facebook hint--top\"><\/a><a href=\"http:\/\/twitter.com\/intent\/tweet?text=\u00abSegunda Marcha Federal Docente\u00bb y paro nacional para el d\u00eda 23 de mayo&url=https:\/\/adfformosa.com.ar\/?p=4905\" target=\"_blank\"  title=\"Share to Twitter\" class=\"s3-twitter hint--top\"><\/a><a href=\"https:\/\/plus.google.com\/share?url=https:\/\/adfformosa.com.ar\/?p=4905\" target=\"_blank\"  title=\"Share to Google Plus\" class=\"s3-google-plus hint--top\"><\/a><a href=\"http:\/\/www.digg.com\/submit?url=https:\/\/adfformosa.com.ar\/?p=4905\" target=\"_blank\"  title=\"Share to Digg\" class=\"s3-digg hint--top\"><\/a><a href=\"http:\/\/www.tumblr.com\/share\/link?url=https%3A%2F%2Fadfformosa.com.ar%2F%3Fp%3D4905&name=%C2%ABSegunda+Marcha+Federal+Docente%C2%BB+y+paro+nacional+para+el+d%C3%ADa+23+de+mayo\" target=\"_blank\" title=\"Share to Tumblr\" class=\"s3-tumblr hint--top\"><\/a><a href=\"mailto:?Subject=\u00abSegunda%20Marcha%20Federal%20Docente\u00bb%20y%20paro%20nacional%20para%20el%20d\u00eda%2023%20de%20mayo&Body=Here%20is%20the%20link%20to%20the%20article:%20https:\/\/adfformosa.com.ar\/?p=4905\" title=\"Email this article\" class=\"s3-email hint--top\"><\/a><\/div><p><img loading=\"lazy\" decoding=\"async\" class=\"aligncenter wp-image-4908 size-full\" src=\"https:\/\/adfformosa.com.ar\/wp-content\/uploads\/2018\/05\/branchie-marcha-federal-2018-1-e1526428553589.jpg\" width=\"600\" height=\"400\" \/><\/p>\n<p>La Confederaci\u00f3n de Trabajadores de la Educaci\u00f3n (Ctera) anunci\u00f3 que la segunda Marcha Federal Educativa comenzar\u00e1 el pr\u00f3ximo 21 que partir\u00e1 desde distintos puntos del pa\u00eds y culminar\u00e1 el mi\u00e9rcoles 23 con un paro nacional y una concentraci\u00f3n en Plaza de Mayo.<\/p>\n<p>El plan de acci\u00f3n incluye el\u00a0reclamo de la convocatoria a la paritaria nacional docente, contra los techos salariales, por la resoluci\u00f3n de los conflictos provinciales, por una nueva Ley de Financiamiento Educativo, en defensa de los institutos superiores y salarios dignos.<\/p>\n<p>Luis Branchi, Secretario General de ADF y miembro de la Junta Ejecutiva de CTERA en Bs As participo de la reuni\u00f3n organizativa del plan de acci\u00f3n que culminara con un paro nacional para el d\u00eda 23 de mayo.<\/p>\n<p>\u00abCreemos que la educaci\u00f3n p\u00fablica est\u00e1 en peligro, como en los a\u00f1os 90, con un Estado ausente que se desresponsabiliza\u00bb, dice el texto de la Carta a la Comunidad que los maestros, durante los d\u00edas previos, entregar\u00e1n a las familias de los alumnos para comunicar \u201clos graves problemas\u201d que atraviesan y las propuestas de Ctera\u00a0para solucionarlos. \u201cQuisimos por todos los medios \u2018dialogar\u2019, buscar soluciones a estas problem\u00e1ticas que atentan contra la educaci\u00f3n de calidad, que perjudica a millones de alumnos y estudiantes y a docenas de miles de docentes de todo el pa\u00eds, pero desde el gobierno s\u00f3lo obtuvimos o\u00eddos sordos y puertas cerradas\u201d, se\u00f1ala el documento.<\/p>\n<p><img loading=\"lazy\" decoding=\"async\" class=\"aligncenter wp-image-4909 size-full\" src=\"https:\/\/adfformosa.com.ar\/wp-content\/uploads\/2018\/05\/32475809_2059849500925333_5073818769990615040_n-e1526428626607.jpg\" width=\"300\" height=\"404\" \/><\/p>\n<p>&nbsp;<\/p>\n","protected":false},"excerpt":{"rendered":"<p>La Confederaci\u00f3n de Trabajadores de la Educaci\u00f3n (Ctera) anunci\u00f3 que la segunda Marcha Federal Educativa comenzar\u00e1 el pr\u00f3ximo 21 que partir\u00e1 desde distintos puntos del pa\u00eds y culminar\u00e1 el mi\u00e9rcoles&#8230; <span class=\"meta-more\"><a href=\"https:\/\/adfformosa.com.ar\/?p=4905\">Leer mas &raquo;<\/a><\/span><\/p>\n","protected":false},"author":3,"featured_media":4908,"comment_status":"open","ping_status":"closed","sticky":false,"template":"","format":"standard","meta":{"footnotes":""},"categories":[2],"tags":[],"class_list":["post-4905","post","type-post","status-publish","format-standard","has-post-thumbnail","hentry","category-prensa-adf","even alt"],"_links":{"self":[{"href":"https:\/\/adfformosa.com.ar\/index.php?rest_route=\/wp\/v2\/posts\/4905","targetHints":{"allow":["GET"]}}],"collection":[{"href":"https:\/\/adfformosa.com.ar\/index.php?rest_route=\/wp\/v2\/posts"}],"about":[{"href":"https:\/\/adfformosa.com.ar\/index.php?rest_route=\/wp\/v2\/types\/post"}],"author":[{"embeddable":true,"href":"https:\/\/adfformosa.com.ar\/index.php?rest_route=\/wp\/v2\/users\/3"}],"replies":[{"embeddable":true,"href":"https:\/\/adfformosa.com.ar\/index.php?rest_route=%2Fwp%2Fv2%2Fcomments&post=4905"}],"version-history":[{"count":2,"href":"https:\/\/adfformosa.com.ar\/index.php?rest_route=\/wp\/v2\/posts\/4905\/revisions"}],"predecessor-version":[{"id":4910,"href":"https:\/\/adfformosa.com.ar\/index.php?rest_route=\/wp\/v2\/posts\/4905\/revisions\/4910"}],"wp:featuredmedia":[{"embeddable":true,"href":"https:\/\/adfformosa.com.ar\/index.php?rest_route=\/wp\/v2\/media\/4908"}],"wp:attachment":[{"href":"https:\/\/adfformosa.com.ar\/index.php?rest_route=%2Fwp%2Fv2%2Fmedia&parent=4905"}],"wp:term":[{"taxonomy":"category","embeddable":true,"href":"https:\/\/adfformosa.com.ar\/index.php?rest_route=%2Fwp%2Fv2%2Fcategories&post=4905"},{"taxonomy":"post_tag","embeddable":true,"href":"https:\/\/adfformosa.com.ar\/index.php?rest_route=%2Fwp%2Fv2%2Ftags&post=4905"}],"curies":[{"name":"wp","href":"https:\/\/api.w.org\/{rel}","templated":true}]}}