{"id":4902,"date":"2018-05-15T21:00:20","date_gmt":"2018-05-16T00:00:20","guid":{"rendered":"http:\/\/adfformosa.com.ar\/?p=4902"},"modified":"2018-05-15T21:00:20","modified_gmt":"2018-05-16T00:00:20","slug":"17-de-mayo-dia-de-la-lucha-contra-la-discriminacion-por-orientacion-sexual-o-identidad-de-genero","status":"publish","type":"post","link":"https:\/\/adfformosa.com.ar\/?p=4902","title":{"rendered":"17 de mayo \u00bb D\u00eda de la lucha contra la Discriminaci\u00f3n por Orientaci\u00f3n Sexual o Identidad de Genero\u00bb"},"content":{"rendered":"<div id=\"s-share-buttons\" class=\"horizontal-w-c-r-border s-share-w-c\"><a href=\"http:\/\/www.facebook.com\/sharer.php?u=https:\/\/adfformosa.com.ar\/?p=4902\" target=\"_blank\" title=\"Share to Facebook\" class=\"s3-facebook hint--top\"><\/a><a href=\"http:\/\/twitter.com\/intent\/tweet?text=17 de mayo \u00bb D\u00eda de la lucha contra la Discriminaci\u00f3n por Orientaci\u00f3n Sexual o Identidad de Genero\u00bb&url=https:\/\/adfformosa.com.ar\/?p=4902\" target=\"_blank\"  title=\"Share to Twitter\" class=\"s3-twitter hint--top\"><\/a><a href=\"https:\/\/plus.google.com\/share?url=https:\/\/adfformosa.com.ar\/?p=4902\" target=\"_blank\"  title=\"Share to Google Plus\" class=\"s3-google-plus hint--top\"><\/a><a href=\"http:\/\/www.digg.com\/submit?url=https:\/\/adfformosa.com.ar\/?p=4902\" target=\"_blank\"  title=\"Share to Digg\" class=\"s3-digg hint--top\"><\/a><a href=\"http:\/\/www.tumblr.com\/share\/link?url=https%3A%2F%2Fadfformosa.com.ar%2F%3Fp%3D4902&name=17+de+mayo+%C2%BB+D%C3%ADa+de+la+lucha+contra+la+Discriminaci%C3%B3n+por+Orientaci%C3%B3n+Sexual+o+Identidad+de+Genero%C2%BB\" target=\"_blank\" title=\"Share to Tumblr\" class=\"s3-tumblr hint--top\"><\/a><a href=\"mailto:?Subject=17%20de%20mayo%20\u00bb%20D\u00eda%20de%20la%20lucha%20contra%20la%20Discriminaci\u00f3n%20por%20Orientaci\u00f3n%20Sexual%20o%20Identidad%20de%20Genero\u00bb&Body=Here%20is%20the%20link%20to%20the%20article:%20https:\/\/adfformosa.com.ar\/?p=4902\" title=\"Email this article\" class=\"s3-email hint--top\"><\/a><\/div><p style=\"text-align: left;\"><span style=\"text-decoration: underline; color: #ff0000;\"><strong>Actividades gremiales<\/strong><\/span><\/p>\n<p style=\"text-align: left;\"><img loading=\"lazy\" decoding=\"async\" class=\"alignleft wp-image-4911 size-full\" src=\"https:\/\/adfformosa.com.ar\/wp-content\/uploads\/2018\/05\/ctera-2-e1526428783120.jpg\" width=\"300\" height=\"400\" \/><\/p>\n<p><strong>17 de mayo \u00bb D\u00eda de la lucha contra la discriminaci\u00f3n por orientaci\u00f3n sexual o identidad de genero\u00bb<\/strong><\/p>\n<p>En este marco, la CTERA convoc\u00f3 a los representantes de las Secretarias de Genero, Cultura y Promoci\u00f3n, de los gremios del pa\u00eds para compartir un encuentro en el que se presento el material <strong>\u00abTodos los d\u00edas podemos decirle Piedra Libre a la diversidad para que salga de su escondite\u00bb<\/strong><\/p>\n<div class=\"text_exposed_show\">\n<p>En el encuentro realizado en Buenos Aires participaron Sandra Roglan y Patricia Vegas.<\/p>\n<p>En la apertura, estuvieron presentes Daniel Filmus; Gabriel Brener &#8211; Docente y Especialista en Educaci\u00f3n- Paula Arraigada- Parlamento de las Mujeres;Coordinadora de la Mesa de Diversidad PJ-CABA; Maimar Abrodos- Actriz-Docente; Eduardo L\u00f2pez- Secretario Gremial de CTERA.<\/p>\n<p>Al termino de las exposiciones de los panelistas invitados, se trabajo en la tem\u00e1tica con los referentes provinciales.<\/p>\n<\/div>\n","protected":false},"excerpt":{"rendered":"<p>Actividades gremiales 17 de mayo \u00bb D\u00eda de la lucha contra la discriminaci\u00f3n por orientaci\u00f3n sexual o identidad de genero\u00bb En este marco, la CTERA convoc\u00f3 a los representantes de&#8230; <span class=\"meta-more\"><a href=\"https:\/\/adfformosa.com.ar\/?p=4902\">Leer mas &raquo;<\/a><\/span><\/p>\n","protected":false},"author":3,"featured_media":4911,"comment_status":"open","ping_status":"closed","sticky":false,"template":"","format":"standard","meta":{"footnotes":""},"categories":[2],"tags":[],"class_list":["post-4902","post","type-post","status-publish","format-standard","has-post-thumbnail","hentry","category-prensa-adf","even alt"],"_links":{"self":[{"href":"https:\/\/adfformosa.com.ar\/index.php?rest_route=\/wp\/v2\/posts\/4902","targetHints":{"allow":["GET"]}}],"collection":[{"href":"https:\/\/adfformosa.com.ar\/index.php?rest_route=\/wp\/v2\/posts"}],"about":[{"href":"https:\/\/adfformosa.com.ar\/index.php?rest_route=\/wp\/v2\/types\/post"}],"author":[{"embeddable":true,"href":"https:\/\/adfformosa.com.ar\/index.php?rest_route=\/wp\/v2\/users\/3"}],"replies":[{"embeddable":true,"href":"https:\/\/adfformosa.com.ar\/index.php?rest_route=%2Fwp%2Fv2%2Fcomments&post=4902"}],"version-history":[{"count":2,"href":"https:\/\/adfformosa.com.ar\/index.php?rest_route=\/wp\/v2\/posts\/4902\/revisions"}],"predecessor-version":[{"id":4912,"href":"https:\/\/adfformosa.com.ar\/index.php?rest_route=\/wp\/v2\/posts\/4902\/revisions\/4912"}],"wp:featuredmedia":[{"embeddable":true,"href":"https:\/\/adfformosa.com.ar\/index.php?rest_route=\/wp\/v2\/media\/4911"}],"wp:attachment":[{"href":"https:\/\/adfformosa.com.ar\/index.php?rest_route=%2Fwp%2Fv2%2Fmedia&parent=4902"}],"wp:term":[{"taxonomy":"category","embeddable":true,"href":"https:\/\/adfformosa.com.ar\/index.php?rest_route=%2Fwp%2Fv2%2Fcategories&post=4902"},{"taxonomy":"post_tag","embeddable":true,"href":"https:\/\/adfformosa.com.ar\/index.php?rest_route=%2Fwp%2Fv2%2Ftags&post=4902"}],"curies":[{"name":"wp","href":"https:\/\/api.w.org\/{rel}","templated":true}]}}