{"id":4895,"date":"2018-03-16T21:51:08","date_gmt":"2018-03-17T00:51:08","guid":{"rendered":"http:\/\/adfformosa.com.ar\/?p=4895"},"modified":"2018-05-02T15:08:36","modified_gmt":"2018-05-02T18:08:36","slug":"ni-una-menos-adf-en-la-tercera-movilizacion-contra-la-violencia","status":"publish","type":"post","link":"https:\/\/adfformosa.com.ar\/?p=4895","title":{"rendered":"Ni Una Menos: ADF en la tercera movilizaci\u00f3n contra la violencia"},"content":{"rendered":"<div id=\"s-share-buttons\" class=\"horizontal-w-c-r-border s-share-w-c\"><a href=\"http:\/\/www.facebook.com\/sharer.php?u=https:\/\/adfformosa.com.ar\/?p=4895\" target=\"_blank\" title=\"Share to Facebook\" class=\"s3-facebook hint--top\"><\/a><a href=\"http:\/\/twitter.com\/intent\/tweet?text=Ni Una Menos: ADF en la tercera movilizaci\u00f3n contra la violencia&url=https:\/\/adfformosa.com.ar\/?p=4895\" target=\"_blank\"  title=\"Share to Twitter\" class=\"s3-twitter hint--top\"><\/a><a href=\"https:\/\/plus.google.com\/share?url=https:\/\/adfformosa.com.ar\/?p=4895\" target=\"_blank\"  title=\"Share to Google Plus\" class=\"s3-google-plus hint--top\"><\/a><a href=\"http:\/\/www.digg.com\/submit?url=https:\/\/adfformosa.com.ar\/?p=4895\" target=\"_blank\"  title=\"Share to Digg\" class=\"s3-digg hint--top\"><\/a><a href=\"http:\/\/www.tumblr.com\/share\/link?url=https%3A%2F%2Fadfformosa.com.ar%2F%3Fp%3D4895&name=Ni+Una+Menos%3A+ADF+en+la+tercera+movilizaci%C3%B3n+contra+la+violencia\" target=\"_blank\" title=\"Share to Tumblr\" class=\"s3-tumblr hint--top\"><\/a><a href=\"mailto:?Subject=Ni%20Una%20Menos:%20ADF%20en%20la%20tercera%20movilizaci\u00f3n%20contra%20la%20violencia&Body=Here%20is%20the%20link%20to%20the%20article:%20https:\/\/adfformosa.com.ar\/?p=4895\" title=\"Email this article\" class=\"s3-email hint--top\"><\/a><\/div><p><img loading=\"lazy\" decoding=\"async\" class=\"aligncenter wp-image-4896 size-full\" src=\"https:\/\/adfformosa.com.ar\/wp-content\/uploads\/2018\/05\/adf-ni-una-menos-2018-portada-e1525283817760.jpg\" width=\"600\" height=\"400\" \/><\/p>\n<p>Ni Una Menos: tercera movilizaci\u00f3n formose\u00f1a contra la violencia de g\u00e9nero<\/p>\n<p>Una vez m\u00e1s organizaciones sociales y sindicales se concentraron para pedir por medidas urgentes contra la violencia de genero, la discriminaci\u00f3n y la igualdad de derechos. La Secretaria de Genero de ADF junto a las compa\u00f1eras del sindicato estuvieron desde temprano en la concentraci\u00f3n que tuvo lugar en el m\u00e1stil municipal a las 18:30 horas para desde all\u00ed marchar por la avenida 25 de Mayo y Moreno, sitio donde se ley\u00f3 un manifiesto en el que se resaltaron los pedidos de igualdad y justicia social, pol\u00edticas integrales de prevenci\u00f3n de la violencia patriarcal, y respuestas adecuadas de contenci\u00f3n.<\/p>\n<p>&nbsp;<\/p>\n<p><img loading=\"lazy\" decoding=\"async\" class=\"alignleft wp-image-4897 size-full\" src=\"https:\/\/adfformosa.com.ar\/wp-content\/uploads\/2018\/05\/adf-ni-una-menos-2018-2-e1525284356554.jpg\" width=\"150\" height=\"100\" \/><\/p>\n","protected":false},"excerpt":{"rendered":"<p>Ni Una Menos: tercera movilizaci\u00f3n formose\u00f1a contra la violencia de g\u00e9nero Una vez m\u00e1s organizaciones sociales y sindicales se concentraron para pedir por medidas urgentes contra la violencia de genero,&#8230; <span class=\"meta-more\"><a href=\"https:\/\/adfformosa.com.ar\/?p=4895\">Leer mas &raquo;<\/a><\/span><\/p>\n","protected":false},"author":3,"featured_media":4896,"comment_status":"open","ping_status":"closed","sticky":false,"template":"","format":"standard","meta":{"footnotes":""},"categories":[2],"tags":[],"class_list":["post-4895","post","type-post","status-publish","format-standard","has-post-thumbnail","hentry","category-prensa-adf","even alt"],"_links":{"self":[{"href":"https:\/\/adfformosa.com.ar\/index.php?rest_route=\/wp\/v2\/posts\/4895","targetHints":{"allow":["GET"]}}],"collection":[{"href":"https:\/\/adfformosa.com.ar\/index.php?rest_route=\/wp\/v2\/posts"}],"about":[{"href":"https:\/\/adfformosa.com.ar\/index.php?rest_route=\/wp\/v2\/types\/post"}],"author":[{"embeddable":true,"href":"https:\/\/adfformosa.com.ar\/index.php?rest_route=\/wp\/v2\/users\/3"}],"replies":[{"embeddable":true,"href":"https:\/\/adfformosa.com.ar\/index.php?rest_route=%2Fwp%2Fv2%2Fcomments&post=4895"}],"version-history":[{"count":1,"href":"https:\/\/adfformosa.com.ar\/index.php?rest_route=\/wp\/v2\/posts\/4895\/revisions"}],"predecessor-version":[{"id":4898,"href":"https:\/\/adfformosa.com.ar\/index.php?rest_route=\/wp\/v2\/posts\/4895\/revisions\/4898"}],"wp:featuredmedia":[{"embeddable":true,"href":"https:\/\/adfformosa.com.ar\/index.php?rest_route=\/wp\/v2\/media\/4896"}],"wp:attachment":[{"href":"https:\/\/adfformosa.com.ar\/index.php?rest_route=%2Fwp%2Fv2%2Fmedia&parent=4895"}],"wp:term":[{"taxonomy":"category","embeddable":true,"href":"https:\/\/adfformosa.com.ar\/index.php?rest_route=%2Fwp%2Fv2%2Fcategories&post=4895"},{"taxonomy":"post_tag","embeddable":true,"href":"https:\/\/adfformosa.com.ar\/index.php?rest_route=%2Fwp%2Fv2%2Ftags&post=4895"}],"curies":[{"name":"wp","href":"https:\/\/api.w.org\/{rel}","templated":true}]}}