{"id":4884,"date":"2018-04-17T14:16:25","date_gmt":"2018-04-17T17:16:25","guid":{"rendered":"http:\/\/adfformosa.com.ar\/?p=4884"},"modified":"2018-05-02T14:37:29","modified_gmt":"2018-05-02T17:37:29","slug":"actividades-gremiales-adf-recorre-las-escuelas-del-oeste-formoseno","status":"publish","type":"post","link":"https:\/\/adfformosa.com.ar\/?p=4884","title":{"rendered":"Actividades gremiales ADF recorre las escuelas del oeste formose\u00f1o"},"content":{"rendered":"<div id=\"s-share-buttons\" class=\"horizontal-w-c-r-border s-share-w-c\"><a href=\"http:\/\/www.facebook.com\/sharer.php?u=https:\/\/adfformosa.com.ar\/?p=4884\" target=\"_blank\" title=\"Share to Facebook\" class=\"s3-facebook hint--top\"><\/a><a href=\"http:\/\/twitter.com\/intent\/tweet?text=Actividades gremiales ADF recorre las escuelas del oeste formose\u00f1o&url=https:\/\/adfformosa.com.ar\/?p=4884\" target=\"_blank\"  title=\"Share to Twitter\" class=\"s3-twitter hint--top\"><\/a><a href=\"https:\/\/plus.google.com\/share?url=https:\/\/adfformosa.com.ar\/?p=4884\" target=\"_blank\"  title=\"Share to Google Plus\" class=\"s3-google-plus hint--top\"><\/a><a href=\"http:\/\/www.digg.com\/submit?url=https:\/\/adfformosa.com.ar\/?p=4884\" target=\"_blank\"  title=\"Share to Digg\" class=\"s3-digg hint--top\"><\/a><a href=\"http:\/\/www.tumblr.com\/share\/link?url=https%3A%2F%2Fadfformosa.com.ar%2F%3Fp%3D4884&name=Actividades+gremiales+ADF+recorre+las+escuelas+del+oeste+formose%C3%B1o\" target=\"_blank\" title=\"Share to Tumblr\" class=\"s3-tumblr hint--top\"><\/a><a href=\"mailto:?Subject=Actividades%20gremiales%20ADF%20recorre%20las%20escuelas%20del%20oeste%20formose\u00f1o&Body=Here%20is%20the%20link%20to%20the%20article:%20https:\/\/adfformosa.com.ar\/?p=4884\" title=\"Email this article\" class=\"s3-email hint--top\"><\/a><\/div><p><img loading=\"lazy\" decoding=\"async\" class=\"aligncenter wp-image-4885 size-full\" src=\"https:\/\/adfformosa.com.ar\/wp-content\/uploads\/2018\/05\/visita-adf-interior-2018-portada-e1525281797317.jpg\" width=\"600\" height=\"338\" \/><\/p>\n<p>&nbsp;<\/p>\n<p style=\"text-align: left;\">En el marco de las actividades gremiales que realiza nuestra entidad, el martes 17 de abril un equipo integrado por miembros de la Junta Directiva estuvieron recorriendo las escuelas del oeste provincial que dependen de la Delegaci\u00f3n Zonal Maria Cristina.<\/p>\n<p style=\"text-align: left;\">Acompa\u00f1ados por la Delegada Zonal ka profesora Bibi Fernandez visitaron las siguientes escuelas de Nivel Primario: EPEP 261 Mar\u00eda Cristina; EPEP 419 Campo del Hacha; EPEP 284 Santa Teresa; EPEP 455 Pozo La Chiva; extensi\u00f3n A\u00falica Breal Viejo;\u00a0 EPEP 477 El Breal.<\/p>\n<p style=\"text-align: left;\">\u00a0 El objetivo de las visitas que peri\u00f3dicamente realiza ADF consiste en conocer las diferentes actividades, proyectos, e inquietudes de los docentes que se desempe\u00f1an en las escuelas del interior provincial.<\/p>\n<p style=\"text-align: left;\">En los diferentes encuentros tambi\u00e9n participaron los padres y vecinos de las comunidades educativas.<\/p>\n<p><img loading=\"lazy\" decoding=\"async\" class=\"alignleft wp-image-4886 size-medium\" src=\"https:\/\/adfformosa.com.ar\/wp-content\/uploads\/2018\/05\/visita-adf-interior-2018-2-300x169.jpg\" width=\"300\" height=\"169\" \/><\/p>\n<p><img loading=\"lazy\" decoding=\"async\" class=\"alignleft wp-image-4887 size-medium\" src=\"https:\/\/adfformosa.com.ar\/wp-content\/uploads\/2018\/05\/visita-adf-interior-2018-3-300x169.jpg\" width=\"300\" height=\"169\" \/><\/p>\n","protected":false},"excerpt":{"rendered":"<p>&nbsp; En el marco de las actividades gremiales que realiza nuestra entidad, el martes 17 de abril un equipo integrado por miembros de la Junta Directiva estuvieron recorriendo las escuelas&#8230; <span class=\"meta-more\"><a href=\"https:\/\/adfformosa.com.ar\/?p=4884\">Leer mas &raquo;<\/a><\/span><\/p>\n","protected":false},"author":3,"featured_media":4885,"comment_status":"open","ping_status":"closed","sticky":false,"template":"","format":"standard","meta":{"footnotes":""},"categories":[2],"tags":[],"class_list":["post-4884","post","type-post","status-publish","format-standard","has-post-thumbnail","hentry","category-prensa-adf","even alt"],"_links":{"self":[{"href":"https:\/\/adfformosa.com.ar\/index.php?rest_route=\/wp\/v2\/posts\/4884","targetHints":{"allow":["GET"]}}],"collection":[{"href":"https:\/\/adfformosa.com.ar\/index.php?rest_route=\/wp\/v2\/posts"}],"about":[{"href":"https:\/\/adfformosa.com.ar\/index.php?rest_route=\/wp\/v2\/types\/post"}],"author":[{"embeddable":true,"href":"https:\/\/adfformosa.com.ar\/index.php?rest_route=\/wp\/v2\/users\/3"}],"replies":[{"embeddable":true,"href":"https:\/\/adfformosa.com.ar\/index.php?rest_route=%2Fwp%2Fv2%2Fcomments&post=4884"}],"version-history":[{"count":1,"href":"https:\/\/adfformosa.com.ar\/index.php?rest_route=\/wp\/v2\/posts\/4884\/revisions"}],"predecessor-version":[{"id":4888,"href":"https:\/\/adfformosa.com.ar\/index.php?rest_route=\/wp\/v2\/posts\/4884\/revisions\/4888"}],"wp:featuredmedia":[{"embeddable":true,"href":"https:\/\/adfformosa.com.ar\/index.php?rest_route=\/wp\/v2\/media\/4885"}],"wp:attachment":[{"href":"https:\/\/adfformosa.com.ar\/index.php?rest_route=%2Fwp%2Fv2%2Fmedia&parent=4884"}],"wp:term":[{"taxonomy":"category","embeddable":true,"href":"https:\/\/adfformosa.com.ar\/index.php?rest_route=%2Fwp%2Fv2%2Fcategories&post=4884"},{"taxonomy":"post_tag","embeddable":true,"href":"https:\/\/adfformosa.com.ar\/index.php?rest_route=%2Fwp%2Fv2%2Ftags&post=4884"}],"curies":[{"name":"wp","href":"https:\/\/api.w.org\/{rel}","templated":true}]}}