{"id":4878,"date":"2018-04-26T13:25:10","date_gmt":"2018-04-26T16:25:10","guid":{"rendered":"http:\/\/adfformosa.com.ar\/?p=4878"},"modified":"2018-05-02T14:14:36","modified_gmt":"2018-05-02T17:14:36","slug":"la-ctera-solicita-entrevista-al-presidente-de-la-nacion-por-conflictos-provinciales-y-paritaria","status":"publish","type":"post","link":"https:\/\/adfformosa.com.ar\/?p=4878","title":{"rendered":"La CTERA solicita entrevista al Presidente de la Naci\u00f3n por conflictos provinciales y paritaria"},"content":{"rendered":"<div id=\"s-share-buttons\" class=\"horizontal-w-c-r-border s-share-w-c\"><a href=\"http:\/\/www.facebook.com\/sharer.php?u=https:\/\/adfformosa.com.ar\/?p=4878\" target=\"_blank\" title=\"Share to Facebook\" class=\"s3-facebook hint--top\"><\/a><a href=\"http:\/\/twitter.com\/intent\/tweet?text=La CTERA solicita entrevista al Presidente de la Naci\u00f3n por conflictos provinciales y paritaria&url=https:\/\/adfformosa.com.ar\/?p=4878\" target=\"_blank\"  title=\"Share to Twitter\" class=\"s3-twitter hint--top\"><\/a><a href=\"https:\/\/plus.google.com\/share?url=https:\/\/adfformosa.com.ar\/?p=4878\" target=\"_blank\"  title=\"Share to Google Plus\" class=\"s3-google-plus hint--top\"><\/a><a href=\"http:\/\/www.digg.com\/submit?url=https:\/\/adfformosa.com.ar\/?p=4878\" target=\"_blank\"  title=\"Share to Digg\" class=\"s3-digg hint--top\"><\/a><a href=\"http:\/\/www.tumblr.com\/share\/link?url=https%3A%2F%2Fadfformosa.com.ar%2F%3Fp%3D4878&name=La+CTERA+solicita+entrevista+al+Presidente+de+la+Naci%C3%B3n+por+conflictos+provinciales+y+paritaria\" target=\"_blank\" title=\"Share to Tumblr\" class=\"s3-tumblr hint--top\"><\/a><a href=\"mailto:?Subject=La%20CTERA%20solicita%20entrevista%20al%20Presidente%20de%20la%20Naci\u00f3n%20por%20conflictos%20provinciales%20y%20paritaria&Body=Here%20is%20the%20link%20to%20the%20article:%20https:\/\/adfformosa.com.ar\/?p=4878\" title=\"Email this article\" class=\"s3-email hint--top\"><\/a><\/div><p><img loading=\"lazy\" decoding=\"async\" class=\"aligncenter wp-image-4880 size-full\" src=\"https:\/\/adfformosa.com.ar\/wp-content\/uploads\/2018\/05\/sonia-entrega-nota-abril-2018-e1525278781239.jpg\" alt=\" Los dirigentes de CTERA en Casa de Gobierno. Entrega de nota al Presidente. No son recibidos.\" width=\"600\" height=\"400\" \/><\/p>\n<p>&nbsp;<\/p>\n<p>Los dirigentes de CTERA, que llevaron a la Casa de Gobierno la nota al Presidente, fueron recibidos reja de por medio por una funcionaria que no les permiti\u00f3 entrar a la sede del Gobierno Nacional.<\/p>\n<p>\u00abNos sentimos humillados por los funcionarios, mostrando claramente el cambio de \u00e9poca que impera desde diciembre de 2015 en el pa\u00eds: un Gobierno que se llena la boca hablando de di\u00e1logo y que no recibe a los maestros argentinos, en una muestra m\u00e1s de insensibilidad y desprecio por quienes no naturalizamos ni aceptamos que conviertan a la educaci\u00f3n p\u00fablica en una educaci\u00f3n de segunda para ciudadanos de segunda\u00bb se\u00f1alo la Secretaria General del gremio Sonia Alesso, quien estuvo acompa\u00f1ada por\u00a0Roberto Baradel, Sec. General Adjunto del gremio\u00a0 y Eduardo L\u00f3pez, Sec. Gremial.<\/p>\n<p>En la nota que fue entregada a una funcionaria, la CTERA entre otros conceptos, afirma:<\/p>\n<p>\u201cLa Educaci\u00f3n P\u00fablica en la Argentina ha sido a lo largo de su historia un pilar fundamental para la transformaci\u00f3n y progreso de nuestro pueblo, que s\u00f3lo se vio interrumpida en las dictaduras militares y en los gobiernos con pol\u00edticas neoliberales\u201d.<\/p>\n<p>\u201cLa decisi\u00f3n del Gobierno Nacional de eliminar por Decreto N\u00ba 52\/2018 la Paritaria Nacional Docente y subejecutar las partidas presupuestarias para educaci\u00f3n, no solo ha profundizado los conflictos docentes sino que los ha multiplicado en todo el pa\u00eds. Persisten a esta fecha conflictos de distinta naturaleza con una ra\u00edz en com\u00fan, que tiene que ver con el incumplimiento de su gobierno de la Ley de Financiamiento Educativo, lo que produce falta de inversi\u00f3n en las escuelas, ajuste en las provincias, desmantelamiento de los Programas Socioeducativos, suspensi\u00f3n del Programa Nacional de Educaci\u00f3n Sexual Integral, cierre de escuelas e institutos, problemas de infraestructura, interrupci\u00f3n en la distribuci\u00f3n de libros y computadoras, falta de creaci\u00f3n de escuelas, desfinanciamiento de las escuelas t\u00e9cnicas y no continuidad de la formaci\u00f3n docente en ejercicio, entre otras problem\u00e1ticas\u201d.<\/p>\n<p>\u201cPor todo esto solicitamos a Ud. una audiencia en car\u00e1cter de urgente, dado que la realidad educativa se viene agravando y advertimos que, de no tomarse medidas, esta situaci\u00f3n empeorar\u00e1\u201d.<\/p>\n<p>&nbsp;<\/p>\n<p><img loading=\"lazy\" decoding=\"async\" class=\"alignright wp-image-4882 size-full\" src=\"https:\/\/adfformosa.com.ar\/wp-content\/uploads\/2018\/05\/nota-a-macri-de-ctera-2-e1525281232817.jpg\" width=\"300\" height=\"516\" \/><\/p>\n<p><img loading=\"lazy\" decoding=\"async\" class=\"alignleft wp-image-4881 size-full\" src=\"https:\/\/adfformosa.com.ar\/wp-content\/uploads\/2018\/05\/nota-a-macri-de-ctera-1-e1525281159290.jpg\" width=\"300\" height=\"505\" \/><\/p>\n","protected":false},"excerpt":{"rendered":"<p>&nbsp; Los dirigentes de CTERA, que llevaron a la Casa de Gobierno la nota al Presidente, fueron recibidos reja de por medio por una funcionaria que no les permiti\u00f3 entrar&#8230; <span class=\"meta-more\"><a href=\"https:\/\/adfformosa.com.ar\/?p=4878\">Leer mas &raquo;<\/a><\/span><\/p>\n","protected":false},"author":3,"featured_media":4880,"comment_status":"open","ping_status":"closed","sticky":false,"template":"","format":"standard","meta":{"footnotes":""},"categories":[2],"tags":[],"class_list":["post-4878","post","type-post","status-publish","format-standard","has-post-thumbnail","hentry","category-prensa-adf","even alt"],"_links":{"self":[{"href":"https:\/\/adfformosa.com.ar\/index.php?rest_route=\/wp\/v2\/posts\/4878","targetHints":{"allow":["GET"]}}],"collection":[{"href":"https:\/\/adfformosa.com.ar\/index.php?rest_route=\/wp\/v2\/posts"}],"about":[{"href":"https:\/\/adfformosa.com.ar\/index.php?rest_route=\/wp\/v2\/types\/post"}],"author":[{"embeddable":true,"href":"https:\/\/adfformosa.com.ar\/index.php?rest_route=\/wp\/v2\/users\/3"}],"replies":[{"embeddable":true,"href":"https:\/\/adfformosa.com.ar\/index.php?rest_route=%2Fwp%2Fv2%2Fcomments&post=4878"}],"version-history":[{"count":1,"href":"https:\/\/adfformosa.com.ar\/index.php?rest_route=\/wp\/v2\/posts\/4878\/revisions"}],"predecessor-version":[{"id":4883,"href":"https:\/\/adfformosa.com.ar\/index.php?rest_route=\/wp\/v2\/posts\/4878\/revisions\/4883"}],"wp:featuredmedia":[{"embeddable":true,"href":"https:\/\/adfformosa.com.ar\/index.php?rest_route=\/wp\/v2\/media\/4880"}],"wp:attachment":[{"href":"https:\/\/adfformosa.com.ar\/index.php?rest_route=%2Fwp%2Fv2%2Fmedia&parent=4878"}],"wp:term":[{"taxonomy":"category","embeddable":true,"href":"https:\/\/adfformosa.com.ar\/index.php?rest_route=%2Fwp%2Fv2%2Fcategories&post=4878"},{"taxonomy":"post_tag","embeddable":true,"href":"https:\/\/adfformosa.com.ar\/index.php?rest_route=%2Fwp%2Fv2%2Ftags&post=4878"}],"curies":[{"name":"wp","href":"https:\/\/api.w.org\/{rel}","templated":true}]}}