{"id":4874,"date":"2018-04-26T13:08:05","date_gmt":"2018-04-26T16:08:05","guid":{"rendered":"http:\/\/adfformosa.com.ar\/?p=4874"},"modified":"2018-05-02T13:22:21","modified_gmt":"2018-05-02T16:22:21","slug":"adf-participa-en-la-sentada-docente-frente-a-casa-de-gobierno","status":"publish","type":"post","link":"https:\/\/adfformosa.com.ar\/?p=4874","title":{"rendered":"ADF Participa en la \u00abSentada Docente\u00bb frente a Casa de Gobierno"},"content":{"rendered":"<div id=\"s-share-buttons\" class=\"horizontal-w-c-r-border s-share-w-c\"><a href=\"http:\/\/www.facebook.com\/sharer.php?u=https:\/\/adfformosa.com.ar\/?p=4874\" target=\"_blank\" title=\"Share to Facebook\" class=\"s3-facebook hint--top\"><\/a><a href=\"http:\/\/twitter.com\/intent\/tweet?text=ADF Participa en la \u00abSentada Docente\u00bb frente a Casa de Gobierno&url=https:\/\/adfformosa.com.ar\/?p=4874\" target=\"_blank\"  title=\"Share to Twitter\" class=\"s3-twitter hint--top\"><\/a><a href=\"https:\/\/plus.google.com\/share?url=https:\/\/adfformosa.com.ar\/?p=4874\" target=\"_blank\"  title=\"Share to Google Plus\" class=\"s3-google-plus hint--top\"><\/a><a href=\"http:\/\/www.digg.com\/submit?url=https:\/\/adfformosa.com.ar\/?p=4874\" target=\"_blank\"  title=\"Share to Digg\" class=\"s3-digg hint--top\"><\/a><a href=\"http:\/\/www.tumblr.com\/share\/link?url=https%3A%2F%2Fadfformosa.com.ar%2F%3Fp%3D4874&name=ADF+Participa+en+la+%C2%ABSentada+Docente%C2%BB+frente+a+Casa+de+Gobierno\" target=\"_blank\" title=\"Share to Tumblr\" class=\"s3-tumblr hint--top\"><\/a><a href=\"mailto:?Subject=ADF%20Participa%20en%20la%20\u00abSentada%20Docente\u00bb%20frente%20a%20Casa%20de%20Gobierno&Body=Here%20is%20the%20link%20to%20the%20article:%20https:\/\/adfformosa.com.ar\/?p=4874\" title=\"Email this article\" class=\"s3-email hint--top\"><\/a><\/div><p><img loading=\"lazy\" decoding=\"async\" class=\"aligncenter wp-image-4875 size-full\" src=\"https:\/\/adfformosa.com.ar\/wp-content\/uploads\/2018\/05\/sentada-PORTADA-e1525277734253.jpg\" alt=\"Plan Nacional de Lucha CTERA-ADF \" width=\"600\" height=\"450\" \/><\/p>\n<p>&nbsp;<\/p>\n<p><strong>Plan Nacional de Lucha de CTERA<\/strong><\/p>\n<p style=\"text-align: center;\"><strong>500 guardapolvos, 24 provincias, 1 reclamo<\/strong><\/p>\n<div class=\"mvp-post-main-in\">\n<div id=\"mvp-post-content\" class=\"left relative\">\n<div id=\"mvp-content-wrap\" class=\"left relative\">\n<div class=\"mvp-post-soc-out right relative\">\n<div class=\"mvp-post-soc-in\">\n<div id=\"mvp-content-body\" class=\"left relative\">\n<div id=\"mvp-content-body-top\" class=\"left\">\n<div id=\"mvp-content-main\" class=\"left relative\">\n<p>\u00a0El jueves 26 hemos acompa\u00f1ado a la CTERA\u00a0 en la Jornada Nacional de Lucha para exigir la soluci\u00f3n de las problem\u00e1ticas educativas existentes.<\/p>\n<p>La derogaci\u00f3n de la Paritaria Nacional Docente en enero de este a\u00f1o, mediante el Decreto 52\/2018, ha pulverizado una herramienta fundamental de los trabajadores de la educaci\u00f3n no s\u00f3lo para discutir nuestros salarios sino tambi\u00e9n nuestras condiciones de trabajo.<\/p>\n<p>El ajuste educativo se ha profundizado a nivel nacional generando conflictos en las provincias de Chubut, Buenos Aires, Neuqu\u00e9n, Chaco, Corrientes, Santa Cruz, Jujuy, Mendoza, Entre R\u00edos, Tierra del Fuego y la Ciudad de Buenos Aires.<\/p>\n<p>Como en los \u201890, esto representa lisa y llanamente el abandono del Estado Nacional en materia de pol\u00edtica educativa, dejando a las provincias argentinas a su suerte. Con el agravante de que muchas de ellas, teniendo fondos suficientes para solucionar las demandas salariales y laborales, se ven amenazadas por el Gobierno Nacional mediante la firma del extorsivo Pacto Fiscal que fija a los salarios un techo del 15 %, que no coinciden con la inflaci\u00f3n que diferentes estudios pronostican para este a\u00f1o.<\/p>\n<p><strong>500\u00a0maestr@s\u00a0con sus guardapolvos blancos, desde todos los rincones del pa\u00eds, participamos de esta jornada de lucha con nuestros justos reclamos.<\/strong><\/p>\n<p>&nbsp;<\/p>\n<p><img loading=\"lazy\" decoding=\"async\" class=\"aligncenter wp-image-4876 size-full\" src=\"https:\/\/adfformosa.com.ar\/wp-content\/uploads\/2018\/05\/31301678_2030774797164450_8226841097633005568_n-e1525277929540.jpg\" alt=\"ADF en la Jornada Nacional de Lucha Docente -Abril 2018\" width=\"600\" height=\"399\" \/><\/p>\n<p>&nbsp;<\/p>\n<p>&nbsp;<\/p>\n<p>&nbsp;<\/p>\n<p>&nbsp;<\/p>\n<p>&nbsp;<\/p>\n<p>&nbsp;<\/p>\n<p>&nbsp;<\/p>\n<p>&nbsp;<\/p>\n<p>&nbsp;<\/p>\n<p>&nbsp;<\/p>\n<p>&nbsp;<\/p>\n<p>&nbsp;<\/p>\n<p>&nbsp;<\/p>\n<\/div>\n<div id=\"mvp-content-bot\" class=\"left\"><\/div>\n<\/div>\n<div class=\"mvp-cont-read-wrap\"><\/div>\n<\/div>\n<\/div>\n<\/div>\n<\/div>\n<\/div>\n<\/div>\n<div class=\"text_exposed_show\"><\/div>\n","protected":false},"excerpt":{"rendered":"<p>&nbsp; Plan Nacional de Lucha de CTERA 500 guardapolvos, 24 provincias, 1 reclamo \u00a0El jueves 26 hemos acompa\u00f1ado a la CTERA\u00a0 en la Jornada Nacional de Lucha para exigir la&#8230; <span class=\"meta-more\"><a href=\"https:\/\/adfformosa.com.ar\/?p=4874\">Leer mas &raquo;<\/a><\/span><\/p>\n","protected":false},"author":3,"featured_media":4875,"comment_status":"open","ping_status":"closed","sticky":false,"template":"","format":"standard","meta":{"footnotes":""},"categories":[2],"tags":[26],"class_list":["post-4874","post","type-post","status-publish","format-standard","has-post-thumbnail","hentry","category-prensa-adf","tag-sentada-docente-2018-adf-formosa","even alt"],"_links":{"self":[{"href":"https:\/\/adfformosa.com.ar\/index.php?rest_route=\/wp\/v2\/posts\/4874","targetHints":{"allow":["GET"]}}],"collection":[{"href":"https:\/\/adfformosa.com.ar\/index.php?rest_route=\/wp\/v2\/posts"}],"about":[{"href":"https:\/\/adfformosa.com.ar\/index.php?rest_route=\/wp\/v2\/types\/post"}],"author":[{"embeddable":true,"href":"https:\/\/adfformosa.com.ar\/index.php?rest_route=\/wp\/v2\/users\/3"}],"replies":[{"embeddable":true,"href":"https:\/\/adfformosa.com.ar\/index.php?rest_route=%2Fwp%2Fv2%2Fcomments&post=4874"}],"version-history":[{"count":1,"href":"https:\/\/adfformosa.com.ar\/index.php?rest_route=\/wp\/v2\/posts\/4874\/revisions"}],"predecessor-version":[{"id":4877,"href":"https:\/\/adfformosa.com.ar\/index.php?rest_route=\/wp\/v2\/posts\/4874\/revisions\/4877"}],"wp:featuredmedia":[{"embeddable":true,"href":"https:\/\/adfformosa.com.ar\/index.php?rest_route=\/wp\/v2\/media\/4875"}],"wp:attachment":[{"href":"https:\/\/adfformosa.com.ar\/index.php?rest_route=%2Fwp%2Fv2%2Fmedia&parent=4874"}],"wp:term":[{"taxonomy":"category","embeddable":true,"href":"https:\/\/adfformosa.com.ar\/index.php?rest_route=%2Fwp%2Fv2%2Fcategories&post=4874"},{"taxonomy":"post_tag","embeddable":true,"href":"https:\/\/adfformosa.com.ar\/index.php?rest_route=%2Fwp%2Fv2%2Ftags&post=4874"}],"curies":[{"name":"wp","href":"https:\/\/api.w.org\/{rel}","templated":true}]}}