{"id":4864,"date":"2017-12-13T19:00:31","date_gmt":"2017-12-13T22:00:31","guid":{"rendered":"http:\/\/adfformosa.com.ar\/?p=4864"},"modified":"2017-12-18T18:59:39","modified_gmt":"2017-12-18T21:59:39","slug":"urgente-paro-docente-manana-14-diciembre","status":"publish","type":"post","link":"https:\/\/adfformosa.com.ar\/?p=4864","title":{"rendered":"URGENTE PARO DOCENTE MA\u00d1ANA 14 DICIEMBRE"},"content":{"rendered":"<div id=\"s-share-buttons\" class=\"horizontal-w-c-r-border s-share-w-c\"><a href=\"http:\/\/www.facebook.com\/sharer.php?u=https:\/\/adfformosa.com.ar\/?p=4864\" target=\"_blank\" title=\"Share to Facebook\" class=\"s3-facebook hint--top\"><\/a><a href=\"http:\/\/twitter.com\/intent\/tweet?text=URGENTE PARO DOCENTE MA\u00d1ANA 14 DICIEMBRE&url=https:\/\/adfformosa.com.ar\/?p=4864\" target=\"_blank\"  title=\"Share to Twitter\" class=\"s3-twitter hint--top\"><\/a><a href=\"https:\/\/plus.google.com\/share?url=https:\/\/adfformosa.com.ar\/?p=4864\" target=\"_blank\"  title=\"Share to Google Plus\" class=\"s3-google-plus hint--top\"><\/a><a href=\"http:\/\/www.digg.com\/submit?url=https:\/\/adfformosa.com.ar\/?p=4864\" target=\"_blank\"  title=\"Share to Digg\" class=\"s3-digg hint--top\"><\/a><a href=\"http:\/\/www.tumblr.com\/share\/link?url=https%3A%2F%2Fadfformosa.com.ar%2F%3Fp%3D4864&name=URGENTE+PARO+DOCENTE+MA%C3%91ANA+14+DICIEMBRE\" target=\"_blank\" title=\"Share to Tumblr\" class=\"s3-tumblr hint--top\"><\/a><a href=\"mailto:?Subject=URGENTE%20PARO%20DOCENTE%20MA\u00d1ANA%2014%20DICIEMBRE&Body=Here%20is%20the%20link%20to%20the%20article:%20https:\/\/adfformosa.com.ar\/?p=4864\" title=\"Email this article\" class=\"s3-email hint--top\"><\/a><\/div><p style=\"text-align: left;\"><img loading=\"lazy\" decoding=\"async\" class=\"alignleft size-medium wp-image-4869\" src=\"https:\/\/adfformosa.com.ar\/wp-content\/uploads\/2017\/12\/PARO-DOCENTE-14-DICIEMBRE-2017-1-300x216.jpg\" alt=\"PARO DOCENTE 14 DICIEMBRE 2017\" width=\"300\" height=\"216\" srcset=\"https:\/\/adfformosa.com.ar\/wp-content\/uploads\/2017\/12\/PARO-DOCENTE-14-DICIEMBRE-2017-1-300x216.jpg 300w, https:\/\/adfformosa.com.ar\/wp-content\/uploads\/2017\/12\/PARO-DOCENTE-14-DICIEMBRE-2017-1-768x553.jpg 768w, https:\/\/adfformosa.com.ar\/wp-content\/uploads\/2017\/12\/PARO-DOCENTE-14-DICIEMBRE-2017-1.jpg 960w\" sizes=\"auto, (max-width: 300px) 100vw, 300px\" \/>ADF ,entidad de base de CTERA, convoca al paro nacional y movilizaci\u00f3n al Congreso nacional<\/p>\n<div class=\"text_exposed_show\">\n<p style=\"text-align: left;\">La medida de fuerza se llevar\u00e1 a cabo en el marco del plan de lucha votado por el Congreso extraordinario de la CTERA el pasado 28 de noviembre.<\/p>\n<p style=\"text-align: left;\">Paramos en rechazo a la reforma previsional que impulsa el gobierno nacional e intenta aprobar en la C\u00e1mara de Diputados.<\/p>\n<p style=\"text-align: left;\">Repudiamos la violenta represi\u00f3n a los compa\u00f1eros trabajadores que pac\u00edficamente se encuentran en vigilia y movilizados frente al Congreso Nacional.<\/p>\n<p style=\"text-align: left;\">Los trabajadores de la educaci\u00f3n repudiamos este proyecto de reforma previsional que significar\u00e1 un ajuste a los bolsillos de los jubilados, los docentes, los ni\u00f1os, ni\u00f1as y j\u00f3venes que perciben la asignaci\u00f3n universal por hijo y un retroceso en los derechos conquistados por los trabajadores argentinos.<\/p>\n<p style=\"text-align: left;\">PARO NACIONAL DOCENTE JUEVES 14 DE DICIEMBRE 2017<\/p>\n<p style=\"text-align: left;\">JUNTA DIRECTIVA DE LA AGREMIACI\u00d3N DEL DOCENTE FORMOSE\u00d1O.<\/p>\n<p style=\"text-align: left;\">LUIS BRANCHI, SECRETARIO GENERAL.<\/p>\n<\/div>\n","protected":false},"excerpt":{"rendered":"<p>ADF ,entidad de base de CTERA, convoca al paro nacional y movilizaci\u00f3n al Congreso nacional La medida de fuerza se llevar\u00e1 a cabo en el marco del plan de lucha&#8230; <span class=\"meta-more\"><a href=\"https:\/\/adfformosa.com.ar\/?p=4864\">Leer mas &raquo;<\/a><\/span><\/p>\n","protected":false},"author":3,"featured_media":4869,"comment_status":"open","ping_status":"closed","sticky":false,"template":"","format":"standard","meta":{"footnotes":""},"categories":[2],"tags":[],"class_list":["post-4864","post","type-post","status-publish","format-standard","has-post-thumbnail","hentry","category-prensa-adf","even alt"],"_links":{"self":[{"href":"https:\/\/adfformosa.com.ar\/index.php?rest_route=\/wp\/v2\/posts\/4864","targetHints":{"allow":["GET"]}}],"collection":[{"href":"https:\/\/adfformosa.com.ar\/index.php?rest_route=\/wp\/v2\/posts"}],"about":[{"href":"https:\/\/adfformosa.com.ar\/index.php?rest_route=\/wp\/v2\/types\/post"}],"author":[{"embeddable":true,"href":"https:\/\/adfformosa.com.ar\/index.php?rest_route=\/wp\/v2\/users\/3"}],"replies":[{"embeddable":true,"href":"https:\/\/adfformosa.com.ar\/index.php?rest_route=%2Fwp%2Fv2%2Fcomments&post=4864"}],"version-history":[{"count":2,"href":"https:\/\/adfformosa.com.ar\/index.php?rest_route=\/wp\/v2\/posts\/4864\/revisions"}],"predecessor-version":[{"id":4870,"href":"https:\/\/adfformosa.com.ar\/index.php?rest_route=\/wp\/v2\/posts\/4864\/revisions\/4870"}],"wp:featuredmedia":[{"embeddable":true,"href":"https:\/\/adfformosa.com.ar\/index.php?rest_route=\/wp\/v2\/media\/4869"}],"wp:attachment":[{"href":"https:\/\/adfformosa.com.ar\/index.php?rest_route=%2Fwp%2Fv2%2Fmedia&parent=4864"}],"wp:term":[{"taxonomy":"category","embeddable":true,"href":"https:\/\/adfformosa.com.ar\/index.php?rest_route=%2Fwp%2Fv2%2Fcategories&post=4864"},{"taxonomy":"post_tag","embeddable":true,"href":"https:\/\/adfformosa.com.ar\/index.php?rest_route=%2Fwp%2Fv2%2Ftags&post=4864"}],"curies":[{"name":"wp","href":"https:\/\/api.w.org\/{rel}","templated":true}]}}