{"id":4854,"date":"2017-05-18T20:58:56","date_gmt":"2017-05-18T23:58:56","guid":{"rendered":"http:\/\/adfformosa.com.ar\/?p=4854"},"modified":"2017-05-18T20:58:56","modified_gmt":"2017-05-18T23:58:56","slug":"programa-de-actividades-en-la-escuela-publica-itinerante-para-el-viernes-19","status":"publish","type":"post","link":"https:\/\/adfformosa.com.ar\/?p=4854","title":{"rendered":"Programa de actividades en la \u00abEscuela P\u00fablica Itinerante\u00bb para el viernes 19"},"content":{"rendered":"<div id=\"s-share-buttons\" class=\"horizontal-w-c-r-border s-share-w-c\"><a href=\"http:\/\/www.facebook.com\/sharer.php?u=https:\/\/adfformosa.com.ar\/?p=4854\" target=\"_blank\" title=\"Share to Facebook\" class=\"s3-facebook hint--top\"><\/a><a href=\"http:\/\/twitter.com\/intent\/tweet?text=Programa de actividades en la \u00abEscuela P\u00fablica Itinerante\u00bb para el viernes 19&url=https:\/\/adfformosa.com.ar\/?p=4854\" target=\"_blank\"  title=\"Share to Twitter\" class=\"s3-twitter hint--top\"><\/a><a href=\"https:\/\/plus.google.com\/share?url=https:\/\/adfformosa.com.ar\/?p=4854\" target=\"_blank\"  title=\"Share to Google Plus\" class=\"s3-google-plus hint--top\"><\/a><a href=\"http:\/\/www.digg.com\/submit?url=https:\/\/adfformosa.com.ar\/?p=4854\" target=\"_blank\"  title=\"Share to Digg\" class=\"s3-digg hint--top\"><\/a><a href=\"http:\/\/www.tumblr.com\/share\/link?url=https%3A%2F%2Fadfformosa.com.ar%2F%3Fp%3D4854&name=Programa+de+actividades+en+la+%C2%ABEscuela+P%C3%BAblica+Itinerante%C2%BB+para+el+viernes+19\" target=\"_blank\" title=\"Share to Tumblr\" class=\"s3-tumblr hint--top\"><\/a><a href=\"mailto:?Subject=Programa%20de%20actividades%20en%20la%20\u00abEscuela%20P\u00fablica%20Itinerante\u00bb%20para%20el%20viernes%2019&Body=Here%20is%20the%20link%20to%20the%20article:%20https:\/\/adfformosa.com.ar\/?p=4854\" title=\"Email this article\" class=\"s3-email hint--top\"><\/a><\/div><h3><strong><span style=\"color: #0000ff;\"><u>* Viernes 19-05-2017<\/u><\/span><\/strong><\/h3>\n<p>&#8211; 10 hs \u2013 &#8211; <u>Mesa Redonda<\/u>: \u00abUna cuesti\u00f3n de g\u00e9nero. La educaci\u00f3n sexual es un derecho. La perspectiva de g\u00e9nero desde un grupo de mujeres de sectores populares\u201d. <strong>Dpto de G\u00e9nero de ADF: Prof. Delia Alegre. Prof. Dina Fontana. Prof. Norma Pucheta. Dra. Dri. <\/strong><u>Lugar<\/u>: Auditorio<\/p>\n<ol start=\"10\">\n<li><span style=\"text-decoration: underline;\">hs Talleres al aire libre:<\/span><\/li>\n<\/ol>\n<p>Stand Museo del Plan Quinquenal de la <strong>Escuela 48 \u201cDomingo Bresanovich\u201d<\/strong> de Colonia Pastoril.<\/p>\n<p>&#8211; Actividad de Educaci\u00f3n F\u00edsica. <strong>Prof. Franco Acosta y Prof. Lucas Penayo<\/strong>.<\/p>\n<p><u>&#8211; Actividad de Artes visuales<\/u>: pintura. <strong>Prof. Gisella Zarza y Prof. Laura Monz\u00f3n.<\/strong><\/p>\n<p>&#8211; Actividad de Educaci\u00f3n F\u00edsica. <strong>Prof. Franco Acosta, \u00a0Prof. Lucas Penayo y \u00c1ngel Armoa<\/strong>.<\/p>\n<p>&#8211; 11 hs &#8211;\u00a0 Taller de lengua y cultura guaran\u00ed. <strong>Movimiento La Poderosa. <\/strong><u>Lugar<\/u>: Auditorio.<\/p>\n<p><span style=\"color: #ff0000;\">Luego se espera la presencia del Compa\u00f1ero Hugo Yasky Secretario General de la CTA y Presidente de la IEAL por Latinoam\u00e9rica y Sonia Alesso Secretaria General de C.T.E.R.A.<\/span><\/p>\n<p>&#8211; 14 hs \u2013 Espect\u00e1culo infantil Wil Burbujas<\/p>\n<p>&#8211; 14 hs. -Radio Abierta de la EPEP N\u00ba2. <strong>Prof. Angie medina<\/strong>.<\/p>\n<p>&#8211; 16 hs &#8211; <u>Charla<\/u>: \u00abAn\u00e1lisis de la coyuntura econ\u00f3mica: la voz de los trabajadores\u00bb. <strong>Prof Rub\u00e9n Chavez,\u00a0 Patricia Pastor\u00a0 y Julio Svartz. <\/strong><u>Lugar<\/u>: Auditorio.<\/p>\n<p>17:20 hs Stand \u201cCampa\u00f1a Nacional de RCP (reanimaci\u00f3n cardio-pulmonar con las manos). <strong>Coordinaci\u00f3n de Educaci\u00f3n F\u00edsica de Formosa.- Taller al aire libre .<\/strong><\/p>\n<p>&#8211; 17.30 hs &#8211; <u>Charla de caf\u00e9<\/u>: \u00abEducar es comprometerse con la utop\u00eda de transformar la realidad: la educaci\u00f3n como pr\u00e1ctica pol\u00edtica\u00bb <strong>Prof. Silvia Polo. <\/strong><u>Lugar<\/u>: Auditorio.<\/p>\n<p>18.30 hs- Orquesta de cuerdas Profesor Sergio Irala.<\/p>\n<p>&#8211; 19 hs \u2013\u00a0\u00a0 \u00a0<u>Actividad de cierre<\/u>: Resistimos con humor, <strong>\u00a0\u201cLos amigos de la Cumbia\u201d. Hermanos Ojeda. Canta y baila la ni\u00f1ez formose\u00f1a<\/strong>, entre otros.<\/p>\n<p>&nbsp;<\/p>\n<p><img loading=\"lazy\" decoding=\"async\" class=\"alignleft size-medium wp-image-4855\" src=\"https:\/\/adfformosa.com.ar\/wp-content\/uploads\/2017\/05\/VIERNES-19-167x300.jpg\" alt=\"VIERNES 19\" width=\"167\" height=\"300\" srcset=\"https:\/\/adfformosa.com.ar\/wp-content\/uploads\/2017\/05\/VIERNES-19-167x300.jpg 167w, https:\/\/adfformosa.com.ar\/wp-content\/uploads\/2017\/05\/VIERNES-19.jpg 533w\" sizes=\"auto, (max-width: 167px) 100vw, 167px\" \/><\/p>\n","protected":false},"excerpt":{"rendered":"<p>* Viernes 19-05-2017 &#8211; 10 hs \u2013 &#8211; Mesa Redonda: \u00abUna cuesti\u00f3n de g\u00e9nero. La educaci\u00f3n sexual es un derecho. La perspectiva de g\u00e9nero desde un grupo de mujeres de&#8230; <span class=\"meta-more\"><a href=\"https:\/\/adfformosa.com.ar\/?p=4854\">Leer mas &raquo;<\/a><\/span><\/p>\n","protected":false},"author":3,"featured_media":4855,"comment_status":"open","ping_status":"closed","sticky":false,"template":"","format":"standard","meta":{"footnotes":""},"categories":[2],"tags":[],"class_list":["post-4854","post","type-post","status-publish","format-standard","has-post-thumbnail","hentry","category-prensa-adf","even alt"],"_links":{"self":[{"href":"https:\/\/adfformosa.com.ar\/index.php?rest_route=\/wp\/v2\/posts\/4854","targetHints":{"allow":["GET"]}}],"collection":[{"href":"https:\/\/adfformosa.com.ar\/index.php?rest_route=\/wp\/v2\/posts"}],"about":[{"href":"https:\/\/adfformosa.com.ar\/index.php?rest_route=\/wp\/v2\/types\/post"}],"author":[{"embeddable":true,"href":"https:\/\/adfformosa.com.ar\/index.php?rest_route=\/wp\/v2\/users\/3"}],"replies":[{"embeddable":true,"href":"https:\/\/adfformosa.com.ar\/index.php?rest_route=%2Fwp%2Fv2%2Fcomments&post=4854"}],"version-history":[{"count":2,"href":"https:\/\/adfformosa.com.ar\/index.php?rest_route=\/wp\/v2\/posts\/4854\/revisions"}],"predecessor-version":[{"id":4857,"href":"https:\/\/adfformosa.com.ar\/index.php?rest_route=\/wp\/v2\/posts\/4854\/revisions\/4857"}],"wp:featuredmedia":[{"embeddable":true,"href":"https:\/\/adfformosa.com.ar\/index.php?rest_route=\/wp\/v2\/media\/4855"}],"wp:attachment":[{"href":"https:\/\/adfformosa.com.ar\/index.php?rest_route=%2Fwp%2Fv2%2Fmedia&parent=4854"}],"wp:term":[{"taxonomy":"category","embeddable":true,"href":"https:\/\/adfformosa.com.ar\/index.php?rest_route=%2Fwp%2Fv2%2Fcategories&post=4854"},{"taxonomy":"post_tag","embeddable":true,"href":"https:\/\/adfformosa.com.ar\/index.php?rest_route=%2Fwp%2Fv2%2Ftags&post=4854"}],"curies":[{"name":"wp","href":"https:\/\/api.w.org\/{rel}","templated":true}]}}