{"id":4841,"date":"2017-05-17T19:48:38","date_gmt":"2017-05-17T22:48:38","guid":{"rendered":"http:\/\/adfformosa.com.ar\/?p=4841"},"modified":"2017-05-18T19:55:08","modified_gmt":"2017-05-18T22:55:08","slug":"programa-de-actividades-en-la-escuela-publica-itinerante-del-jueves-18","status":"publish","type":"post","link":"https:\/\/adfformosa.com.ar\/?p=4841","title":{"rendered":"Programa de actividades en la \u00abEscuela P\u00fablica Itinerante\u00bb del jueves 18"},"content":{"rendered":"<div id=\"s-share-buttons\" class=\"horizontal-w-c-r-border s-share-w-c\"><a href=\"http:\/\/www.facebook.com\/sharer.php?u=https:\/\/adfformosa.com.ar\/?p=4841\" target=\"_blank\" title=\"Share to Facebook\" class=\"s3-facebook hint--top\"><\/a><a href=\"http:\/\/twitter.com\/intent\/tweet?text=Programa de actividades en la \u00abEscuela P\u00fablica Itinerante\u00bb del jueves 18&url=https:\/\/adfformosa.com.ar\/?p=4841\" target=\"_blank\"  title=\"Share to Twitter\" class=\"s3-twitter hint--top\"><\/a><a href=\"https:\/\/plus.google.com\/share?url=https:\/\/adfformosa.com.ar\/?p=4841\" target=\"_blank\"  title=\"Share to Google Plus\" class=\"s3-google-plus hint--top\"><\/a><a href=\"http:\/\/www.digg.com\/submit?url=https:\/\/adfformosa.com.ar\/?p=4841\" target=\"_blank\"  title=\"Share to Digg\" class=\"s3-digg hint--top\"><\/a><a href=\"http:\/\/www.tumblr.com\/share\/link?url=https%3A%2F%2Fadfformosa.com.ar%2F%3Fp%3D4841&name=Programa+de+actividades+en+la+%C2%ABEscuela+P%C3%BAblica+Itinerante%C2%BB+del+jueves+18\" target=\"_blank\" title=\"Share to Tumblr\" class=\"s3-tumblr hint--top\"><\/a><a href=\"mailto:?Subject=Programa%20de%20actividades%20en%20la%20\u00abEscuela%20P\u00fablica%20Itinerante\u00bb%20del%20jueves%2018&Body=Here%20is%20the%20link%20to%20the%20article:%20https:\/\/adfformosa.com.ar\/?p=4841\" title=\"Email this article\" class=\"s3-email hint--top\"><\/a><\/div><p><img loading=\"lazy\" decoding=\"async\" class=\"alignleft size-medium wp-image-4842\" src=\"https:\/\/adfformosa.com.ar\/wp-content\/uploads\/2017\/05\/programa-del-jueves-167x300.jpg\" alt=\"programa del jueves\" width=\"167\" height=\"300\" srcset=\"https:\/\/adfformosa.com.ar\/wp-content\/uploads\/2017\/05\/programa-del-jueves-167x300.jpg 167w, https:\/\/adfformosa.com.ar\/wp-content\/uploads\/2017\/05\/programa-del-jueves.jpg 480w\" sizes=\"auto, (max-width: 167px) 100vw, 167px\" \/><\/p>\n<h3 style=\"text-align: center;\"><span style=\"color: #0000ff;\"><strong>Este jueves 18 en la plaza San Mart\u00edn se realizar\u00e1n las siguientes actividades<\/strong><\/span><\/h3>\n<p><span style=\"text-decoration: underline;\"><span style=\"color: #0000ff; text-decoration: underline;\">Por la ma\u00f1ana \u00a0a partir de las 10 horas<\/span><\/span><\/p>\n<p>Actividad de Educaci\u00f3n F\u00edsica. Prof. Franco Acosta y Prof. Lucas Penayo.<\/p>\n<p>Stand \u201cCampa\u00f1a Nacional de RCP (reanimaci\u00f3n cardio-pulmonar con las manos)a cargo de la Coordinaci\u00f3n de Educaci\u00f3n F\u00edsica de Formosa.<\/p>\n<p>-Taller de Encuadernaci\u00f3n. Prof Norma Pucheta<\/p>\n<p>11 hs &#8211; Charla de caf\u00e9: \u00abDocencia y modos de organizaci\u00f3n: participaci\u00f3n y democracia Sindical\u00bb Prof. Rub\u00e9n Ch\u00e1vez. Lugar: Auditorio.<\/p>\n<p>&nbsp;<\/p>\n<p><span style=\"text-decoration: underline;\"><span style=\"color: #0000ff; text-decoration: underline;\"> Por la tarde \u00a0a partir de las 14 horas <\/span><\/span><\/p>\n<p>Actividad de Educaci\u00f3n F\u00edsica de Ibarreta. Prof. H\u00e9ctor Cuquejo y alumnos.<\/p>\n<p>16 hs &#8211; Mesa Redonda: \u201cLey de Financiamiento y Capacitaci\u00f3n Docente en servicio\u201d. Instituto Provincial \u201cJusticia Social\u201d Lugar: Auditorio.<\/p>\n<p>17 hs &#8211; Clase abierta: \u00bb Privatizaci\u00f3n y mercantilizaci\u00f3n de la Educaci\u00f3n Superior No Universitaria en la historia Argentina\u00bb Dip. Mirta Guerra. Prof. Christian Galeano. Prof. Agust\u00edn Cardini. Lic Yolanda Portillo. Lugar: Auditorio.<\/p>\n<p>&#8211; 18 hs &#8211; Patio de estudio, consultas y asesoramiento para el Concurso de Ascenso de Jerarqu\u00eda Nivel Primario y Secundario en Formosa. Lic. Horacia Echeverr\u00eda y Prof. Alicia D\u00edaz. &#8211;<\/p>\n<p>18 hs &#8211; Clase abierta: \u00abLa cultura para la formaci\u00f3n de la conciencia ciudadana\u00bb. Lugar: Auditorio &#8211;<\/p>\n<p>19 hs &#8211; Cierre de jornada: fog\u00f3n de los docentes itinerantes. Pe\u00f1a \u201cReminiscencia\u201d, entre otros.<\/p>\n","protected":false},"excerpt":{"rendered":"<p>Este jueves 18 en la plaza San Mart\u00edn se realizar\u00e1n las siguientes actividades Por la ma\u00f1ana \u00a0a partir de las 10 horas Actividad de Educaci\u00f3n F\u00edsica. Prof. Franco Acosta y&#8230; <span class=\"meta-more\"><a href=\"https:\/\/adfformosa.com.ar\/?p=4841\">Leer mas &raquo;<\/a><\/span><\/p>\n","protected":false},"author":3,"featured_media":4842,"comment_status":"open","ping_status":"closed","sticky":false,"template":"","format":"standard","meta":{"footnotes":""},"categories":[2],"tags":[],"class_list":["post-4841","post","type-post","status-publish","format-standard","has-post-thumbnail","hentry","category-prensa-adf","even alt"],"_links":{"self":[{"href":"https:\/\/adfformosa.com.ar\/index.php?rest_route=\/wp\/v2\/posts\/4841","targetHints":{"allow":["GET"]}}],"collection":[{"href":"https:\/\/adfformosa.com.ar\/index.php?rest_route=\/wp\/v2\/posts"}],"about":[{"href":"https:\/\/adfformosa.com.ar\/index.php?rest_route=\/wp\/v2\/types\/post"}],"author":[{"embeddable":true,"href":"https:\/\/adfformosa.com.ar\/index.php?rest_route=\/wp\/v2\/users\/3"}],"replies":[{"embeddable":true,"href":"https:\/\/adfformosa.com.ar\/index.php?rest_route=%2Fwp%2Fv2%2Fcomments&post=4841"}],"version-history":[{"count":1,"href":"https:\/\/adfformosa.com.ar\/index.php?rest_route=\/wp\/v2\/posts\/4841\/revisions"}],"predecessor-version":[{"id":4843,"href":"https:\/\/adfformosa.com.ar\/index.php?rest_route=\/wp\/v2\/posts\/4841\/revisions\/4843"}],"wp:featuredmedia":[{"embeddable":true,"href":"https:\/\/adfformosa.com.ar\/index.php?rest_route=\/wp\/v2\/media\/4842"}],"wp:attachment":[{"href":"https:\/\/adfformosa.com.ar\/index.php?rest_route=%2Fwp%2Fv2%2Fmedia&parent=4841"}],"wp:term":[{"taxonomy":"category","embeddable":true,"href":"https:\/\/adfformosa.com.ar\/index.php?rest_route=%2Fwp%2Fv2%2Fcategories&post=4841"},{"taxonomy":"post_tag","embeddable":true,"href":"https:\/\/adfformosa.com.ar\/index.php?rest_route=%2Fwp%2Fv2%2Ftags&post=4841"}],"curies":[{"name":"wp","href":"https:\/\/api.w.org\/{rel}","templated":true}]}}