{"id":4838,"date":"2017-05-16T19:41:58","date_gmt":"2017-05-16T22:41:58","guid":{"rendered":"http:\/\/adfformosa.com.ar\/?p=4838"},"modified":"2017-05-18T19:48:09","modified_gmt":"2017-05-18T22:48:09","slug":"programa-de-actividades-en-la-escuela-publica-itinerante-para-el-miercoles-17","status":"publish","type":"post","link":"https:\/\/adfformosa.com.ar\/?p=4838","title":{"rendered":"Programa de actividades en la \u00abEscuela P\u00fablica Itinerante\u00bb para el mi\u00e9rcoles 17"},"content":{"rendered":"<div id=\"s-share-buttons\" class=\"horizontal-w-c-r-border s-share-w-c\"><a href=\"http:\/\/www.facebook.com\/sharer.php?u=https:\/\/adfformosa.com.ar\/?p=4838\" target=\"_blank\" title=\"Share to Facebook\" class=\"s3-facebook hint--top\"><\/a><a href=\"http:\/\/twitter.com\/intent\/tweet?text=Programa de actividades en la \u00abEscuela P\u00fablica Itinerante\u00bb para el mi\u00e9rcoles 17&url=https:\/\/adfformosa.com.ar\/?p=4838\" target=\"_blank\"  title=\"Share to Twitter\" class=\"s3-twitter hint--top\"><\/a><a href=\"https:\/\/plus.google.com\/share?url=https:\/\/adfformosa.com.ar\/?p=4838\" target=\"_blank\"  title=\"Share to Google Plus\" class=\"s3-google-plus hint--top\"><\/a><a href=\"http:\/\/www.digg.com\/submit?url=https:\/\/adfformosa.com.ar\/?p=4838\" target=\"_blank\"  title=\"Share to Digg\" class=\"s3-digg hint--top\"><\/a><a href=\"http:\/\/www.tumblr.com\/share\/link?url=https%3A%2F%2Fadfformosa.com.ar%2F%3Fp%3D4838&name=Programa+de+actividades+en+la+%C2%ABEscuela+P%C3%BAblica+Itinerante%C2%BB+para+el+mi%C3%A9rcoles+17\" target=\"_blank\" title=\"Share to Tumblr\" class=\"s3-tumblr hint--top\"><\/a><a href=\"mailto:?Subject=Programa%20de%20actividades%20en%20la%20\u00abEscuela%20P\u00fablica%20Itinerante\u00bb%20para%20el%20mi\u00e9rcoles%2017&Body=Here%20is%20the%20link%20to%20the%20article:%20https:\/\/adfformosa.com.ar\/?p=4838\" title=\"Email this article\" class=\"s3-email hint--top\"><\/a><\/div><h4 style=\"text-align: center;\"><\/h4>\n<h3 style=\"text-align: center;\"><span style=\"color: #ff0000;\"><img loading=\"lazy\" decoding=\"async\" class=\"alignleft size-medium wp-image-4839\" src=\"https:\/\/adfformosa.com.ar\/wp-content\/uploads\/2017\/05\/miercoles-programa-167x300.jpg\" alt=\"miercoles programa\" width=\"167\" height=\"300\" srcset=\"https:\/\/adfformosa.com.ar\/wp-content\/uploads\/2017\/05\/miercoles-programa-167x300.jpg 167w, https:\/\/adfformosa.com.ar\/wp-content\/uploads\/2017\/05\/miercoles-programa.jpg 533w\" sizes=\"auto, (max-width: 167px) 100vw, 167px\" \/>Este mi\u00e9rcoles 17 en la \u00abEscuela P\u00fablica Itinerante\u00bb plaza San Mart\u00edn a partir de las 10 de la ma\u00f1ana.<\/span><\/h3>\n<p style=\"text-align: justify;\"><span style=\"text-decoration: underline; color: #ff0000;\"><strong>MI\u00c9RCOLES 17<\/strong><\/span><\/p>\n<div class=\"text_exposed_show\">\n<p style=\"text-align: justify;\"><span style=\"text-decoration: underline; color: #ff0000;\"><strong>A LA MA\u00d1ANA<\/strong><\/span><\/p>\n<p style=\"text-align: justify;\">\u25d8 10 hs &#8211; Actividad de Educaci\u00f3n F\u00edsica. Prof. Franco Acosta y Prof. Lucas Penayo<\/p>\n<p style=\"text-align: justify;\">\u25d8 10 hs Stand \u201cCampa\u00f1a Nacional de RCP (reanimaci\u00f3n cardio-pulmonar con las manos). Coordinaci\u00f3n de Educaci\u00f3n F\u00edsica de Formosa.<\/p>\n<p style=\"text-align: justify;\">\u25d8 11 hs &#8211; Actividad libre: La poes\u00eda, la prosa, en Aula -Lugar: Auditorio Prof. SUSANA RIOS<br \/>\n\u25d8 12 hs &#8211; Taller de t\u00edteres. Subsecretar\u00eda de Cultura (Fsa)<\/p>\n<p><span style=\"text-decoration: underline; color: #ff0000;\"><strong>A LA TARDE<\/strong><\/span><\/p>\n<p>\u25d814 hs \u2013 Taller de pintura y dibujo con los ni\u00f1os del Nivel Inicial. Prof Sebasti\u00e1n Orrego.<\/p>\n<p>\u25d816 hs &#8211; Clase p\u00fablica a cargo de la Universidad: \u201cEducaci\u00f3n Universitaria y proyecto pol\u00edtico-social. Claves de la agenda educativa actual\u201d. Lic. Adri\u00e1n Marcelo Muracciole . Lugar: Auditorio.<br \/>\n\u25d8 17 hs &#8211; Taller de percusi\u00f3n: \u201cNada grande se puede hacer desde la tristeza\u201d. Prof. Fredy Yahari.<\/p>\n<p>\u25d8 17 hs &#8211; Taller de danzas folcl\u00f3ricas: \u201cNuestras Danzas\u201d. Prof. Romina P\u00e9rez. Prof. Fernando Mu\u00f1oz.<\/p>\n<p>\u25d8 18 hs &#8211; Patio de estudio, consultas y asesoramiento para el Concurso de Ascenso de Jerarqu\u00eda Nivel Primario y Secundario en Formosa. Lic. Horacia Echeverr\u00eda y Prof. Alicia D\u00edaz.<\/p>\n<p>\u25d8 18 hs &#8211; Conversaciones con Marina: \u201cLos Medios Masivos de Comunicaci\u00f3n y su rol social en democracia\u201d. Lic. Marina Silveri. Lugar: Auditorio.<\/p>\n<p>\u25d8 19 hs &#8211; Cierre de jornada:<\/p>\n<p>Presentaci\u00f3n de coros escolares y Pe\u00f1as. Clara y Paula de la Biblioteca Santiago Renevot, Coros de la Subsecretar\u00eda de Cultura (Fsa), Pe\u00f1a \u201cIdentidad\u201d, entre otros.<\/p>\n<\/div>\n<p><img loading=\"lazy\" decoding=\"async\" class=\"alignleft size-medium wp-image-4839\" src=\"https:\/\/adfformosa.com.ar\/wp-content\/uploads\/2017\/05\/miercoles-programa-167x300.jpg\" alt=\"miercoles programa\" width=\"167\" height=\"300\" srcset=\"https:\/\/adfformosa.com.ar\/wp-content\/uploads\/2017\/05\/miercoles-programa-167x300.jpg 167w, https:\/\/adfformosa.com.ar\/wp-content\/uploads\/2017\/05\/miercoles-programa.jpg 533w\" sizes=\"auto, (max-width: 167px) 100vw, 167px\" \/><\/p>\n","protected":false},"excerpt":{"rendered":"<p>Este mi\u00e9rcoles 17 en la \u00abEscuela P\u00fablica Itinerante\u00bb plaza San Mart\u00edn a partir de las 10 de la ma\u00f1ana. MI\u00c9RCOLES 17 A LA MA\u00d1ANA \u25d8 10 hs &#8211; Actividad de&#8230; <span class=\"meta-more\"><a href=\"https:\/\/adfformosa.com.ar\/?p=4838\">Leer mas &raquo;<\/a><\/span><\/p>\n","protected":false},"author":3,"featured_media":4839,"comment_status":"open","ping_status":"closed","sticky":false,"template":"","format":"standard","meta":{"footnotes":""},"categories":[2],"tags":[],"class_list":["post-4838","post","type-post","status-publish","format-standard","has-post-thumbnail","hentry","category-prensa-adf","even alt"],"_links":{"self":[{"href":"https:\/\/adfformosa.com.ar\/index.php?rest_route=\/wp\/v2\/posts\/4838","targetHints":{"allow":["GET"]}}],"collection":[{"href":"https:\/\/adfformosa.com.ar\/index.php?rest_route=\/wp\/v2\/posts"}],"about":[{"href":"https:\/\/adfformosa.com.ar\/index.php?rest_route=\/wp\/v2\/types\/post"}],"author":[{"embeddable":true,"href":"https:\/\/adfformosa.com.ar\/index.php?rest_route=\/wp\/v2\/users\/3"}],"replies":[{"embeddable":true,"href":"https:\/\/adfformosa.com.ar\/index.php?rest_route=%2Fwp%2Fv2%2Fcomments&post=4838"}],"version-history":[{"count":1,"href":"https:\/\/adfformosa.com.ar\/index.php?rest_route=\/wp\/v2\/posts\/4838\/revisions"}],"predecessor-version":[{"id":4840,"href":"https:\/\/adfformosa.com.ar\/index.php?rest_route=\/wp\/v2\/posts\/4838\/revisions\/4840"}],"wp:featuredmedia":[{"embeddable":true,"href":"https:\/\/adfformosa.com.ar\/index.php?rest_route=\/wp\/v2\/media\/4839"}],"wp:attachment":[{"href":"https:\/\/adfformosa.com.ar\/index.php?rest_route=%2Fwp%2Fv2%2Fmedia&parent=4838"}],"wp:term":[{"taxonomy":"category","embeddable":true,"href":"https:\/\/adfformosa.com.ar\/index.php?rest_route=%2Fwp%2Fv2%2Fcategories&post=4838"},{"taxonomy":"post_tag","embeddable":true,"href":"https:\/\/adfformosa.com.ar\/index.php?rest_route=%2Fwp%2Fv2%2Ftags&post=4838"}],"curies":[{"name":"wp","href":"https:\/\/api.w.org\/{rel}","templated":true}]}}