{"id":4834,"date":"2017-05-15T19:18:31","date_gmt":"2017-05-15T22:18:31","guid":{"rendered":"http:\/\/adfformosa.com.ar\/?p=4834"},"modified":"2017-05-18T19:40:39","modified_gmt":"2017-05-18T22:40:39","slug":"martes-16-de-mayo-apertura-la-escuela-publica-itinerante-en-formosa","status":"publish","type":"post","link":"https:\/\/adfformosa.com.ar\/?p=4834","title":{"rendered":"Martes 16 de mayo apertura la \u00abEscuela P\u00fablica  Itinerante\u00bb en Formosa"},"content":{"rendered":"<div id=\"s-share-buttons\" class=\"horizontal-w-c-r-border s-share-w-c\"><a href=\"http:\/\/www.facebook.com\/sharer.php?u=https:\/\/adfformosa.com.ar\/?p=4834\" target=\"_blank\" title=\"Share to Facebook\" class=\"s3-facebook hint--top\"><\/a><a href=\"http:\/\/twitter.com\/intent\/tweet?text=Martes 16 de mayo apertura la \u00abEscuela P\u00fablica  Itinerante\u00bb en Formosa&url=https:\/\/adfformosa.com.ar\/?p=4834\" target=\"_blank\"  title=\"Share to Twitter\" class=\"s3-twitter hint--top\"><\/a><a href=\"https:\/\/plus.google.com\/share?url=https:\/\/adfformosa.com.ar\/?p=4834\" target=\"_blank\"  title=\"Share to Google Plus\" class=\"s3-google-plus hint--top\"><\/a><a href=\"http:\/\/www.digg.com\/submit?url=https:\/\/adfformosa.com.ar\/?p=4834\" target=\"_blank\"  title=\"Share to Digg\" class=\"s3-digg hint--top\"><\/a><a href=\"http:\/\/www.tumblr.com\/share\/link?url=https%3A%2F%2Fadfformosa.com.ar%2F%3Fp%3D4834&name=Martes+16+de+mayo+apertura+la+%C2%ABEscuela+P%C3%BAblica++Itinerante%C2%BB+en+Formosa\" target=\"_blank\" title=\"Share to Tumblr\" class=\"s3-tumblr hint--top\"><\/a><a href=\"mailto:?Subject=Martes%2016%20de%20mayo%20apertura%20la%20\u00abEscuela%20P\u00fablica%20%20Itinerante\u00bb%20en%20Formosa&Body=Here%20is%20the%20link%20to%20the%20article:%20https:\/\/adfformosa.com.ar\/?p=4834\" title=\"Email this article\" class=\"s3-email hint--top\"><\/a><\/div><p style=\"text-align: justify;\"><img loading=\"lazy\" decoding=\"async\" class=\"alignleft size-medium wp-image-4835\" src=\"https:\/\/adfformosa.com.ar\/wp-content\/uploads\/2017\/05\/apertura-167x300.jpg\" alt=\"apertura\" width=\"167\" height=\"300\" srcset=\"https:\/\/adfformosa.com.ar\/wp-content\/uploads\/2017\/05\/apertura-167x300.jpg 167w, https:\/\/adfformosa.com.ar\/wp-content\/uploads\/2017\/05\/apertura.jpg 533w\" sizes=\"auto, (max-width: 167px) 100vw, 167px\" \/>PROGRAMA DE APERTURA DE LA ESCUELA ITINERANTE EN FORMOSA<\/p>\n<p><strong><span style=\"text-decoration: underline;\">A partir de las 10\u00a0<\/span><\/strong><\/p>\n<p>Proclama de la alumna Luc\u00eda Arzamendia Presidenta del Centro de Estudiantes de la EPT N\u00b01 \u201cLa Escuela P\u00fablica que queremos\u201d<br \/>\nProclama de un alumno del nivel superior: Federico Ch\u00e1vez<br \/>\nReferente del cuerpo de delegados del ISFDyT \u201cF\u00e9lix Atilio Cabrera\u201d<span class=\"text_exposed_show\"><br \/>\nPalabras del Secretario General de ADF, Luis Branchi<\/p>\n<p><span style=\"text-decoration: underline; color: #000000;\">Actividades paralelas <\/span><\/p>\n<p>10 H\u2013 Radio Abierta de la EPEP N\u00b02 a cargo de la Profesora Angie Medina<br \/>\n10 H \u2013 Stand \u201cCampa\u00f1a Nacional de RCP- Reanimaci\u00f3n cardio pulmonar con las manos-a cargo del Dpto de Coordinaci\u00f3n de Educaci\u00f3n F\u00edsica Fsa.<br \/>\n10 H- Actividades de educaci\u00f3n F\u00edsica a cargo de los Profesores: Franco Acosta y Lucas Penayo.<\/p>\n<p>11 H- Disertaci\u00f3n sobre \u201cLey de Financiamiento Educativo\u201d a cargo de Luis Branchi- Secretario Gral de ADF<br \/>\n12 H- Homenaje a los ex caminantes de la \u201cMarcha Blanca\u201d a\u00f1o 1988 y ex ayunantes de la \u201cCarpa Blanca\u201d 1997- Video y entrega de reconocimientos a cargo de la Licenciada Horacia Echeverr\u00eda y Mart\u00edn Retamoza.<\/p>\n<p><strong><span style=\"text-decoration: underline;\">Por la tarde<\/span><\/strong><\/p>\n<p>15 H &#8211; Taller de Teatro a cargo de la Subsecretar\u00eda de Cultura de la provincia<\/p>\n<p>15 H- Taller participativo con din\u00e1mica de juegos y su valor en la ense\u00f1anza \u2013 A cargo de la profesora Alejandra Ben\u00edtez.<\/p>\n<p>16 H- En el auditorio \u201cHistoria del sindicalismo docente: derechos y conquistas\u201d<br \/>\nA cargo de Luis Branchi; Rub\u00e9n D\u00edaz ADF y Compa\u00f1eros\/as del gremio ADF que hicieron historia .<br \/>\n17 H- Clase p\u00fablica: \u00abLos cuentos prohibidos y su contenido social en la formaci\u00f3n del ciudadano\u201d. Prof. Susana R\u00edos<\/p>\n<p>18 H- Patio de estudio, consultas y asesoramiento para el concurso de ascenso de jerarqu\u00eda de los niveles primario y secundario a cargo de la Licenciada Horacia Echeverr\u00eda y Profesora Alicia D\u00edaz.<\/p>\n<p>18 H \u2013 En el auditorio: \u201cLa Educaci\u00f3n Hospitalaria y Domiciliaria: su valor social\u201da cargo de la Profesora Mar\u00eda de los \u00c1ngeles Romero.<\/p>\n<p>19 H- Cierre de la jornada: Melod\u00edas de nuestro Pueblo- Bienvenida a la escuelita con la Pe\u00f1a \u201cAires de mi Tierra\u201d; Chano Fern\u00e1ndez, entre otros.<\/span><\/p>\n<p style=\"text-align: justify;\">\n<p style=\"text-align: justify;\">\n","protected":false},"excerpt":{"rendered":"<p>PROGRAMA DE APERTURA DE LA ESCUELA ITINERANTE EN FORMOSA A partir de las 10\u00a0 Proclama de la alumna Luc\u00eda Arzamendia Presidenta del Centro de Estudiantes de la EPT N\u00b01 \u201cLa&#8230; <span class=\"meta-more\"><a href=\"https:\/\/adfformosa.com.ar\/?p=4834\">Leer mas &raquo;<\/a><\/span><\/p>\n","protected":false},"author":3,"featured_media":4836,"comment_status":"open","ping_status":"closed","sticky":false,"template":"","format":"standard","meta":{"footnotes":""},"categories":[2],"tags":[],"class_list":["post-4834","post","type-post","status-publish","format-standard","has-post-thumbnail","hentry","category-prensa-adf","even alt"],"_links":{"self":[{"href":"https:\/\/adfformosa.com.ar\/index.php?rest_route=\/wp\/v2\/posts\/4834","targetHints":{"allow":["GET"]}}],"collection":[{"href":"https:\/\/adfformosa.com.ar\/index.php?rest_route=\/wp\/v2\/posts"}],"about":[{"href":"https:\/\/adfformosa.com.ar\/index.php?rest_route=\/wp\/v2\/types\/post"}],"author":[{"embeddable":true,"href":"https:\/\/adfformosa.com.ar\/index.php?rest_route=\/wp\/v2\/users\/3"}],"replies":[{"embeddable":true,"href":"https:\/\/adfformosa.com.ar\/index.php?rest_route=%2Fwp%2Fv2%2Fcomments&post=4834"}],"version-history":[{"count":1,"href":"https:\/\/adfformosa.com.ar\/index.php?rest_route=\/wp\/v2\/posts\/4834\/revisions"}],"predecessor-version":[{"id":4837,"href":"https:\/\/adfformosa.com.ar\/index.php?rest_route=\/wp\/v2\/posts\/4834\/revisions\/4837"}],"wp:featuredmedia":[{"embeddable":true,"href":"https:\/\/adfformosa.com.ar\/index.php?rest_route=\/wp\/v2\/media\/4836"}],"wp:attachment":[{"href":"https:\/\/adfformosa.com.ar\/index.php?rest_route=%2Fwp%2Fv2%2Fmedia&parent=4834"}],"wp:term":[{"taxonomy":"category","embeddable":true,"href":"https:\/\/adfformosa.com.ar\/index.php?rest_route=%2Fwp%2Fv2%2Fcategories&post=4834"},{"taxonomy":"post_tag","embeddable":true,"href":"https:\/\/adfformosa.com.ar\/index.php?rest_route=%2Fwp%2Fv2%2Ftags&post=4834"}],"curies":[{"name":"wp","href":"https:\/\/api.w.org\/{rel}","templated":true}]}}