{"id":4825,"date":"2017-04-12T12:54:25","date_gmt":"2017-04-12T15:54:25","guid":{"rendered":"http:\/\/adfformosa.com.ar\/?p=4825"},"modified":"2017-04-12T15:16:22","modified_gmt":"2017-04-12T18:16:22","slug":"aumento-salarial-2017","status":"publish","type":"post","link":"https:\/\/adfformosa.com.ar\/?p=4825","title":{"rendered":"Aumento salarial 2017"},"content":{"rendered":"<div id=\"s-share-buttons\" class=\"horizontal-w-c-r-border s-share-w-c\"><a href=\"http:\/\/www.facebook.com\/sharer.php?u=https:\/\/adfformosa.com.ar\/?p=4825\" target=\"_blank\" title=\"Share to Facebook\" class=\"s3-facebook hint--top\"><\/a><a href=\"http:\/\/twitter.com\/intent\/tweet?text=Aumento salarial 2017&url=https:\/\/adfformosa.com.ar\/?p=4825\" target=\"_blank\"  title=\"Share to Twitter\" class=\"s3-twitter hint--top\"><\/a><a href=\"https:\/\/plus.google.com\/share?url=https:\/\/adfformosa.com.ar\/?p=4825\" target=\"_blank\"  title=\"Share to Google Plus\" class=\"s3-google-plus hint--top\"><\/a><a href=\"http:\/\/www.digg.com\/submit?url=https:\/\/adfformosa.com.ar\/?p=4825\" target=\"_blank\"  title=\"Share to Digg\" class=\"s3-digg hint--top\"><\/a><a href=\"http:\/\/www.tumblr.com\/share\/link?url=https%3A%2F%2Fadfformosa.com.ar%2F%3Fp%3D4825&name=Aumento+salarial+2017\" target=\"_blank\" title=\"Share to Tumblr\" class=\"s3-tumblr hint--top\"><\/a><a href=\"mailto:?Subject=Aumento%20salarial%202017&Body=Here%20is%20the%20link%20to%20the%20article:%20https:\/\/adfformosa.com.ar\/?p=4825\" title=\"Email this article\" class=\"s3-email hint--top\"><\/a><\/div><div id=\"attachment_4826\" style=\"width: 179px\" class=\"wp-caption alignleft\"><img loading=\"lazy\" decoding=\"async\" aria-describedby=\"caption-attachment-4826\" class=\"wp-image-4826 size-medium\" src=\"https:\/\/adfformosa.com.ar\/wp-content\/uploads\/2017\/04\/aumento-salarial-2017-169x300.jpg\" alt=\"\" width=\"169\" height=\"300\" srcset=\"https:\/\/adfformosa.com.ar\/wp-content\/uploads\/2017\/04\/aumento-salarial-2017-169x300.jpg 169w, https:\/\/adfformosa.com.ar\/wp-content\/uploads\/2017\/04\/aumento-salarial-2017.jpg 540w\" sizes=\"auto, (max-width: 169px) 100vw, 169px\" \/><p id=\"caption-attachment-4826\" class=\"wp-caption-text\">Aumento salarial #Formosa 2017<\/p><\/div>\n<p>El Gobernador Insfr\u00e1n realiz\u00f3 este mediod\u00eda el anuncio de un aumento salarial para los empleados p\u00fablicos provinciales y para el sector docente.<\/p>\n<p>Luis Branchi, Secretario Ge<span class=\"text_exposed_show\">neral de la Agremiaci\u00f3n del Docente Formose\u00f1o estuvo en Casa de Gobierno acompa\u00f1ado por la Secretaria Adjunta del Gremio,Mirta M\u00e1rquez y miembros de la Junta Directiva.<\/span><\/p>\n<div class=\"text_exposed_show\">\n<p>Luego de una reuni\u00f3n con representantes del sector gremial, Insfr\u00e1n anunci\u00f3 que se estableci\u00f3 un incremento en los sueldos ,que para el escalaf\u00f3n docente, qued\u00f3 establecido de acuerdo al siguiente detalle:<br \/>\nSe dispone la incorporaci\u00f3n al b\u00e1sico de los siguientes importes a partir de los per\u00edodos que se indican y el nuevo valor del punto \u00edndice resultante:<\/p>\n<p>Marzo: se incorporan 650 pesos \u00a0correspondiente a la garant\u00eda salarial 2015, resultando el valor del punto \u00edndice en $23, 4960.<\/p>\n<p>Julio: se incorporan 145 pesos &#8211; saldo garantia 2015- y $355,00 de la garant\u00eda salarial 2016, resultando el valor del punto \u00edndice en $26,0086.<\/p>\n<p>Septiembre: se incorporan 290 pesos correspondiente a la garant\u00eda salarial 2016, resultando el valor del punto \u00edndice en $27,4659.<\/p>\n<p>Estos incrementos se extienden a los agentes pasivos docentes de la CPS.<\/p>\n<p>Adem\u00e1s, se dispuso la asignaci\u00f3n de una suma no remunerativa -a garant\u00eda salarial 2017 \u2013 para el personal activo del escalaf\u00f3n docente de los siguientes importes a partir de los per\u00edodos que se indican:<\/p>\n<p>Marzo: $1.134,00<\/p>\n<p>Julio: $1.181,00<\/p>\n<p>Septiembre: $1.229,00<\/p>\n<p><strong>Las diferencias salariales retroactivas, al mes de marzo, ser\u00e1n abonadas juntamente con los haberes del mes de abril.<\/strong><\/p>\n<\/div>\n","protected":false},"excerpt":{"rendered":"<p>El Gobernador Insfr\u00e1n realiz\u00f3 este mediod\u00eda el anuncio de un aumento salarial para los empleados p\u00fablicos provinciales y para el sector docente. Luis Branchi, Secretario General de la Agremiaci\u00f3n del&#8230; <span class=\"meta-more\"><a href=\"https:\/\/adfformosa.com.ar\/?p=4825\">Leer mas &raquo;<\/a><\/span><\/p>\n","protected":false},"author":3,"featured_media":4826,"comment_status":"open","ping_status":"closed","sticky":false,"template":"","format":"standard","meta":{"footnotes":""},"categories":[2],"tags":[],"class_list":["post-4825","post","type-post","status-publish","format-standard","has-post-thumbnail","hentry","category-prensa-adf","even alt"],"_links":{"self":[{"href":"https:\/\/adfformosa.com.ar\/index.php?rest_route=\/wp\/v2\/posts\/4825","targetHints":{"allow":["GET"]}}],"collection":[{"href":"https:\/\/adfformosa.com.ar\/index.php?rest_route=\/wp\/v2\/posts"}],"about":[{"href":"https:\/\/adfformosa.com.ar\/index.php?rest_route=\/wp\/v2\/types\/post"}],"author":[{"embeddable":true,"href":"https:\/\/adfformosa.com.ar\/index.php?rest_route=\/wp\/v2\/users\/3"}],"replies":[{"embeddable":true,"href":"https:\/\/adfformosa.com.ar\/index.php?rest_route=%2Fwp%2Fv2%2Fcomments&post=4825"}],"version-history":[{"count":3,"href":"https:\/\/adfformosa.com.ar\/index.php?rest_route=\/wp\/v2\/posts\/4825\/revisions"}],"predecessor-version":[{"id":4832,"href":"https:\/\/adfformosa.com.ar\/index.php?rest_route=\/wp\/v2\/posts\/4825\/revisions\/4832"}],"wp:featuredmedia":[{"embeddable":true,"href":"https:\/\/adfformosa.com.ar\/index.php?rest_route=\/wp\/v2\/media\/4826"}],"wp:attachment":[{"href":"https:\/\/adfformosa.com.ar\/index.php?rest_route=%2Fwp%2Fv2%2Fmedia&parent=4825"}],"wp:term":[{"taxonomy":"category","embeddable":true,"href":"https:\/\/adfformosa.com.ar\/index.php?rest_route=%2Fwp%2Fv2%2Fcategories&post=4825"},{"taxonomy":"post_tag","embeddable":true,"href":"https:\/\/adfformosa.com.ar\/index.php?rest_route=%2Fwp%2Fv2%2Ftags&post=4825"}],"curies":[{"name":"wp","href":"https:\/\/api.w.org\/{rel}","templated":true}]}}