{"id":4820,"date":"2017-03-20T20:07:10","date_gmt":"2017-03-20T23:07:10","guid":{"rendered":"http:\/\/adfformosa.com.ar\/?p=4820"},"modified":"2017-03-28T21:02:31","modified_gmt":"2017-03-29T00:02:31","slug":"adf-presento-un-proyecto-de-decreto-sobre-violencia-de-genero","status":"publish","type":"post","link":"https:\/\/adfformosa.com.ar\/?p=4820","title":{"rendered":"ADF present\u00f3 un proyecto de Decreto sobre \u00abViolencia de G\u00e9nero\u00bb"},"content":{"rendered":"<div id=\"s-share-buttons\" class=\"horizontal-w-c-r-border s-share-w-c\"><a href=\"http:\/\/www.facebook.com\/sharer.php?u=https:\/\/adfformosa.com.ar\/?p=4820\" target=\"_blank\" title=\"Share to Facebook\" class=\"s3-facebook hint--top\"><\/a><a href=\"http:\/\/twitter.com\/intent\/tweet?text=ADF present\u00f3 un proyecto de Decreto sobre \u00abViolencia de G\u00e9nero\u00bb&url=https:\/\/adfformosa.com.ar\/?p=4820\" target=\"_blank\"  title=\"Share to Twitter\" class=\"s3-twitter hint--top\"><\/a><a href=\"https:\/\/plus.google.com\/share?url=https:\/\/adfformosa.com.ar\/?p=4820\" target=\"_blank\"  title=\"Share to Google Plus\" class=\"s3-google-plus hint--top\"><\/a><a href=\"http:\/\/www.digg.com\/submit?url=https:\/\/adfformosa.com.ar\/?p=4820\" target=\"_blank\"  title=\"Share to Digg\" class=\"s3-digg hint--top\"><\/a><a href=\"http:\/\/www.tumblr.com\/share\/link?url=https%3A%2F%2Fadfformosa.com.ar%2F%3Fp%3D4820&name=ADF+present%C3%B3+un+proyecto+de+Decreto+sobre+%C2%ABViolencia+de+G%C3%A9nero%C2%BB\" target=\"_blank\" title=\"Share to Tumblr\" class=\"s3-tumblr hint--top\"><\/a><a href=\"mailto:?Subject=ADF%20present\u00f3%20un%20proyecto%20de%20Decreto%20sobre%20\u00abViolencia%20de%20G\u00e9nero\u00bb&Body=Here%20is%20the%20link%20to%20the%20article:%20https:\/\/adfformosa.com.ar\/?p=4820\" title=\"Email this article\" class=\"s3-email hint--top\"><\/a><\/div><p>La Agremiaci\u00f3n del Docente Formose\u00f1o elabor\u00f3 un Proyecto de Decreto que asegure el derecho a la mujer trabajadora de la educaci\u00f3n y otras actividades en relaci\u00f3n de dependencia con la Administraci\u00f3n P\u00fablica Provincial a usufructuar licencia por razones de violencia de g\u00e9nero en cualquiera de sus formas.<\/p>\n<p>El Licenciado Rub\u00e9n Esteban D\u00edaz inform\u00f3 que la \u00abLey Nacional N\u00b026.485 define claramente los tipos de violencia contra la mujer en su art\u00edculo 5to y ellos no est\u00e1n encuadrados en ning\u00fan art\u00edculo del Decreto N\u00b0572\/85 R\u00e9gimen de Licencias,Justificaciones y Franquicias para el personal docente provincial\u00bb y que \u00abse hace imperiosa la necesidad de avanzar en nuestra legislaci\u00f3n y no ser c\u00f3mplices silenciosos de la violencia contra la mujer en cualquiera de sus formas\u00bb.<\/p>\n<h3 style=\"text-align: center;\"><img loading=\"lazy\" decoding=\"async\" class=\"aligncenter wp-image-4821 size-full\" src=\"https:\/\/adfformosa.com.ar\/wp-content\/uploads\/2017\/03\/dina-y-el-profe-1-e1490745737941.jpg\" alt=\"\" width=\"400\" height=\"720\" \/><span style=\"color: #ff0000;\">La normativa vela por la permanencia de las mujeres v\u00edctimas de este delito en sus lugares de trabajo, en el sistema educativo y en otros espacios sociales<\/span><\/h3>\n<p>El trabajo fue presentado al Poder Ejecutivo en el a\u00f1o 2016 y establece un conjunto de medidas para proteger a las v\u00edctimas garantizando su continuidad laboral.<\/p>\n<p>D\u00edaz dijo que \u00abel texto presentado contiene 7 art\u00edculos que contempla varios apartados para agregar al Art\u00edculo 3 y 4to de la Ley 572\/85 que garantizar\u00e1 por ejemplo licencia desde 45 d\u00edas corridos o discontinuos por a\u00f1o calendario con percepci\u00f3n \u00edntegra de haberes; que se deber\u00e1 acompa\u00f1ar \u00a0la denuncia policial y\/o judicial correspondiente al hecho sufrido;se podr\u00e1 permutar el cargo;solicitar ubicaci\u00f3n transitoria en otro establecimiento o dependencia de otra localidad en resguardo de su integridad f\u00edsica o ps\u00edquica.\u00bb<\/p>\n<p>Son algunos de los aspectos principales del Proyecto que dio a conocer el Licenciado D\u00edaz y ahond\u00f3 en datos estad\u00edsticos preocupantes que indican que solo en el 2015 en Formosa se registraron 1114 denuncias y el 50,36% presentaron violencia f\u00edsica y psicol\u00f3gica.<\/p>\n<p>Para el Proyecto se trabaj\u00f3 en forma conjunta con el Departamento de G\u00e9nero de la Agremiaci\u00f3n \u00a0y servir\u00e1 para que la v\u00edctima \u201ctenga el resguardo suficiente por parte del Estado como herramienta en el avance hacia la erradicaci\u00f3n de la violencia de g\u00e9nero\u00bb finaliz\u00f3 D\u00edaz.<\/p>\n<p>&nbsp;<\/p>\n","protected":false},"excerpt":{"rendered":"<p>La Agremiaci\u00f3n del Docente Formose\u00f1o elabor\u00f3 un Proyecto de Decreto que asegure el derecho a la mujer trabajadora de la educaci\u00f3n y otras actividades en relaci\u00f3n de dependencia con la&#8230; <span class=\"meta-more\"><a href=\"https:\/\/adfformosa.com.ar\/?p=4820\">Leer mas &raquo;<\/a><\/span><\/p>\n","protected":false},"author":3,"featured_media":4821,"comment_status":"open","ping_status":"closed","sticky":false,"template":"","format":"standard","meta":{"footnotes":""},"categories":[2],"tags":[],"class_list":["post-4820","post","type-post","status-publish","format-standard","has-post-thumbnail","hentry","category-prensa-adf","even alt"],"_links":{"self":[{"href":"https:\/\/adfformosa.com.ar\/index.php?rest_route=\/wp\/v2\/posts\/4820","targetHints":{"allow":["GET"]}}],"collection":[{"href":"https:\/\/adfformosa.com.ar\/index.php?rest_route=\/wp\/v2\/posts"}],"about":[{"href":"https:\/\/adfformosa.com.ar\/index.php?rest_route=\/wp\/v2\/types\/post"}],"author":[{"embeddable":true,"href":"https:\/\/adfformosa.com.ar\/index.php?rest_route=\/wp\/v2\/users\/3"}],"replies":[{"embeddable":true,"href":"https:\/\/adfformosa.com.ar\/index.php?rest_route=%2Fwp%2Fv2%2Fcomments&post=4820"}],"version-history":[{"count":3,"href":"https:\/\/adfformosa.com.ar\/index.php?rest_route=\/wp\/v2\/posts\/4820\/revisions"}],"predecessor-version":[{"id":4824,"href":"https:\/\/adfformosa.com.ar\/index.php?rest_route=\/wp\/v2\/posts\/4820\/revisions\/4824"}],"wp:featuredmedia":[{"embeddable":true,"href":"https:\/\/adfformosa.com.ar\/index.php?rest_route=\/wp\/v2\/media\/4821"}],"wp:attachment":[{"href":"https:\/\/adfformosa.com.ar\/index.php?rest_route=%2Fwp%2Fv2%2Fmedia&parent=4820"}],"wp:term":[{"taxonomy":"category","embeddable":true,"href":"https:\/\/adfformosa.com.ar\/index.php?rest_route=%2Fwp%2Fv2%2Fcategories&post=4820"},{"taxonomy":"post_tag","embeddable":true,"href":"https:\/\/adfformosa.com.ar\/index.php?rest_route=%2Fwp%2Fv2%2Ftags&post=4820"}],"curies":[{"name":"wp","href":"https:\/\/api.w.org\/{rel}","templated":true}]}}