{"id":4816,"date":"2017-03-28T20:06:24","date_gmt":"2017-03-28T23:06:24","guid":{"rendered":"http:\/\/adfformosa.com.ar\/?p=4816"},"modified":"2017-03-28T20:06:24","modified_gmt":"2017-03-28T23:06:24","slug":"paro-del-30-marzo-adf-no-realizara-medida-de-fuerza","status":"publish","type":"post","link":"https:\/\/adfformosa.com.ar\/?p=4816","title":{"rendered":"Paro del 30 marzo: ADF no realizar\u00e1 medida de fuerza"},"content":{"rendered":"<div id=\"s-share-buttons\" class=\"horizontal-w-c-r-border s-share-w-c\"><a href=\"http:\/\/www.facebook.com\/sharer.php?u=https:\/\/adfformosa.com.ar\/?p=4816\" target=\"_blank\" title=\"Share to Facebook\" class=\"s3-facebook hint--top\"><\/a><a href=\"http:\/\/twitter.com\/intent\/tweet?text=Paro del 30 marzo: ADF no realizar\u00e1 medida de fuerza&url=https:\/\/adfformosa.com.ar\/?p=4816\" target=\"_blank\"  title=\"Share to Twitter\" class=\"s3-twitter hint--top\"><\/a><a href=\"https:\/\/plus.google.com\/share?url=https:\/\/adfformosa.com.ar\/?p=4816\" target=\"_blank\"  title=\"Share to Google Plus\" class=\"s3-google-plus hint--top\"><\/a><a href=\"http:\/\/www.digg.com\/submit?url=https:\/\/adfformosa.com.ar\/?p=4816\" target=\"_blank\"  title=\"Share to Digg\" class=\"s3-digg hint--top\"><\/a><a href=\"http:\/\/www.tumblr.com\/share\/link?url=https%3A%2F%2Fadfformosa.com.ar%2F%3Fp%3D4816&name=Paro+del+30+marzo%3A+ADF+no+realizar%C3%A1+medida+de+fuerza\" target=\"_blank\" title=\"Share to Tumblr\" class=\"s3-tumblr hint--top\"><\/a><a href=\"mailto:?Subject=Paro%20del%2030%20marzo:%20ADF%20no%20realizar\u00e1%20medida%20de%20fuerza&Body=Here%20is%20the%20link%20to%20the%20article:%20https:\/\/adfformosa.com.ar\/?p=4816\" title=\"Email this article\" class=\"s3-email hint--top\"><\/a><\/div><h4><strong><img loading=\"lazy\" decoding=\"async\" class=\"aligncenter wp-image-4817 size-full\" src=\"https:\/\/adfformosa.com.ar\/wp-content\/uploads\/2017\/03\/CTA-PARO-e1490742354977.jpg\" alt=\"\" width=\"600\" height=\"236\" \/>Formosa, 28 de marzo de 2017<\/strong><\/h4>\n<h4><strong>La Agremiaci\u00f3n del Docente Formose\u00f1o informa que el d\u00eda 30 de marzo no realizar\u00e1 medida de fuerza pero estar\u00e1 acompa\u00f1ando la marcha en Plaza de Mayo convocada por ambas CTA.<\/strong><\/h4>\n<h4><strong>El paro que se menciona en la Resoluci\u00f3n de la CTERA del d\u00eda 23 ser\u00e1 para aquellas provincias que ya vienen en conflicto.<\/strong><\/h4>\n<div class=\"text_exposed_show\">\n<h4><strong>El PARO NACIONAL, es el d\u00eda 6 de abril convocados por la CGT y las CTA a la cual adherimos.<\/strong><\/h4>\n<h4><strong>Junta Directiva de ADF<\/strong><br \/>\n<strong>Luis Branchi-Secretario General<\/strong><br \/>\n<strong>Mirta Marquez-Secretaria General Adjunta.<\/strong><\/h4>\n<\/div>\n","protected":false},"excerpt":{"rendered":"<p>Formosa, 28 de marzo de 2017 La Agremiaci\u00f3n del Docente Formose\u00f1o informa que el d\u00eda 30 de marzo no realizar\u00e1 medida de fuerza pero estar\u00e1 acompa\u00f1ando la marcha en Plaza&#8230; <span class=\"meta-more\"><a href=\"https:\/\/adfformosa.com.ar\/?p=4816\">Leer mas &raquo;<\/a><\/span><\/p>\n","protected":false},"author":3,"featured_media":4817,"comment_status":"open","ping_status":"closed","sticky":false,"template":"","format":"standard","meta":{"footnotes":""},"categories":[2],"tags":[],"class_list":["post-4816","post","type-post","status-publish","format-standard","has-post-thumbnail","hentry","category-prensa-adf","even alt"],"_links":{"self":[{"href":"https:\/\/adfformosa.com.ar\/index.php?rest_route=\/wp\/v2\/posts\/4816","targetHints":{"allow":["GET"]}}],"collection":[{"href":"https:\/\/adfformosa.com.ar\/index.php?rest_route=\/wp\/v2\/posts"}],"about":[{"href":"https:\/\/adfformosa.com.ar\/index.php?rest_route=\/wp\/v2\/types\/post"}],"author":[{"embeddable":true,"href":"https:\/\/adfformosa.com.ar\/index.php?rest_route=\/wp\/v2\/users\/3"}],"replies":[{"embeddable":true,"href":"https:\/\/adfformosa.com.ar\/index.php?rest_route=%2Fwp%2Fv2%2Fcomments&post=4816"}],"version-history":[{"count":1,"href":"https:\/\/adfformosa.com.ar\/index.php?rest_route=\/wp\/v2\/posts\/4816\/revisions"}],"predecessor-version":[{"id":4818,"href":"https:\/\/adfformosa.com.ar\/index.php?rest_route=\/wp\/v2\/posts\/4816\/revisions\/4818"}],"wp:featuredmedia":[{"embeddable":true,"href":"https:\/\/adfformosa.com.ar\/index.php?rest_route=\/wp\/v2\/media\/4817"}],"wp:attachment":[{"href":"https:\/\/adfformosa.com.ar\/index.php?rest_route=%2Fwp%2Fv2%2Fmedia&parent=4816"}],"wp:term":[{"taxonomy":"category","embeddable":true,"href":"https:\/\/adfformosa.com.ar\/index.php?rest_route=%2Fwp%2Fv2%2Fcategories&post=4816"},{"taxonomy":"post_tag","embeddable":true,"href":"https:\/\/adfformosa.com.ar\/index.php?rest_route=%2Fwp%2Fv2%2Ftags&post=4816"}],"curies":[{"name":"wp","href":"https:\/\/api.w.org\/{rel}","templated":true}]}}