{"id":4811,"date":"2017-03-22T18:16:53","date_gmt":"2017-03-22T21:16:53","guid":{"rendered":"http:\/\/adfformosa.com.ar\/?p=4811"},"modified":"2017-03-26T18:24:32","modified_gmt":"2017-03-26T21:24:32","slug":"sonia-alesso-secretaria-general-de-ctera-en-plaza-de-mayo","status":"publish","type":"post","link":"https:\/\/adfformosa.com.ar\/?p=4811","title":{"rendered":"Sonia Alesso ,Secretaria General de CTERA en Plaza de Mayo"},"content":{"rendered":"<div id=\"s-share-buttons\" class=\"horizontal-w-c-r-border s-share-w-c\"><a href=\"http:\/\/www.facebook.com\/sharer.php?u=https:\/\/adfformosa.com.ar\/?p=4811\" target=\"_blank\" title=\"Share to Facebook\" class=\"s3-facebook hint--top\"><\/a><a href=\"http:\/\/twitter.com\/intent\/tweet?text=Sonia Alesso ,Secretaria General de CTERA en Plaza de Mayo&url=https:\/\/adfformosa.com.ar\/?p=4811\" target=\"_blank\"  title=\"Share to Twitter\" class=\"s3-twitter hint--top\"><\/a><a href=\"https:\/\/plus.google.com\/share?url=https:\/\/adfformosa.com.ar\/?p=4811\" target=\"_blank\"  title=\"Share to Google Plus\" class=\"s3-google-plus hint--top\"><\/a><a href=\"http:\/\/www.digg.com\/submit?url=https:\/\/adfformosa.com.ar\/?p=4811\" target=\"_blank\"  title=\"Share to Digg\" class=\"s3-digg hint--top\"><\/a><a href=\"http:\/\/www.tumblr.com\/share\/link?url=https%3A%2F%2Fadfformosa.com.ar%2F%3Fp%3D4811&name=Sonia+Alesso+%2CSecretaria+General+de+CTERA+en+Plaza+de+Mayo\" target=\"_blank\" title=\"Share to Tumblr\" class=\"s3-tumblr hint--top\"><\/a><a href=\"mailto:?Subject=Sonia%20Alesso%20,Secretaria%20General%20de%20CTERA%20en%20Plaza%20de%20Mayo&Body=Here%20is%20the%20link%20to%20the%20article:%20https:\/\/adfformosa.com.ar\/?p=4811\" title=\"Email this article\" class=\"s3-email hint--top\"><\/a><\/div><p><img loading=\"lazy\" decoding=\"async\" class=\"aligncenter wp-image-4779 size-medium\" src=\"https:\/\/adfformosa.com.ar\/wp-content\/uploads\/2017\/03\/marcha-del-6-300x169.jpg\" alt=\"\" width=\"300\" height=\"169\" \/><\/p>\n<p><em><span style=\"color: #0000ff;\">\u00abEs para nosotros una gran alegr\u00eda poder sostener que los maestros ense<span class=\"text_exposed_show\">\u00f1amos, que los maestros ense\u00f1amos valores, que en la escuela nos importa la solidaridad, nos importa el otro, nos importa el respeto, la democracia, la justicia y la igualdad. No es lo mismo valor que precio, lo dice esta canci\u00f3n maravillosa. Los maestros tenemos valores. Ellos est\u00e1n muy acostumbrados a los que tienen precio.<br \/>\nPor eso no nos rendimos. Por eso no nos arrodillamos. Por eso esta dignidad blanca, esta dignidad que recorri\u00f3 pueblos. Que hizo movilizaciones, marchas, que visit\u00f3 a los vecinos, que realiz\u00f3 clases p\u00fablicas; marchas de antorchas y una cantidad de acciones en cada lugar del pa\u00eds que fue construyendo esta gran marcha.\u00bb<\/span><\/span><\/em><\/p>\n<blockquote>\n<hr \/>\n<h3><span style=\"color: #000080;\">\u00a0VIDEO<\/span><\/h3>\n<p>&nbsp;<\/p><\/blockquote>\n<p><iframe loading=\"lazy\" title=\"Marcha Federal Docente\" width=\"500\" height=\"375\" src=\"https:\/\/www.youtube.com\/embed\/dPRI7o_ED1Y?feature=oembed\" frameborder=\"0\" allow=\"accelerometer; autoplay; clipboard-write; encrypted-media; gyroscope; picture-in-picture; web-share\" referrerpolicy=\"strict-origin-when-cross-origin\" allowfullscreen><\/iframe><\/p>\n","protected":false},"excerpt":{"rendered":"<p>\u00abEs para nosotros una gran alegr\u00eda poder sostener que los maestros ense\u00f1amos, que los maestros ense\u00f1amos valores, que en la escuela nos importa la solidaridad, nos importa el otro, nos&#8230; <span class=\"meta-more\"><a href=\"https:\/\/adfformosa.com.ar\/?p=4811\">Leer mas &raquo;<\/a><\/span><\/p>\n","protected":false},"author":3,"featured_media":4597,"comment_status":"open","ping_status":"closed","sticky":false,"template":"","format":"standard","meta":{"footnotes":""},"categories":[2],"tags":[],"class_list":["post-4811","post","type-post","status-publish","format-standard","has-post-thumbnail","hentry","category-prensa-adf","even alt"],"_links":{"self":[{"href":"https:\/\/adfformosa.com.ar\/index.php?rest_route=\/wp\/v2\/posts\/4811","targetHints":{"allow":["GET"]}}],"collection":[{"href":"https:\/\/adfformosa.com.ar\/index.php?rest_route=\/wp\/v2\/posts"}],"about":[{"href":"https:\/\/adfformosa.com.ar\/index.php?rest_route=\/wp\/v2\/types\/post"}],"author":[{"embeddable":true,"href":"https:\/\/adfformosa.com.ar\/index.php?rest_route=\/wp\/v2\/users\/3"}],"replies":[{"embeddable":true,"href":"https:\/\/adfformosa.com.ar\/index.php?rest_route=%2Fwp%2Fv2%2Fcomments&post=4811"}],"version-history":[{"count":3,"href":"https:\/\/adfformosa.com.ar\/index.php?rest_route=\/wp\/v2\/posts\/4811\/revisions"}],"predecessor-version":[{"id":4815,"href":"https:\/\/adfformosa.com.ar\/index.php?rest_route=\/wp\/v2\/posts\/4811\/revisions\/4815"}],"wp:featuredmedia":[{"embeddable":true,"href":"https:\/\/adfformosa.com.ar\/index.php?rest_route=\/wp\/v2\/media\/4597"}],"wp:attachment":[{"href":"https:\/\/adfformosa.com.ar\/index.php?rest_route=%2Fwp%2Fv2%2Fmedia&parent=4811"}],"wp:term":[{"taxonomy":"category","embeddable":true,"href":"https:\/\/adfformosa.com.ar\/index.php?rest_route=%2Fwp%2Fv2%2Fcategories&post=4811"},{"taxonomy":"post_tag","embeddable":true,"href":"https:\/\/adfformosa.com.ar\/index.php?rest_route=%2Fwp%2Fv2%2Ftags&post=4811"}],"curies":[{"name":"wp","href":"https:\/\/api.w.org\/{rel}","templated":true}]}}