{"id":4808,"date":"2017-03-23T18:12:02","date_gmt":"2017-03-23T21:12:02","guid":{"rendered":"http:\/\/adfformosa.com.ar\/?p=4808"},"modified":"2017-03-26T18:15:58","modified_gmt":"2017-03-26T21:15:58","slug":"continua-el-plan-de-accion-de-ctera","status":"publish","type":"post","link":"https:\/\/adfformosa.com.ar\/?p=4808","title":{"rendered":"Contin\u00faa el plan de acci\u00f3n de CTERA"},"content":{"rendered":"<div id=\"s-share-buttons\" class=\"horizontal-w-c-r-border s-share-w-c\"><a href=\"http:\/\/www.facebook.com\/sharer.php?u=https:\/\/adfformosa.com.ar\/?p=4808\" target=\"_blank\" title=\"Share to Facebook\" class=\"s3-facebook hint--top\"><\/a><a href=\"http:\/\/twitter.com\/intent\/tweet?text=Contin\u00faa el plan de acci\u00f3n de CTERA&url=https:\/\/adfformosa.com.ar\/?p=4808\" target=\"_blank\"  title=\"Share to Twitter\" class=\"s3-twitter hint--top\"><\/a><a href=\"https:\/\/plus.google.com\/share?url=https:\/\/adfformosa.com.ar\/?p=4808\" target=\"_blank\"  title=\"Share to Google Plus\" class=\"s3-google-plus hint--top\"><\/a><a href=\"http:\/\/www.digg.com\/submit?url=https:\/\/adfformosa.com.ar\/?p=4808\" target=\"_blank\"  title=\"Share to Digg\" class=\"s3-digg hint--top\"><\/a><a href=\"http:\/\/www.tumblr.com\/share\/link?url=https%3A%2F%2Fadfformosa.com.ar%2F%3Fp%3D4808&name=Contin%C3%BAa+el+plan+de+acci%C3%B3n+de+CTERA\" target=\"_blank\" title=\"Share to Tumblr\" class=\"s3-tumblr hint--top\"><\/a><a href=\"mailto:?Subject=Contin\u00faa%20el%20plan%20de%20acci\u00f3n%20de%20CTERA&Body=Here%20is%20the%20link%20to%20the%20article:%20https:\/\/adfformosa.com.ar\/?p=4808\" title=\"Email this article\" class=\"s3-email hint--top\"><\/a><\/div><p style=\"text-align: left;\"><img loading=\"lazy\" decoding=\"async\" class=\"aligncenter wp-image-4809 size-full\" src=\"https:\/\/adfformosa.com.ar\/wp-content\/uploads\/2017\/03\/14102190_606313539539530_8467919312819102748_n-e1490562936705.jpg\" alt=\"\" width=\"600\" height=\"450\" \/>Buenos Aires, jueves 23 de marzo de 2017<\/p>\n<p style=\"text-align: left;\">En el d\u00eda de la fecha se reuni\u00f3 la Junta Ejecutiva de CTERA \u00a0quienes analizaron la hist\u00f3rica Marcha Federal Educativa con m<span class=\"text_exposed_show\">\u00e1s de 400 mil personas en Plaza de Mayo en defensa de la educaci\u00f3n p\u00fablica y por la convocatoria a la Paritaria Nacional Docente.<br \/>\nLas masivas columnas partieron del NOA, NEA, Cuyo y Patagonia en la marcha m\u00e1s multitudinaria en defensa de la educaci\u00f3n p\u00fablica, con un apoyo y solidaridad contundente de la sociedad.<br \/>\nAnte la continuidad de los conflictos provinciales por el incumplimiento de la Ley de Financiamiento Educativo &#8211; Paritaria Nacional Docente &#8211; y los techos salariales impuestos en las provincias, la Junta Ejecutiva de CTERA resolvi\u00f3 el siguiente <span style=\"color: #ff0000;\">Plan de Acci\u00f3n:<\/span><\/span><\/p>\n<p style=\"text-align: left;\"><span class=\"text_exposed_show\"><br \/>\n<strong><span style=\"color: #ff0000;\">1\u00ba &#8211; Convocar a una Jornada Nacional de Protesta y Paro para el d\u00eda 30 de marzo en el marco de lo resuelto por las dos CTA.<\/span><\/strong><br \/>\n<strong><span style=\"color: #ff0000;\">2\u00ba &#8211; El 4 de abril a diez a\u00f1os del asesinato del maestro Carlos Fuentealba realizar una Jornada Nacional contra la Impunidad con actividades en todo el pa\u00eds y movilizaciones a Neuqu\u00e9n.<\/span><\/strong><br \/>\n<strong><span style=\"color: #ff0000;\">3\u00ba &#8211; El 6 de abril Paro General en el marco de lo resuelto por la CGT y la CTA.<\/span><\/strong><br \/>\n<strong><span style=\"color: #ff0000;\">4\u00ba &#8211; El 17 de abril Jornada Nacional Educativa contra la mercantilizaci\u00f3n de la educaci\u00f3n.<\/span><\/strong><\/span><\/p>\n<p style=\"text-align: left;\"><span class=\"text_exposed_show\"><br \/>\nLa CTERA vuelve a exigir al Gobierno Nacional que cumpla con la Ley de Financiamiento Educativo y que convoque a la Paritaria Nacional Docente.<\/span><\/p>\n<div class=\"text_exposed_show\">\n<p style=\"text-align: left;\">\n<p style=\"text-align: left;\">JUNTA EJECUTIVA DE CTERA<\/p>\n<\/div>\n","protected":false},"excerpt":{"rendered":"<p>Buenos Aires, jueves 23 de marzo de 2017 En el d\u00eda de la fecha se reuni\u00f3 la Junta Ejecutiva de CTERA \u00a0quienes analizaron la hist\u00f3rica Marcha Federal Educativa con m\u00e1s&#8230; <span class=\"meta-more\"><a href=\"https:\/\/adfformosa.com.ar\/?p=4808\">Leer mas &raquo;<\/a><\/span><\/p>\n","protected":false},"author":3,"featured_media":4809,"comment_status":"open","ping_status":"closed","sticky":false,"template":"","format":"standard","meta":{"footnotes":""},"categories":[2],"tags":[],"class_list":["post-4808","post","type-post","status-publish","format-standard","has-post-thumbnail","hentry","category-prensa-adf","even alt"],"_links":{"self":[{"href":"https:\/\/adfformosa.com.ar\/index.php?rest_route=\/wp\/v2\/posts\/4808","targetHints":{"allow":["GET"]}}],"collection":[{"href":"https:\/\/adfformosa.com.ar\/index.php?rest_route=\/wp\/v2\/posts"}],"about":[{"href":"https:\/\/adfformosa.com.ar\/index.php?rest_route=\/wp\/v2\/types\/post"}],"author":[{"embeddable":true,"href":"https:\/\/adfformosa.com.ar\/index.php?rest_route=\/wp\/v2\/users\/3"}],"replies":[{"embeddable":true,"href":"https:\/\/adfformosa.com.ar\/index.php?rest_route=%2Fwp%2Fv2%2Fcomments&post=4808"}],"version-history":[{"count":1,"href":"https:\/\/adfformosa.com.ar\/index.php?rest_route=\/wp\/v2\/posts\/4808\/revisions"}],"predecessor-version":[{"id":4810,"href":"https:\/\/adfformosa.com.ar\/index.php?rest_route=\/wp\/v2\/posts\/4808\/revisions\/4810"}],"wp:featuredmedia":[{"embeddable":true,"href":"https:\/\/adfformosa.com.ar\/index.php?rest_route=\/wp\/v2\/media\/4809"}],"wp:attachment":[{"href":"https:\/\/adfformosa.com.ar\/index.php?rest_route=%2Fwp%2Fv2%2Fmedia&parent=4808"}],"wp:term":[{"taxonomy":"category","embeddable":true,"href":"https:\/\/adfformosa.com.ar\/index.php?rest_route=%2Fwp%2Fv2%2Fcategories&post=4808"},{"taxonomy":"post_tag","embeddable":true,"href":"https:\/\/adfformosa.com.ar\/index.php?rest_route=%2Fwp%2Fv2%2Ftags&post=4808"}],"curies":[{"name":"wp","href":"https:\/\/api.w.org\/{rel}","templated":true}]}}