{"id":4797,"date":"2017-03-20T21:06:34","date_gmt":"2017-03-21T00:06:34","guid":{"rendered":"http:\/\/adfformosa.com.ar\/?p=4797"},"modified":"2017-03-20T21:11:42","modified_gmt":"2017-03-21T00:11:42","slug":"adf-rumbo-a-la-marcha-federal-docente","status":"publish","type":"post","link":"https:\/\/adfformosa.com.ar\/?p=4797","title":{"rendered":"ADF rumbo a la \u00abMarcha Federal Docente\u00bb"},"content":{"rendered":"<div id=\"s-share-buttons\" class=\"horizontal-w-c-r-border s-share-w-c\"><a href=\"http:\/\/www.facebook.com\/sharer.php?u=https:\/\/adfformosa.com.ar\/?p=4797\" target=\"_blank\" title=\"Share to Facebook\" class=\"s3-facebook hint--top\"><\/a><a href=\"http:\/\/twitter.com\/intent\/tweet?text=ADF rumbo a la \u00abMarcha Federal Docente\u00bb&url=https:\/\/adfformosa.com.ar\/?p=4797\" target=\"_blank\"  title=\"Share to Twitter\" class=\"s3-twitter hint--top\"><\/a><a href=\"https:\/\/plus.google.com\/share?url=https:\/\/adfformosa.com.ar\/?p=4797\" target=\"_blank\"  title=\"Share to Google Plus\" class=\"s3-google-plus hint--top\"><\/a><a href=\"http:\/\/www.digg.com\/submit?url=https:\/\/adfformosa.com.ar\/?p=4797\" target=\"_blank\"  title=\"Share to Digg\" class=\"s3-digg hint--top\"><\/a><a href=\"http:\/\/www.tumblr.com\/share\/link?url=https%3A%2F%2Fadfformosa.com.ar%2F%3Fp%3D4797&name=ADF+rumbo+a+la+%C2%ABMarcha+Federal+Docente%C2%BB\" target=\"_blank\" title=\"Share to Tumblr\" class=\"s3-tumblr hint--top\"><\/a><a href=\"mailto:?Subject=ADF%20rumbo%20a%20la%20\u00abMarcha%20Federal%20Docente\u00bb&Body=Here%20is%20the%20link%20to%20the%20article:%20https:\/\/adfformosa.com.ar\/?p=4797\" title=\"Email this article\" class=\"s3-email hint--top\"><\/a><\/div><p style=\"text-align: justify;\"><img loading=\"lazy\" decoding=\"async\" class=\"aligncenter wp-image-4798\" src=\"https:\/\/adfformosa.com.ar\/wp-content\/uploads\/2017\/03\/Marcha-Federal.jpg\" alt=\"\" width=\"799\" height=\"450\" srcset=\"https:\/\/adfformosa.com.ar\/wp-content\/uploads\/2017\/03\/Marcha-Federal.jpg 1032w, https:\/\/adfformosa.com.ar\/wp-content\/uploads\/2017\/03\/Marcha-Federal-300x169.jpg 300w, https:\/\/adfformosa.com.ar\/wp-content\/uploads\/2017\/03\/Marcha-Federal-768x432.jpg 768w, https:\/\/adfformosa.com.ar\/wp-content\/uploads\/2017\/03\/Marcha-Federal-1024x576.jpg 1024w\" sizes=\"auto, (max-width: 799px) 100vw, 799px\" \/><\/p>\n<p style=\"text-align: justify;\"><strong><em>Los Docentes de Formosa partieron esta tarde desde la sede del gremio rumbo a la Capital Federal donde confluir\u00e1n todas las columnas gremiales del interior del pa\u00eds en lo que conforma la \u00abMarcha Federal Docente\u00bb.<\/em><\/strong><\/p>\n<p style=\"text-align: justify;\">Viajar\u00e1n toda la noche para reunirse ma\u00f1ana en horas de la ma\u00f1ana con los docentes de Chaco y Corrientes en Paran\u00e1, Entre R\u00edos. Desde all\u00ed todos los docentes seguir\u00e1n su marcha para llegar a la gran concentraci\u00f3n en Plaza de Mayo el d\u00eda 22 de marzo.<\/p>\n<p style=\"text-align: justify;\">Marchamos para que el Estado Nacional no se desentienda del salario docente y contin\u00fae aportando para el FONID y las Garant\u00edas; por la Formaci\u00f3n y Capacitaci\u00f3n en servicio para los trabajadores de la educaci\u00f3n; por m\u00e1s presupuesto para obras de infraestructura escolar y las partidas para los comedores escolares.<\/p>\n<p style=\"text-align: justify;\">Por todos estos puntos y otros que se discuten en la PARITARIA NACIONAL QUE HOY NOS NIEGAN.<\/p>\n<p style=\"text-align: justify;\"><strong>Galer\u00eda de Fotos<\/strong><\/p>\n\n\t\t<style type=\"text\/css\">\n\t\t\t#gallery-1 {\n\t\t\t\tmargin: auto;\n\t\t\t}\n\t\t\t#gallery-1 .gallery-item {\n\t\t\t\tfloat: left;\n\t\t\t\tmargin-top: 10px;\n\t\t\t\ttext-align: center;\n\t\t\t\twidth: 33%;\n\t\t\t}\n\t\t\t#gallery-1 img {\n\t\t\t\tborder: 2px solid #cfcfcf;\n\t\t\t}\n\t\t\t#gallery-1 .gallery-caption {\n\t\t\t\tmargin-left: 0;\n\t\t\t}\n\t\t\t\/* see gallery_shortcode() in wp-includes\/media.php *\/\n\t\t<\/style>\n\t\t<div id='gallery-1' class='gallery galleryid-4797 gallery-columns-3 gallery-size-thumbnail'><dl class='gallery-item'>\n\t\t\t<dt class='gallery-icon landscape'>\n\t\t\t\t<a href='https:\/\/adfformosa.com.ar\/wp-content\/uploads\/2017\/03\/1.jpg'><img loading=\"lazy\" decoding=\"async\" width=\"150\" height=\"150\" src=\"https:\/\/adfformosa.com.ar\/wp-content\/uploads\/2017\/03\/1-150x150.jpg\" class=\"attachment-thumbnail size-thumbnail\" alt=\"\" srcset=\"https:\/\/adfformosa.com.ar\/wp-content\/uploads\/2017\/03\/1-150x150.jpg 150w, https:\/\/adfformosa.com.ar\/wp-content\/uploads\/2017\/03\/1-144x144.jpg 144w\" sizes=\"auto, (max-width: 150px) 100vw, 150px\" \/><\/a>\n\t\t\t<\/dt><\/dl><dl class='gallery-item'>\n\t\t\t<dt class='gallery-icon landscape'>\n\t\t\t\t<a href='https:\/\/adfformosa.com.ar\/wp-content\/uploads\/2017\/03\/2.jpg'><img loading=\"lazy\" decoding=\"async\" width=\"150\" height=\"150\" src=\"https:\/\/adfformosa.com.ar\/wp-content\/uploads\/2017\/03\/2-150x150.jpg\" class=\"attachment-thumbnail size-thumbnail\" alt=\"\" srcset=\"https:\/\/adfformosa.com.ar\/wp-content\/uploads\/2017\/03\/2-150x150.jpg 150w, https:\/\/adfformosa.com.ar\/wp-content\/uploads\/2017\/03\/2-144x144.jpg 144w\" sizes=\"auto, (max-width: 150px) 100vw, 150px\" \/><\/a>\n\t\t\t<\/dt><\/dl><dl class='gallery-item'>\n\t\t\t<dt class='gallery-icon landscape'>\n\t\t\t\t<a href='https:\/\/adfformosa.com.ar\/wp-content\/uploads\/2017\/03\/4.jpg'><img loading=\"lazy\" decoding=\"async\" width=\"150\" height=\"150\" src=\"https:\/\/adfformosa.com.ar\/wp-content\/uploads\/2017\/03\/4-150x150.jpg\" class=\"attachment-thumbnail size-thumbnail\" alt=\"\" srcset=\"https:\/\/adfformosa.com.ar\/wp-content\/uploads\/2017\/03\/4-150x150.jpg 150w, https:\/\/adfformosa.com.ar\/wp-content\/uploads\/2017\/03\/4-144x144.jpg 144w\" sizes=\"auto, (max-width: 150px) 100vw, 150px\" \/><\/a>\n\t\t\t<\/dt><\/dl><br style=\"clear: both\" \/><dl class='gallery-item'>\n\t\t\t<dt class='gallery-icon landscape'>\n\t\t\t\t<a href='https:\/\/adfformosa.com.ar\/wp-content\/uploads\/2017\/03\/5.jpg'><img loading=\"lazy\" decoding=\"async\" width=\"150\" height=\"150\" src=\"https:\/\/adfformosa.com.ar\/wp-content\/uploads\/2017\/03\/5-150x150.jpg\" class=\"attachment-thumbnail size-thumbnail\" alt=\"\" srcset=\"https:\/\/adfformosa.com.ar\/wp-content\/uploads\/2017\/03\/5-150x150.jpg 150w, https:\/\/adfformosa.com.ar\/wp-content\/uploads\/2017\/03\/5-144x144.jpg 144w\" sizes=\"auto, (max-width: 150px) 100vw, 150px\" \/><\/a>\n\t\t\t<\/dt><\/dl><dl class='gallery-item'>\n\t\t\t<dt class='gallery-icon landscape'>\n\t\t\t\t<a href='https:\/\/adfformosa.com.ar\/wp-content\/uploads\/2017\/03\/7.jpg'><img loading=\"lazy\" decoding=\"async\" width=\"150\" height=\"150\" src=\"https:\/\/adfformosa.com.ar\/wp-content\/uploads\/2017\/03\/7-150x150.jpg\" class=\"attachment-thumbnail size-thumbnail\" alt=\"\" srcset=\"https:\/\/adfformosa.com.ar\/wp-content\/uploads\/2017\/03\/7-150x150.jpg 150w, https:\/\/adfformosa.com.ar\/wp-content\/uploads\/2017\/03\/7-144x144.jpg 144w\" sizes=\"auto, (max-width: 150px) 100vw, 150px\" \/><\/a>\n\t\t\t<\/dt><\/dl>\n\t\t\t<br style='clear: both' \/>\n\t\t<\/div>\n\n","protected":false},"excerpt":{"rendered":"<p>Los Docentes de Formosa partieron esta tarde desde la sede del gremio rumbo a la Capital Federal donde confluir\u00e1n todas las columnas gremiales del interior del pa\u00eds en lo que&#8230; <span class=\"meta-more\"><a href=\"https:\/\/adfformosa.com.ar\/?p=4797\">Leer mas &raquo;<\/a><\/span><\/p>\n","protected":false},"author":1,"featured_media":4798,"comment_status":"open","ping_status":"closed","sticky":false,"template":"","format":"standard","meta":{"footnotes":""},"categories":[2],"tags":[],"class_list":["post-4797","post","type-post","status-publish","format-standard","has-post-thumbnail","hentry","category-prensa-adf","even alt"],"_links":{"self":[{"href":"https:\/\/adfformosa.com.ar\/index.php?rest_route=\/wp\/v2\/posts\/4797","targetHints":{"allow":["GET"]}}],"collection":[{"href":"https:\/\/adfformosa.com.ar\/index.php?rest_route=\/wp\/v2\/posts"}],"about":[{"href":"https:\/\/adfformosa.com.ar\/index.php?rest_route=\/wp\/v2\/types\/post"}],"author":[{"embeddable":true,"href":"https:\/\/adfformosa.com.ar\/index.php?rest_route=\/wp\/v2\/users\/1"}],"replies":[{"embeddable":true,"href":"https:\/\/adfformosa.com.ar\/index.php?rest_route=%2Fwp%2Fv2%2Fcomments&post=4797"}],"version-history":[{"count":4,"href":"https:\/\/adfformosa.com.ar\/index.php?rest_route=\/wp\/v2\/posts\/4797\/revisions"}],"predecessor-version":[{"id":4807,"href":"https:\/\/adfformosa.com.ar\/index.php?rest_route=\/wp\/v2\/posts\/4797\/revisions\/4807"}],"wp:featuredmedia":[{"embeddable":true,"href":"https:\/\/adfformosa.com.ar\/index.php?rest_route=\/wp\/v2\/media\/4798"}],"wp:attachment":[{"href":"https:\/\/adfformosa.com.ar\/index.php?rest_route=%2Fwp%2Fv2%2Fmedia&parent=4797"}],"wp:term":[{"taxonomy":"category","embeddable":true,"href":"https:\/\/adfformosa.com.ar\/index.php?rest_route=%2Fwp%2Fv2%2Fcategories&post=4797"},{"taxonomy":"post_tag","embeddable":true,"href":"https:\/\/adfformosa.com.ar\/index.php?rest_route=%2Fwp%2Fv2%2Ftags&post=4797"}],"curies":[{"name":"wp","href":"https:\/\/api.w.org\/{rel}","templated":true}]}}