{"id":4784,"date":"2017-03-18T13:45:14","date_gmt":"2017-03-18T16:45:14","guid":{"rendered":"http:\/\/adfformosa.com.ar\/?p=4784"},"modified":"2017-03-20T14:19:30","modified_gmt":"2017-03-20T17:19:30","slug":"adf-participara-en-la-marcha-federal-educativa-20-21-y-22-de-marzo","status":"publish","type":"post","link":"https:\/\/adfformosa.com.ar\/?p=4784","title":{"rendered":"ADF participar\u00e1 en la \u00abMarcha Federal Educativa\u00bb 20-21 y 22 de marzo"},"content":{"rendered":"<div id=\"s-share-buttons\" class=\"horizontal-w-c-r-border s-share-w-c\"><a href=\"http:\/\/www.facebook.com\/sharer.php?u=https:\/\/adfformosa.com.ar\/?p=4784\" target=\"_blank\" title=\"Share to Facebook\" class=\"s3-facebook hint--top\"><\/a><a href=\"http:\/\/twitter.com\/intent\/tweet?text=ADF participar\u00e1 en la \u00abMarcha Federal Educativa\u00bb 20-21 y 22 de marzo&url=https:\/\/adfformosa.com.ar\/?p=4784\" target=\"_blank\"  title=\"Share to Twitter\" class=\"s3-twitter hint--top\"><\/a><a href=\"https:\/\/plus.google.com\/share?url=https:\/\/adfformosa.com.ar\/?p=4784\" target=\"_blank\"  title=\"Share to Google Plus\" class=\"s3-google-plus hint--top\"><\/a><a href=\"http:\/\/www.digg.com\/submit?url=https:\/\/adfformosa.com.ar\/?p=4784\" target=\"_blank\"  title=\"Share to Digg\" class=\"s3-digg hint--top\"><\/a><a href=\"http:\/\/www.tumblr.com\/share\/link?url=https%3A%2F%2Fadfformosa.com.ar%2F%3Fp%3D4784&name=ADF+participar%C3%A1+en+la+%C2%ABMarcha+Federal+Educativa%C2%BB+20-21+y+22+de+marzo\" target=\"_blank\" title=\"Share to Tumblr\" class=\"s3-tumblr hint--top\"><\/a><a href=\"mailto:?Subject=ADF%20participar\u00e1%20en%20la%20\u00abMarcha%20Federal%20Educativa\u00bb%2020-21%20y%2022%20de%20marzo&Body=Here%20is%20the%20link%20to%20the%20article:%20https:\/\/adfformosa.com.ar\/?p=4784\" title=\"Email this article\" class=\"s3-email hint--top\"><\/a><\/div><p><img loading=\"lazy\" decoding=\"async\" class=\"aligncenter wp-image-4785 size-full\" src=\"https:\/\/adfformosa.com.ar\/wp-content\/uploads\/2017\/03\/marcha-21-marzo-2017-ctera-e1490028941772.jpg\" alt=\"\" width=\"600\" height=\"401\" \/><\/p>\n<h3 style=\"text-align: center;\"><strong><span style=\"color: #ff0000;\">Marchamos 20 y 21 de marzo .El 22 estaremos junto a todos los gremios del pa\u00eds en Plaza de Mayo para reclamar por paritarias libres; para que el Estado Nacional no se desentienda del salario docente y contin\u00fae aportando para \u00a0el FONID y las Garant\u00edas; por la Formaci\u00f3n y Capacitaci\u00f3n en servicio para los trabajadores de la educaci\u00f3n; por m\u00e1s presupuesto para obras de infraestructura escolar y las partidas para los comedores escolares. Por todos estos puntos y otros que se discuten en la PARITARIA NACIONAL QUE HOY NOS NIEGAN.<\/span><\/strong><\/h3>\n<p>&nbsp;<\/p>\n<p><img loading=\"lazy\" decoding=\"async\" class=\"aligncenter wp-image-4791 size-medium\" src=\"https:\/\/adfformosa.com.ar\/wp-content\/uploads\/2017\/03\/MARCHAMOS-20-y-21MI\u00c9RCOLES-22-TODOS-A-PLAZA-DE-MAYOADF-\u00a1PRESENTE-300x300.png\" alt=\"\" width=\"300\" height=\"300\" srcset=\"https:\/\/adfformosa.com.ar\/wp-content\/uploads\/2017\/03\/MARCHAMOS-20-y-21MI\u00c9RCOLES-22-TODOS-A-PLAZA-DE-MAYOADF-\u00a1PRESENTE-300x300.png 300w, https:\/\/adfformosa.com.ar\/wp-content\/uploads\/2017\/03\/MARCHAMOS-20-y-21MI\u00c9RCOLES-22-TODOS-A-PLAZA-DE-MAYOADF-\u00a1PRESENTE-150x150.png 150w, https:\/\/adfformosa.com.ar\/wp-content\/uploads\/2017\/03\/MARCHAMOS-20-y-21MI\u00c9RCOLES-22-TODOS-A-PLAZA-DE-MAYOADF-\u00a1PRESENTE-768x768.png 768w, https:\/\/adfformosa.com.ar\/wp-content\/uploads\/2017\/03\/MARCHAMOS-20-y-21MI\u00c9RCOLES-22-TODOS-A-PLAZA-DE-MAYOADF-\u00a1PRESENTE-144x144.png 144w, https:\/\/adfformosa.com.ar\/wp-content\/uploads\/2017\/03\/MARCHAMOS-20-y-21MI\u00c9RCOLES-22-TODOS-A-PLAZA-DE-MAYOADF-\u00a1PRESENTE.png 800w\" sizes=\"auto, (max-width: 300px) 100vw, 300px\" \/><\/p>\n","protected":false},"excerpt":{"rendered":"<p>Marchamos 20 y 21 de marzo .El 22 estaremos junto a todos los gremios del pa\u00eds en Plaza de Mayo para reclamar por paritarias libres; para que el Estado Nacional&#8230; <span class=\"meta-more\"><a href=\"https:\/\/adfformosa.com.ar\/?p=4784\">Leer mas &raquo;<\/a><\/span><\/p>\n","protected":false},"author":3,"featured_media":4785,"comment_status":"open","ping_status":"closed","sticky":false,"template":"","format":"standard","meta":{"footnotes":""},"categories":[2],"tags":[],"class_list":["post-4784","post","type-post","status-publish","format-standard","has-post-thumbnail","hentry","category-prensa-adf","even alt"],"_links":{"self":[{"href":"https:\/\/adfformosa.com.ar\/index.php?rest_route=\/wp\/v2\/posts\/4784","targetHints":{"allow":["GET"]}}],"collection":[{"href":"https:\/\/adfformosa.com.ar\/index.php?rest_route=\/wp\/v2\/posts"}],"about":[{"href":"https:\/\/adfformosa.com.ar\/index.php?rest_route=\/wp\/v2\/types\/post"}],"author":[{"embeddable":true,"href":"https:\/\/adfformosa.com.ar\/index.php?rest_route=\/wp\/v2\/users\/3"}],"replies":[{"embeddable":true,"href":"https:\/\/adfformosa.com.ar\/index.php?rest_route=%2Fwp%2Fv2%2Fcomments&post=4784"}],"version-history":[{"count":4,"href":"https:\/\/adfformosa.com.ar\/index.php?rest_route=\/wp\/v2\/posts\/4784\/revisions"}],"predecessor-version":[{"id":4793,"href":"https:\/\/adfformosa.com.ar\/index.php?rest_route=\/wp\/v2\/posts\/4784\/revisions\/4793"}],"wp:featuredmedia":[{"embeddable":true,"href":"https:\/\/adfformosa.com.ar\/index.php?rest_route=\/wp\/v2\/media\/4785"}],"wp:attachment":[{"href":"https:\/\/adfformosa.com.ar\/index.php?rest_route=%2Fwp%2Fv2%2Fmedia&parent=4784"}],"wp:term":[{"taxonomy":"category","embeddable":true,"href":"https:\/\/adfformosa.com.ar\/index.php?rest_route=%2Fwp%2Fv2%2Fcategories&post=4784"},{"taxonomy":"post_tag","embeddable":true,"href":"https:\/\/adfformosa.com.ar\/index.php?rest_route=%2Fwp%2Fv2%2Ftags&post=4784"}],"curies":[{"name":"wp","href":"https:\/\/api.w.org\/{rel}","templated":true}]}}