{"id":4777,"date":"2017-03-06T20:15:34","date_gmt":"2017-03-06T23:15:34","guid":{"rendered":"http:\/\/adfformosa.com.ar\/?p=4777"},"modified":"2017-03-15T20:34:16","modified_gmt":"2017-03-15T23:34:16","slug":"masivo-paro-docente-en-todo-el-pais-con-mas-del-95-de-adhesion","status":"publish","type":"post","link":"https:\/\/adfformosa.com.ar\/?p=4777","title":{"rendered":"Masivo paro docente en todo el pa\u00eds con m\u00e1s del 95 % de adhesi\u00f3n"},"content":{"rendered":"<div id=\"s-share-buttons\" class=\"horizontal-w-c-r-border s-share-w-c\"><a href=\"http:\/\/www.facebook.com\/sharer.php?u=https:\/\/adfformosa.com.ar\/?p=4777\" target=\"_blank\" title=\"Share to Facebook\" class=\"s3-facebook hint--top\"><\/a><a href=\"http:\/\/twitter.com\/intent\/tweet?text=Masivo paro docente en todo el pa\u00eds con m\u00e1s del 95 % de adhesi\u00f3n&url=https:\/\/adfformosa.com.ar\/?p=4777\" target=\"_blank\"  title=\"Share to Twitter\" class=\"s3-twitter hint--top\"><\/a><a href=\"https:\/\/plus.google.com\/share?url=https:\/\/adfformosa.com.ar\/?p=4777\" target=\"_blank\"  title=\"Share to Google Plus\" class=\"s3-google-plus hint--top\"><\/a><a href=\"http:\/\/www.digg.com\/submit?url=https:\/\/adfformosa.com.ar\/?p=4777\" target=\"_blank\"  title=\"Share to Digg\" class=\"s3-digg hint--top\"><\/a><a href=\"http:\/\/www.tumblr.com\/share\/link?url=https%3A%2F%2Fadfformosa.com.ar%2F%3Fp%3D4777&name=Masivo+paro+docente+en+todo+el+pa%C3%ADs+con+m%C3%A1s+del+95+%25+de+adhesi%C3%B3n\" target=\"_blank\" title=\"Share to Tumblr\" class=\"s3-tumblr hint--top\"><\/a><a href=\"mailto:?Subject=Masivo%20paro%20docente%20en%20todo%20el%20pa\u00eds%20con%20m\u00e1s%20del%2095%20%%20de%20adhesi\u00f3n&Body=Here%20is%20the%20link%20to%20the%20article:%20https:\/\/adfformosa.com.ar\/?p=4777\" title=\"Email this article\" class=\"s3-email hint--top\"><\/a><\/div><p><img loading=\"lazy\" decoding=\"async\" class=\"aligncenter wp-image-4778 size-full\" src=\"https:\/\/adfformosa.com.ar\/wp-content\/uploads\/2017\/03\/marcha-del-6-portada-e1489620692812.jpg\" alt=\"\" width=\"400\" height=\"266\" \/>Buenos Aires, lunes 6 de marzo de 2017<\/p>\n<p>MULTITUDINARIA MARCHA AL MINISTERIO DE EDUCACI\u00d3N DE LA NACI\u00d3N: 70.000 PERSONAS.<\/p>\n<p>PALABRAS DE SONIA<span class=\"text_exposed_show\"> ALESSO &#8211; SECRETARIA GENERAL DE CTERA &#8211; Y HUGO YASKY &#8211; SECRETARIO GENERAL DE LA CTA -.<\/span><\/p>\n<div class=\"text_exposed_show\">\n<p>Se cumpli\u00f3 hoy el primer d\u00eda del Paro Nacional Docente convocado por CTERA, SADOP, UDA, AMET y CEA.<\/p>\n<p>El acatamiento fue masivo en todo el pa\u00eds con m\u00e1s del 95 % de adhesi\u00f3n.<\/p>\n<p>Los sindicatos docentes nacionales CTERA, SADOP, UDA, AMET y CEA se concentraron en el Congreso de la Naci\u00f3n y luego se movilizaron al Ministerio de Educaci\u00f3n de la Naci\u00f3n.<\/p>\n<p>Frente al Ministerio hicieron uso de la palabra Sonia Alesso &#8211; Sec. General de CTERA \u2013, los dem\u00e1s representantes de los sindicatos nacionales docentes y tambi\u00e9n Carlos Acu\u00f1a \u2013 Sec. General de la CGT \u2013 y Hugo Yasky \u2013 Sec. General de la CTA -.<\/p>\n<p>Palabras de Sonia Alesso \u2013 Secretaria General de CTERA -:<\/p>\n<p>\u201cHemos planteado, compa\u00f1eras y compa\u00f1eros, por nota, los cinco gremios por separado, todos los gremios juntos, al ministro de Trabajo, que es quien debe convocar, y al ministro de Educaci\u00f3n para que nos reciban.<br \/>\nLa Ley de Financiamiento Educativo, dice: el gobierno nacional, el ministerio de Trabajo, debe convocar a los cinco gremios nacionales a la paritaria nacional para discutir qu\u00e9: salarios. Para discutir qu\u00e9, fondo compensador de desigualdad salarial; para discutir qu\u00e9, que cobramos todos los maestros argentinos.<br \/>\nCompa\u00f1eras y compa\u00f1eros, nos quieren distraer. Nos quieren hacer hablar de otras cosas. Quieren que discutamos cosas secundarias. Tenemos que militar en cada escuela, cada barrio, cada sindicato, paritaria nacional, fondos para la educaci\u00f3n. No queremos volver a la Carpa Blanca; no queremos volver a los 90; no queremos provincias inviables, donde nuestros maestros, no pod\u00edan siquiera comer, y todos nosotros, y miles de los que vivimos en esa \u00e9poca sabemos de qu\u00e9 estamos hablando.<br \/>\nEstamos dando una lecci\u00f3n hist\u00f3rica. No nos arrodillamos, no les tenemos miedo. Aguantamos cualquier archivo, porque tenemos Memoria, porque tenemos Dignidad, porque ac\u00e1 con nosotros marcha Stella Maldonado, marcha Mary S\u00e1nchez, marcha Germ\u00e1n Abdala, Agust\u00edn Tosco, Alfredo Bravo, Isauro Arancibia, Marina Vilte, Eduardo Requena y ac\u00e1 tambi\u00e9n como en Neuqu\u00e9n, est\u00e1 Carlos Fuentealba diciendo Memoria, diciendo Justicia.<br \/>\nMiren, compa\u00f1eras y compa\u00f1eros, este marzo que vibra en nuestros corazones, hoy, lleno de guardapolvos blancos; ma\u00f1ana, acompa\u00f1ando a nuestros compa\u00f1eros de la CGT y de la CTA. El 8 en el paro internacional de las mujeres, en contra de la violencia. Defendiendo nuestros derechos como mujeres trabajadoras, en contra de los femicidios, y el 24 de Marzo, en esa gran marcha, donde todos los argentinos de norte a sur, le decimos Justicia, decimos los maestros, tenemos Memoria.<br \/>\nEst\u00e1n apretando a las provincias, a los maestros. Frente a eso Unidad, Lucha y Organizaci\u00f3n. Frente a eso, m\u00e1s que nunca espalda con espalda los maestros, sin importar a qu\u00e9 gremios pertenecemos.<br \/>\nEst\u00e1n usando la paritaria nacional docente para arrodillar al movimiento obrero. Y este sindicato docente, la CTERA, que pari\u00f3 la Marcha Blanca, la Carpa Blanca, y la lucha en todo el pa\u00eds, no lo va a permitir.\u201d<\/p>\n<p><img loading=\"lazy\" decoding=\"async\" class=\"aligncenter wp-image-4779 size-full\" src=\"https:\/\/adfformosa.com.ar\/wp-content\/uploads\/2017\/03\/marcha-del-6-e1489620758778.jpg\" alt=\"\" width=\"400\" height=\"225\" \/><\/p>\n<p>Hugo Yasky \u2013 Secretario General de la CTA- manifest\u00f3:<\/p>\n<p>\u201cHay que sentir el orgullo de tener un guardapolvo blanco. Hay que sentir el orgullo de tener que levantarse todos los d\u00edas, estar en el aula, preparar las clases, corregir. Hay que tener el orgullo de no venderse por dos monedas para estar ac\u00e1 haciendo esta marcha y haciendo este paro nacional.<br \/>\nEstuvimos en aquella huelga de la Marcha Blanca; porque estuvimos tres a\u00f1os en la Carpa; porque peleamos contra todos los gobiernos del ajuste; y no nos van a derrotar. Vamos a ponernos como ahora, de pie, juntos, todos los gremios docentes. Con la CGT, con la CTA. No vamos a bajar los brazos hasta no lograr que los docentes de la escuela p\u00fablica sean escuchados. Paritaria Nacional. Le sigue la huelga nacional docente.<br \/>\nHay en este pa\u00eds, verdaderos analfabetos pol\u00edticos. Tener mucho dinero no significa no s\u00f3lo un adiestramiento pol\u00edtico, ir contra la escuela p\u00fablica es analfabetismo pol\u00edtico, aunque se est\u00e9 en la Casa Rosada o en un Ministerio de Educaci\u00f3n.<br \/>\nNo hay para los argentinos nada m\u00e1s noble que la escuela. No hay para los argentinos nada m\u00e1s noble que la educaci\u00f3n.<br \/>\nQue se olviden si piensan que van a pisotear el guardapolvo de los maestros. Que se olviden si piensan que nos van a enfrentar con el pueblo. Somos la misma cosa.<br \/>\nLa escuela p\u00fablica es la ra\u00edz de todas las utop\u00edas sociales y todos los que vienen del pueblo quieren la educaci\u00f3n.<br \/>\nY por \u00faltimo, hoy, lo eligen a Baradel. Ma\u00f1ana van a elegir a cualquiera de nosotros.<br \/>\nLa lecci\u00f3n que ustedes le est\u00e1n dando ahora. Y ma\u00f1ana, cuando salgamos junto con los compa\u00f1eros de la CGT, vamos a ir a un acto de unidad. A apostar otra vez a la unidad en la acci\u00f3n; apostar otra vez a la unidad del campo popular; a apostar otra vez a que definitivamente haya un plebiscito nacional que tiene que ser un paro general, para demostrarle a este gobierno que est\u00e1 gobernando en contra de los intereses de nuestro pueblo.\u201d<\/p>\n<p>Sonia Alesso-Secretaria General<\/p>\n<p>Alejo Demichelis -Secretario de Prensa<\/p>\n<\/div>\n<p><img loading=\"lazy\" decoding=\"async\" class=\"aligncenter wp-image-4780 size-full\" src=\"https:\/\/adfformosa.com.ar\/wp-content\/uploads\/2017\/03\/marcha-del-6-1.jpg\" alt=\"\" width=\"480\" height=\"709\" srcset=\"https:\/\/adfformosa.com.ar\/wp-content\/uploads\/2017\/03\/marcha-del-6-1.jpg 480w, https:\/\/adfformosa.com.ar\/wp-content\/uploads\/2017\/03\/marcha-del-6-1-203x300.jpg 203w\" sizes=\"auto, (max-width: 480px) 100vw, 480px\" \/><\/p>\n","protected":false},"excerpt":{"rendered":"<p>Buenos Aires, lunes 6 de marzo de 2017 MULTITUDINARIA MARCHA AL MINISTERIO DE EDUCACI\u00d3N DE LA NACI\u00d3N: 70.000 PERSONAS. PALABRAS DE SONIA ALESSO &#8211; SECRETARIA GENERAL DE CTERA &#8211; Y&#8230; <span class=\"meta-more\"><a href=\"https:\/\/adfformosa.com.ar\/?p=4777\">Leer mas &raquo;<\/a><\/span><\/p>\n","protected":false},"author":3,"featured_media":4779,"comment_status":"open","ping_status":"closed","sticky":false,"template":"","format":"standard","meta":{"footnotes":""},"categories":[2],"tags":[],"class_list":["post-4777","post","type-post","status-publish","format-standard","has-post-thumbnail","hentry","category-prensa-adf","even alt"],"_links":{"self":[{"href":"https:\/\/adfformosa.com.ar\/index.php?rest_route=\/wp\/v2\/posts\/4777","targetHints":{"allow":["GET"]}}],"collection":[{"href":"https:\/\/adfformosa.com.ar\/index.php?rest_route=\/wp\/v2\/posts"}],"about":[{"href":"https:\/\/adfformosa.com.ar\/index.php?rest_route=\/wp\/v2\/types\/post"}],"author":[{"embeddable":true,"href":"https:\/\/adfformosa.com.ar\/index.php?rest_route=\/wp\/v2\/users\/3"}],"replies":[{"embeddable":true,"href":"https:\/\/adfformosa.com.ar\/index.php?rest_route=%2Fwp%2Fv2%2Fcomments&post=4777"}],"version-history":[{"count":1,"href":"https:\/\/adfformosa.com.ar\/index.php?rest_route=\/wp\/v2\/posts\/4777\/revisions"}],"predecessor-version":[{"id":4781,"href":"https:\/\/adfformosa.com.ar\/index.php?rest_route=\/wp\/v2\/posts\/4777\/revisions\/4781"}],"wp:featuredmedia":[{"embeddable":true,"href":"https:\/\/adfformosa.com.ar\/index.php?rest_route=\/wp\/v2\/media\/4779"}],"wp:attachment":[{"href":"https:\/\/adfformosa.com.ar\/index.php?rest_route=%2Fwp%2Fv2%2Fmedia&parent=4777"}],"wp:term":[{"taxonomy":"category","embeddable":true,"href":"https:\/\/adfformosa.com.ar\/index.php?rest_route=%2Fwp%2Fv2%2Fcategories&post=4777"},{"taxonomy":"post_tag","embeddable":true,"href":"https:\/\/adfformosa.com.ar\/index.php?rest_route=%2Fwp%2Fv2%2Ftags&post=4777"}],"curies":[{"name":"wp","href":"https:\/\/api.w.org\/{rel}","templated":true}]}}