{"id":4771,"date":"2017-03-08T20:02:18","date_gmt":"2017-03-08T23:02:18","guid":{"rendered":"http:\/\/adfformosa.com.ar\/?p=4771"},"modified":"2017-03-15T20:13:43","modified_gmt":"2017-03-15T23:13:43","slug":"participacion-de-adf-en-el-8m-vivas-nos-queremos","status":"publish","type":"post","link":"https:\/\/adfformosa.com.ar\/?p=4771","title":{"rendered":"Participaci\u00f3n de ADF en el #8M \u00abVivas Nos Queremos\u00bb"},"content":{"rendered":"<div id=\"s-share-buttons\" class=\"horizontal-w-c-r-border s-share-w-c\"><a href=\"http:\/\/www.facebook.com\/sharer.php?u=https:\/\/adfformosa.com.ar\/?p=4771\" target=\"_blank\" title=\"Share to Facebook\" class=\"s3-facebook hint--top\"><\/a><a href=\"http:\/\/twitter.com\/intent\/tweet?text=Participaci\u00f3n de ADF en el #8M \u00abVivas Nos Queremos\u00bb&url=https:\/\/adfformosa.com.ar\/?p=4771\" target=\"_blank\"  title=\"Share to Twitter\" class=\"s3-twitter hint--top\"><\/a><a href=\"https:\/\/plus.google.com\/share?url=https:\/\/adfformosa.com.ar\/?p=4771\" target=\"_blank\"  title=\"Share to Google Plus\" class=\"s3-google-plus hint--top\"><\/a><a href=\"http:\/\/www.digg.com\/submit?url=https:\/\/adfformosa.com.ar\/?p=4771\" target=\"_blank\"  title=\"Share to Digg\" class=\"s3-digg hint--top\"><\/a><a href=\"http:\/\/www.tumblr.com\/share\/link?url=https%3A%2F%2Fadfformosa.com.ar%2F%3Fp%3D4771&name=Participaci%C3%B3n+de+ADF+en+el+%238M+%C2%ABVivas+Nos+Queremos%C2%BB\" target=\"_blank\" title=\"Share to Tumblr\" class=\"s3-tumblr hint--top\"><\/a><a href=\"mailto:?Subject=Participaci\u00f3n%20de%20ADF%20en%20el%20#8M%20\u00abVivas%20Nos%20Queremos\u00bb&Body=Here%20is%20the%20link%20to%20the%20article:%20https:\/\/adfformosa.com.ar\/?p=4771\" title=\"Email this article\" class=\"s3-email hint--top\"><\/a><\/div><p style=\"text-align: left;\"><img loading=\"lazy\" decoding=\"async\" class=\"alignright wp-image-4773 size-full\" src=\"https:\/\/adfformosa.com.ar\/wp-content\/uploads\/2017\/03\/mujer-1-e1489619604940.jpg\" alt=\"\" width=\"400\" height=\"266\" \/>D\u00eda de la Mujer<\/p>\n<p style=\"text-align: left;\">En el marco del Paro Internacional de Mujeres,la concentraci\u00f3n se realiz\u00f3 esta tarde en la plaza San Mart\u00edn de esta capital.<\/p>\n<p style=\"text-align: left;\">All\u00ed estuvieron nuestras compa\u00f1eras del Departamento de G\u00e9nero compartiendo junto a distintas agrupaciones y gremios que tambi\u00e9n apoyan la causa \u00abNi Una Menos\u00bb<\/p>\n<div class=\"text_exposed_show\">\n<p style=\"text-align: left;\">Los reclamos contra la trata de personas y justicia por las v\u00edctimas de asesinatos, el fin de los femicidios, el acoso callejero, la brecha salarial, la precarizaci\u00f3n laboral, la explotaci\u00f3n sexual, entre otras cuestiones fueron las consignas en esta jornada cuyo objetivo final fue protestar contra la desigualdad entre hombres y mujeres y la violencia de g\u00e9nero.<br \/>\nCompartimos las im\u00e1genes de las actividades que comenzaron con un partido de f\u00fatbol femenino en la calle Fontana, pintadas con grupos de ni\u00f1os y mensajes de los referentes de las distintas organizaciones presentes.<\/p>\n<p style=\"text-align: left;\">\n<p>Esta es una fecha para renovar<img loading=\"lazy\" decoding=\"async\" class=\"alignleft wp-image-4774 size-medium\" src=\"https:\/\/adfformosa.com.ar\/wp-content\/uploads\/2017\/03\/mujer-2-300x200.jpg\" alt=\"\" width=\"300\" height=\"200\" srcset=\"https:\/\/adfformosa.com.ar\/wp-content\/uploads\/2017\/03\/mujer-2-300x200.jpg 300w, https:\/\/adfformosa.com.ar\/wp-content\/uploads\/2017\/03\/mujer-2-768x512.jpg 768w, https:\/\/adfformosa.com.ar\/wp-content\/uploads\/2017\/03\/mujer-2.jpg 960w\" sizes=\"auto, (max-width: 300px) 100vw, 300px\" \/>\u00a0nuestro compromiso colectivo con la movilizaci\u00f3n social, con la construcci\u00f3n y con el fortalecimiento del estado de derecho democr\u00e1tico, con la lucha por la justicia y con las transformaciones que debemos impulsar para construir un modelo de sociedad que sea compatible con la vida de todas.<\/p>\n<p><span style=\"color: #ff0000;\">Por eso, este 8 de marzo, <strong>#NosotrasParamos<\/strong><\/span><\/p>\n<p><span style=\"color: #ff0000;\">Por eso, este 8 de marzo, gritamos m\u00e1s fuerte que nunca <strong>#NiUnaMenos<\/strong><\/span><\/p>\n<p><span style=\"color: #ff0000;\">Por eso, este 8 de marzo, <strong>#VivasNosQueremos<\/strong><\/span><\/p>\n<p><img loading=\"lazy\" decoding=\"async\" class=\"aligncenter wp-image-4775 size-full\" src=\"https:\/\/adfformosa.com.ar\/wp-content\/uploads\/2017\/03\/mujer-3-e1489619496452.jpg\" alt=\"\" width=\"400\" height=\"267\" \/><\/p>\n<\/div>\n","protected":false},"excerpt":{"rendered":"<p>D\u00eda de la Mujer En el marco del Paro Internacional de Mujeres,la concentraci\u00f3n se realiz\u00f3 esta tarde en la plaza San Mart\u00edn de esta capital. All\u00ed estuvieron nuestras compa\u00f1eras del&#8230; <span class=\"meta-more\"><a href=\"https:\/\/adfformosa.com.ar\/?p=4771\">Leer mas &raquo;<\/a><\/span><\/p>\n","protected":false},"author":3,"featured_media":4775,"comment_status":"open","ping_status":"closed","sticky":false,"template":"","format":"standard","meta":{"footnotes":""},"categories":[2],"tags":[],"class_list":["post-4771","post","type-post","status-publish","format-standard","has-post-thumbnail","hentry","category-prensa-adf","even alt"],"_links":{"self":[{"href":"https:\/\/adfformosa.com.ar\/index.php?rest_route=\/wp\/v2\/posts\/4771","targetHints":{"allow":["GET"]}}],"collection":[{"href":"https:\/\/adfformosa.com.ar\/index.php?rest_route=\/wp\/v2\/posts"}],"about":[{"href":"https:\/\/adfformosa.com.ar\/index.php?rest_route=\/wp\/v2\/types\/post"}],"author":[{"embeddable":true,"href":"https:\/\/adfformosa.com.ar\/index.php?rest_route=\/wp\/v2\/users\/3"}],"replies":[{"embeddable":true,"href":"https:\/\/adfformosa.com.ar\/index.php?rest_route=%2Fwp%2Fv2%2Fcomments&post=4771"}],"version-history":[{"count":1,"href":"https:\/\/adfformosa.com.ar\/index.php?rest_route=\/wp\/v2\/posts\/4771\/revisions"}],"predecessor-version":[{"id":4776,"href":"https:\/\/adfformosa.com.ar\/index.php?rest_route=\/wp\/v2\/posts\/4771\/revisions\/4776"}],"wp:featuredmedia":[{"embeddable":true,"href":"https:\/\/adfformosa.com.ar\/index.php?rest_route=\/wp\/v2\/media\/4775"}],"wp:attachment":[{"href":"https:\/\/adfformosa.com.ar\/index.php?rest_route=%2Fwp%2Fv2%2Fmedia&parent=4771"}],"wp:term":[{"taxonomy":"category","embeddable":true,"href":"https:\/\/adfformosa.com.ar\/index.php?rest_route=%2Fwp%2Fv2%2Fcategories&post=4771"},{"taxonomy":"post_tag","embeddable":true,"href":"https:\/\/adfformosa.com.ar\/index.php?rest_route=%2Fwp%2Fv2%2Ftags&post=4771"}],"curies":[{"name":"wp","href":"https:\/\/api.w.org\/{rel}","templated":true}]}}