{"id":4768,"date":"2017-03-10T19:56:51","date_gmt":"2017-03-10T22:56:51","guid":{"rendered":"http:\/\/adfformosa.com.ar\/?p=4768"},"modified":"2017-03-15T20:00:08","modified_gmt":"2017-03-15T23:00:08","slug":"ctera-convoca-a-un-paro-nacional-y-jornada-de-protesta-docente-de-48-hs","status":"publish","type":"post","link":"https:\/\/adfformosa.com.ar\/?p=4768","title":{"rendered":"CTERA convoca a un Paro Nacional y Jornada de Protesta Docente de 48 hs"},"content":{"rendered":"<div id=\"s-share-buttons\" class=\"horizontal-w-c-r-border s-share-w-c\"><a href=\"http:\/\/www.facebook.com\/sharer.php?u=https:\/\/adfformosa.com.ar\/?p=4768\" target=\"_blank\" title=\"Share to Facebook\" class=\"s3-facebook hint--top\"><\/a><a href=\"http:\/\/twitter.com\/intent\/tweet?text=CTERA convoca a un Paro Nacional y Jornada de Protesta Docente de 48 hs&url=https:\/\/adfformosa.com.ar\/?p=4768\" target=\"_blank\"  title=\"Share to Twitter\" class=\"s3-twitter hint--top\"><\/a><a href=\"https:\/\/plus.google.com\/share?url=https:\/\/adfformosa.com.ar\/?p=4768\" target=\"_blank\"  title=\"Share to Google Plus\" class=\"s3-google-plus hint--top\"><\/a><a href=\"http:\/\/www.digg.com\/submit?url=https:\/\/adfformosa.com.ar\/?p=4768\" target=\"_blank\"  title=\"Share to Digg\" class=\"s3-digg hint--top\"><\/a><a href=\"http:\/\/www.tumblr.com\/share\/link?url=https%3A%2F%2Fadfformosa.com.ar%2F%3Fp%3D4768&name=CTERA+convoca+a+un+Paro+Nacional+y+Jornada+de+Protesta+Docente+de+48+hs\" target=\"_blank\" title=\"Share to Tumblr\" class=\"s3-tumblr hint--top\"><\/a><a href=\"mailto:?Subject=CTERA%20convoca%20a%20un%20Paro%20Nacional%20y%20Jornada%20de%20Protesta%20Docente%20de%2048%20hs&Body=Here%20is%20the%20link%20to%20the%20article:%20https:\/\/adfformosa.com.ar\/?p=4768\" title=\"Email this article\" class=\"s3-email hint--top\"><\/a><\/div><blockquote>\n<h2 style=\"text-align: center;\"><img loading=\"lazy\" decoding=\"async\" class=\"aligncenter wp-image-4769 size-full\" src=\"https:\/\/adfformosa.com.ar\/wp-content\/uploads\/2017\/03\/paro-15-y16-e1489618751122.jpg\" alt=\"\" width=\"500\" height=\"320\" \/><span style=\"color: #00ccff;\">La CTERA convoca a un \u00abParo Nacional y Jornada de Protesta Docente\u00bb de 48 hs. el pr\u00f3ximo mi\u00e9rcoles 15 y jueves 16 de marzo<\/span><\/h2>\n<p style=\"text-align: left;\">Buenos Aires, viernes 10 de marzo de 2017<\/p>\n<p style=\"text-align: left;\">En el marco de lo resuelto por el Congreso de CTERA y ante el incumplimiento del Ministerio de Trabajo de convocar a la Paritaria Nacional Docente y frente a los numerosos conflictos provinciales, los \u201ctechos salariales\u201d, la ausencia de propue<span class=\"text_exposed_show\">stas a convocatoria en varias provincias, la situaci\u00f3n de los despidos en el Ministerio de Educaci\u00f3n, de los tutores del INFoD y de los Planes Socioeducativos, la CTERA convoca a un Paro Nacional y Jornada de Protesta Docente para el 15 y 16 de marzo en camino a la Marcha Federal Educativa del 21 y 22 de marzo.<\/span><\/p>\n<\/blockquote>\n<div class=\"text_exposed_show\">\n<blockquote>\n<p style=\"text-align: left;\">Los d\u00edas 15 y 16 se realizar\u00e1n acciones en todo el pa\u00eds: actos, marchas, radios abiertas, foros educativos, abrazos en las escuelas, entrega de volantes, etc.<\/p>\n<p style=\"text-align: left;\">CTERA iniciar\u00e1 acciones judiciales contra el Ministro de la Naci\u00f3n Esteban Bullrich ante el incumplimiento de la Ley de Financiamiento Educativo.<\/p>\n<p style=\"text-align: left;\">CTERA exige al Ministerio de Trabajo de la Naci\u00f3n que convoque a la Paritaria Nacional Docente, como forma de resolver los conflictos en todo el pa\u00eds .<\/p>\n<p style=\"text-align: left;\">\n<p style=\"text-align: left;\">Sonia Alesso-Secretaria General de CTERA<br \/>\nAlejo Demichelis -Secretario de Prensa<\/p>\n<\/blockquote>\n<\/div>\n","protected":false},"excerpt":{"rendered":"<p>La CTERA convoca a un \u00abParo Nacional y Jornada de Protesta Docente\u00bb de 48 hs. el pr\u00f3ximo mi\u00e9rcoles 15 y jueves 16 de marzo Buenos Aires, viernes 10 de marzo&#8230; <span class=\"meta-more\"><a href=\"https:\/\/adfformosa.com.ar\/?p=4768\">Leer mas &raquo;<\/a><\/span><\/p>\n","protected":false},"author":3,"featured_media":4769,"comment_status":"open","ping_status":"closed","sticky":false,"template":"","format":"standard","meta":{"footnotes":""},"categories":[2],"tags":[],"class_list":["post-4768","post","type-post","status-publish","format-standard","has-post-thumbnail","hentry","category-prensa-adf","even alt"],"_links":{"self":[{"href":"https:\/\/adfformosa.com.ar\/index.php?rest_route=\/wp\/v2\/posts\/4768","targetHints":{"allow":["GET"]}}],"collection":[{"href":"https:\/\/adfformosa.com.ar\/index.php?rest_route=\/wp\/v2\/posts"}],"about":[{"href":"https:\/\/adfformosa.com.ar\/index.php?rest_route=\/wp\/v2\/types\/post"}],"author":[{"embeddable":true,"href":"https:\/\/adfformosa.com.ar\/index.php?rest_route=\/wp\/v2\/users\/3"}],"replies":[{"embeddable":true,"href":"https:\/\/adfformosa.com.ar\/index.php?rest_route=%2Fwp%2Fv2%2Fcomments&post=4768"}],"version-history":[{"count":1,"href":"https:\/\/adfformosa.com.ar\/index.php?rest_route=\/wp\/v2\/posts\/4768\/revisions"}],"predecessor-version":[{"id":4770,"href":"https:\/\/adfformosa.com.ar\/index.php?rest_route=\/wp\/v2\/posts\/4768\/revisions\/4770"}],"wp:featuredmedia":[{"embeddable":true,"href":"https:\/\/adfformosa.com.ar\/index.php?rest_route=\/wp\/v2\/media\/4769"}],"wp:attachment":[{"href":"https:\/\/adfformosa.com.ar\/index.php?rest_route=%2Fwp%2Fv2%2Fmedia&parent=4768"}],"wp:term":[{"taxonomy":"category","embeddable":true,"href":"https:\/\/adfformosa.com.ar\/index.php?rest_route=%2Fwp%2Fv2%2Fcategories&post=4768"},{"taxonomy":"post_tag","embeddable":true,"href":"https:\/\/adfformosa.com.ar\/index.php?rest_route=%2Fwp%2Fv2%2Ftags&post=4768"}],"curies":[{"name":"wp","href":"https:\/\/api.w.org\/{rel}","templated":true}]}}